{"id":10040,"date":"2025-07-04T00:40:36","date_gmt":"2025-07-04T00:40:36","guid":{"rendered":"https:\/\/societyofthemostholyredeemer.org\/?p=10040"},"modified":"2025-09-12T23:58:24","modified_gmt":"2025-09-12T23:58:24","slug":"july-2025-calendar","status":"publish","type":"post","link":"https:\/\/societyofthemostholyredeemer.org\/es\/2025\/07\/04\/july-2025-calendar\/","title":{"rendered":"CALENDARIO JULIO 2025"},"content":{"rendered":"<div data-elementor-type=\"wp-post\" data-elementor-id=\"10040\" class=\"elementor elementor-10040\" data-elementor-post-type=\"post\">\n\t\t\t\t<div class=\"elementor-element elementor-element-732e06f e-flex e-con-boxed e-con e-parent\" data-id=\"732e06f\" data-element_type=\"container\" data-e-type=\"container\">\n\t\t\t\t\t<div class=\"e-con-inner\">\n\t\t\t\t<div class=\"elementor-element elementor-element-f33ecb8 elementor-widget__width-inherit elementor-widget elementor-widget-text-editor\" data-id=\"f33ecb8\" data-element_type=\"widget\" data-e-type=\"widget\" data-widget_type=\"text-editor.default\">\n\t\t\t\t<div class=\"elementor-widget-container\">\n\t\t\t\t\t\t\t\t\t<p>\u00a0 \u00a0 \u00a0Ya se ha publicado el calendario de julio. Os animamos a que os fij\u00e9is y apreci\u00e9is la riqueza de la liturgia significativa de las celebraciones lit\u00fargicas anteriores a 1955, su claridad y forma abarcadora de presentar -a trav\u00e9s de las manos del sacerdote- nuestras oraciones al Se\u00f1or, en unidad con todas las intenciones y oraciones tradicionales que la Santa Madre Iglesia nos manda recordar en todas las Misas del mes.  La liturgia pre-Bugnini es, sin duda, la mejor y m\u00e1s coherente forma de defender nuestra fe cat\u00f3lica tradicional en los tiempos actuales.<\/p><p>\u00a0 \u00a0 \u00a0El mes de julio, dedicado a la Precios\u00edsima Sangre, comienza con la doble de la fiesta de primera clase de la Precios\u00edsima Sangre de Jes\u00fas, el d\u00eda de la Octava de la Natividad de San Juan Bautista, durante la Octava del Sagrado Coraz\u00f3n, tambi\u00e9n, la Octava de los Santos Ap\u00f3stoles Pedro y Pablo.  Tambi\u00e9n en este mes, los Redentoristas tienen el privilegio de celebrar la Solemnidad del Sant\u00edsimo Redentor, el tercer domingo de julio, con una octava com\u00fan.<\/p><p>\u00a0 \u00a0 \u00a0Celebramos la fiesta de la Visitaci\u00f3n de la Sant\u00edsima Virgen Mar\u00eda, el 2 de julio, y la conmemoraci\u00f3n de Nuestra Se\u00f1ora del Carmen, el 16 de julio.  Recordamos la tercera aparici\u00f3n de Nuestra Se\u00f1ora en F\u00e1tima, el 13 de julio, fecha en la que, en 1917, revel\u00f3 el \"Secreto\" en tres partes, del que a\u00fan esperamos la revelaci\u00f3n completa.  La madre de la Virgen Mar\u00eda, Santa Ana, es honrada el 26 de julio.<sup>th<\/sup>Otras fiestas importantes son las de Santa Mar\u00eda Magdalena, el 22 de julio, y Santiago el Mayor, el 25 de julio.<sup>th<\/sup>y San Ignacio de Loyola el 31 de diciembre.<sup>st<\/sup>.<\/p><p>\u00a0 \u00a0 \u00a0La exaltaci\u00f3n de la Precios\u00edsima Sangre es un objetivo particularmente importante de nuestra Sociedad, como reza nuestro lema: \"<em>Habemus redemptionem per Sanguinem Eius<\/em> - Tenemos redenci\u00f3n por su Sangre\" (Ef. i., 7; y Col. i., 14).  Y para este fin ofrecemos una oraci\u00f3n de <em>Libro de oraciones de San Alfonso<\/em>:<\/p><p style=\"padding-left: 40px;\"><em>\u00a0 \u00a0 \u00a0As\u00ed pues, Jes\u00fas m\u00edo, para salvar mi alma, has preparado un ba\u00f1o de tu propia sangre para limpiarla de la suciedad de sus pecados.  Si, entonces, nuestras almas han sido compradas por Tu Sangre, \"Porque hab\u00e9is sido comprados a gran precio,\" (1 Cor. vi., 20), es se\u00f1al de que T\u00fa las amas mucho; y como T\u00fa las amas, oremos as\u00ed a Ti: \"Te rogamos, pues, que ayudes a tus siervos, a quienes has redimido con Tu preciosa Sangre.\"  Es verdad que por mis pecados me he separado de Ti, y te he perdido a sabiendas.  Pero recuerda, Jes\u00fas m\u00edo, que T\u00fa me has comprado con Tu Sangre.  Ah, que esta Sangre no haya sido dada en vano por m\u00ed, que fue derramada con tanto dolor y tanto amor.<\/em><\/p>\t\t\t\t\t\t\t\t<\/div>\n\t\t\t\t<\/div>\n\t\t\t\t\t<\/div>\n\t\t\t\t<\/div>\n\t\t<div class=\"elementor-element elementor-element-2c90a36 e-flex e-con-boxed e-con e-parent\" data-id=\"2c90a36\" data-element_type=\"container\" data-e-type=\"container\">\n\t\t\t\t\t<div class=\"e-con-inner\">\n\t\t\t\t<div class=\"elementor-element elementor-element-ca5072c elementor-widget elementor-widget-gallery\" data-id=\"ca5072c\" data-element_type=\"widget\" data-e-type=\"widget\" data-settings=\"{&quot;columns&quot;:1,&quot;lazyload&quot;:&quot;yes&quot;,&quot;gallery_layout&quot;:&quot;grid&quot;,&quot;columns_tablet&quot;:2,&quot;columns_mobile&quot;:1,&quot;gap&quot;:{&quot;unit&quot;:&quot;px&quot;,&quot;size&quot;:10,&quot;sizes&quot;:[]},&quot;gap_tablet&quot;:{&quot;unit&quot;:&quot;px&quot;,&quot;size&quot;:10,&quot;sizes&quot;:[]},&quot;gap_mobile&quot;:{&quot;unit&quot;:&quot;px&quot;,&quot;size&quot;:10,&quot;sizes&quot;:[]},&quot;link_to&quot;:&quot;file&quot;,&quot;aspect_ratio&quot;:&quot;3:2&quot;,&quot;overlay_background&quot;:&quot;yes&quot;,&quot;content_hover_animation&quot;:&quot;fade-in&quot;}\" data-widget_type=\"gallery.default\">\n\t\t\t\t<div class=\"elementor-widget-container\">\n\t\t\t\t\t\t\t<div class=\"elementor-gallery__container\">\n\t\t\t\t\t\t\t<a class=\"e-gallery-item elementor-gallery-item elementor-animated-content\" href=\"https:\/\/societyofthemostholyredeemer.org\/wp-content\/uploads\/2025\/07\/2025_7_July_newest-scaled.jpg\" data-elementor-open-lightbox=\"yes\" data-elementor-lightbox-slideshow=\"ca5072c\" data-e-action-hash=\"#elementor-action%3Aaction%3Dlightbox%26settings%3DeyJpZCI6MTAyNzYsInVybCI6Imh0dHBzOlwvXC9zb2NpZXR5b2Z0aGVtb3N0aG9seXJlZGVlbWVyLm9yZ1wvd3AtY29udGVudFwvdXBsb2Fkc1wvMjAyNVwvMDdcLzIwMjVfN19KdWx5X25ld2VzdC1zY2FsZWQuanBnIiwic2xpZGVzaG93IjoiY2E1MDcyYyJ9\">\n\t\t\t\t\t<div class=\"e-gallery-image elementor-gallery-item__image\" data-thumbnail=\"https:\/\/societyofthemostholyredeemer.org\/wp-content\/uploads\/2025\/07\/2025_7_July_newest-300x205.jpg\" data-width=\"300\" data-height=\"205\" aria-label=\"\" role=\"img\" ><\/div>\n\t\t\t\t\t\t\t\t\t\t\t<div class=\"elementor-gallery-item__overlay\"><\/div>\n\t\t\t\t\t\t\t\t\t\t\t\t\t\t<\/a>\n\t\t\t\t\t<\/div>\n\t\t\t\t\t<\/div>\n\t\t\t\t<\/div>\n\t\t\t\t\t<\/div>\n\t\t\t\t<\/div>\n\t\t<div class=\"elementor-element elementor-element-6d3ec76 e-flex e-con-boxed e-con e-parent\" data-id=\"6d3ec76\" data-element_type=\"container\" data-e-type=\"container\">\n\t\t\t\t\t<div class=\"e-con-inner\">\n\t\t\t\t<div class=\"elementor-element elementor-element-41af848 elementor-widget elementor-widget-text-editor\" data-id=\"41af848\" data-element_type=\"widget\" data-e-type=\"widget\" data-widget_type=\"text-editor.default\">\n\t\t\t\t<div class=\"elementor-widget-container\">\n\t\t\t\t\t\t\t\t\t<p>\u00a0 \u00a0 \u00a0Si desea ver las p\u00e1ginas del calendario de otros meses del a\u00f1o en curso o de a\u00f1os anteriores, puede consultar la secci\u00f3n\u00a0<a href=\"https:\/\/societyofthemostholyredeemer.org\/es\/liturgical-calendars\/\">Calendarios lit\u00fargicos<\/a>\u00a0de nuestro sitio web.<\/p>\t\t\t\t\t\t\t\t<\/div>\n\t\t\t\t<\/div>\n\t\t\t\t\t<\/div>\n\t\t\t\t<\/div>\n\t\t\t\t<\/div>","protected":false},"excerpt":{"rendered":"<p>The July calendar has been posted. We encourage you to notice and appreciate the richness of the meaningful liturgy of the pre-1955 liturgical celebrations, its clarity and encompassing way of presenting \u2013through the hands of the priest\u2013 our prayers to &hellip; <a class=\"continue_reading\" href=\"https:\/\/societyofthemostholyredeemer.org\/es\/2025\/07\/04\/july-2025-calendar\/\">Seguir leyendo <span class=\"meta-nav\"><i class=\"fa fa-caret-right\" aria-hidden=\"true\"><\/i><\/span><\/a><\/p>","protected":false},"author":3,"featured_media":10041,"comment_status":"open","ping_status":"open","sticky":false,"template":"","format":"standard","meta":{"_acf_changed":false,"footnotes":""},"categories":[25],"tags":[],"class_list":["post-10040","post","type-post","status-publish","format-standard","has-post-thumbnail","hentry","category-liturgical-calendar"],"acf":[],"_links":{"self":[{"href":"https:\/\/societyofthemostholyredeemer.org\/es\/wp-json\/wp\/v2\/posts\/10040","targetHints":{"allow":["GET"]}}],"collection":[{"href":"https:\/\/societyofthemostholyredeemer.org\/es\/wp-json\/wp\/v2\/posts"}],"about":[{"href":"https:\/\/societyofthemostholyredeemer.org\/es\/wp-json\/wp\/v2\/types\/post"}],"author":[{"embeddable":true,"href":"https:\/\/societyofthemostholyredeemer.org\/es\/wp-json\/wp\/v2\/users\/3"}],"replies":[{"embeddable":true,"href":"https:\/\/societyofthemostholyredeemer.org\/es\/wp-json\/wp\/v2\/comments?post=10040"}],"version-history":[{"count":21,"href":"https:\/\/societyofthemostholyredeemer.org\/es\/wp-json\/wp\/v2\/posts\/10040\/revisions"}],"predecessor-version":[{"id":10950,"href":"https:\/\/societyofthemostholyredeemer.org\/es\/wp-json\/wp\/v2\/posts\/10040\/revisions\/10950"}],"wp:featuredmedia":[{"embeddable":true,"href":"https:\/\/societyofthemostholyredeemer.org\/es\/wp-json\/wp\/v2\/media\/10041"}],"wp:attachment":[{"href":"https:\/\/societyofthemostholyredeemer.org\/es\/wp-json\/wp\/v2\/media?parent=10040"}],"wp:term":[{"taxonomy":"category","embeddable":true,"href":"https:\/\/societyofthemostholyredeemer.org\/es\/wp-json\/wp\/v2\/categories?post=10040"},{"taxonomy":"post_tag","embeddable":true,"href":"https:\/\/societyofthemostholyredeemer.org\/es\/wp-json\/wp\/v2\/tags?post=10040"}],"curies":[{"name":"wp","href":"https:\/\/api.w.org\/{rel}","templated":true}]}}