{"id":10213,"date":"2025-07-16T17:16:29","date_gmt":"2025-07-16T17:16:29","guid":{"rendered":"https:\/\/societyofthemostholyredeemer.org\/?p=10213"},"modified":"2025-07-20T01:09:13","modified_gmt":"2025-07-20T01:09:13","slug":"july-16-commemoration-of-the-blessed-virgin-mary-of-mount-carmel","status":"publish","type":"post","link":"https:\/\/societyofthemostholyredeemer.org\/es\/2025\/07\/16\/july-16-commemoration-of-the-blessed-virgin-mary-of-mount-carmel\/","title":{"rendered":"16 DE JULIO: CONMEMORACI\u00d3N DE LA BEATA VIRGEN MAR\u00cdA DEL MONTE CARMELO"},"content":{"rendered":"<div data-elementor-type=\"wp-post\" data-elementor-id=\"10213\" class=\"elementor elementor-10213\" data-elementor-post-type=\"post\">\n\t\t\t\t<div class=\"elementor-element elementor-element-6b46150 e-flex e-con-boxed e-con e-parent\" data-id=\"6b46150\" data-element_type=\"container\" data-e-type=\"container\">\n\t\t\t\t\t<div class=\"e-con-inner\">\n\t\t\t\t<div class=\"elementor-element elementor-element-2fc3bc3 elementor-widget elementor-widget-image\" data-id=\"2fc3bc3\" data-element_type=\"widget\" data-e-type=\"widget\" data-widget_type=\"image.default\">\n\t\t\t\t<div class=\"elementor-widget-container\">\n\t\t\t\t\t\t\t\t\t\t\t\t\t\t\t<img fetchpriority=\"high\" decoding=\"async\" width=\"198\" height=\"255\" src=\"https:\/\/societyofthemostholyredeemer.org\/wp-content\/uploads\/2025\/07\/St-Alphonsus-scapular.jpg\" class=\"attachment-large size-large wp-image-10215\" alt=\"\" srcset=\"https:\/\/societyofthemostholyredeemer.org\/wp-content\/uploads\/2025\/07\/St-Alphonsus-scapular.jpg 198w, https:\/\/societyofthemostholyredeemer.org\/wp-content\/uploads\/2025\/07\/St-Alphonsus-scapular-9x12.jpg 9w\" sizes=\"(max-width: 198px) 100vw, 198px\" \/>\t\t\t\t\t\t\t\t\t\t\t\t\t\t\t<\/div>\n\t\t\t\t<\/div>\n\t\t\t\t\t<\/div>\n\t\t\t\t<\/div>\n\t\t<div class=\"elementor-element elementor-element-38623b3 e-flex e-con-boxed e-con e-parent\" data-id=\"38623b3\" data-element_type=\"container\" data-e-type=\"container\">\n\t\t\t\t\t<div class=\"e-con-inner\">\n\t\t\t\t<div class=\"elementor-element elementor-element-cfbf853 elementor-widget elementor-widget-text-editor\" data-id=\"cfbf853\" data-element_type=\"widget\" data-e-type=\"widget\" data-widget_type=\"text-editor.default\">\n\t\t\t\t<div class=\"elementor-widget-container\">\n\t\t\t\t\t\t\t\t\t<p>Desde el <em>Misal de San Andr\u00e9s<\/em> (1945):<\/p><p>\u00a0 \u00a0 \u00a0\"Seg\u00fan una piadosa tradici\u00f3n autorizada por la liturgia, el d\u00eda de Pentecost\u00e9s un n\u00famero de hombres que caminaban tras las huellas de los santos profetas El\u00edas y Eliseo, y a quienes Juan el Bautista hab\u00eda preparado para el advenimiento de Jes\u00fas, abrazaron la fe cristiana y erigieron la primera iglesia a la Sant\u00edsima Virgen en el monte Carmelo, en el mismo lugar donde El\u00edas hab\u00eda visto surgir una nube, figura de la fecundidad de la Madre de Dios.  Se llamaron Hermanos de la Bienaventurada Mar\u00eda del Monte Carmelo.  Estos religiosos llegaron a Europa en el siglo XIII y en 1245 Inocencio IV dio su aprobaci\u00f3n a su gobierno bajo el generalato de Sim\u00f3n Stock, un santo ingl\u00e9s.<\/p><p>\u00a0 \u00a0 \u00a0\"El 16 de julio de 1251, Mar\u00eda se apareci\u00f3 al ferviente siervo y puso en sus manos el h\u00e1bito que iba a ser su signo distintivo.  Inocencio IV bendijo este h\u00e1bito y le concedi\u00f3 muchos privilegios, no s\u00f3lo para los miembros de la Orden, sino tambi\u00e9n para los que ingresaban en la Cofrad\u00eda de Nuestra Se\u00f1ora del Carmen.  Llevando el escapulario, que es de forma m\u00e1s peque\u00f1a que el de los Padres Carmelitas, participan de todos sus m\u00e9ritos y pueden esperar obtener por medio de la Virgen una pronta liberaci\u00f3n del purgatorio, si han observado fielmente la abstinencia, la castidad seg\u00fan su estado, y rezado las oraciones prescritas por Juan XXII, en la bula Sabatina, publicada el 3 de marzo de 1322.  La fiesta de Nuestra Se\u00f1ora del Carmen, al principio celebrada s\u00f3lo en las iglesias de la Orden, fue extendida a toda la cristiandad por Benedicto XIII, en 1726.\"<\/p><hr \/><p>\u00a0 \u00a0 \u00a0San Alfonso, ferviente devoto de la Sant\u00edsima Virgen Mar\u00eda, vest\u00eda fielmente el escapulario marr\u00f3n carmelita.  Escribi\u00f3, en <em>Las Glorias de Mar\u00eda<\/em>:<\/p><p style=\"padding-left: 40px;\">\u00a0 \u00a0 \u00a0\"Como los hombres estiman un honor tener personas que lleven su librea, as\u00ed tambi\u00e9n la Sant\u00edsima Virgen se complace en que sus clientes lleven su escapulario, como se\u00f1al de que se han dedicado a su servicio, y de que son miembros de la casa de la Madre de Dios.\"\u00a0<\/p><p>\u00a0 \u00a0 \u00a0Muchos a\u00f1os despu\u00e9s de la muerte de San Alfonso, se abri\u00f3 su tumba, y aunque su cuerpo y los ornamentos sacerdotales con los que fue enterrado se hab\u00edan convertido en polvo, su escapulario marr\u00f3n se encontr\u00f3 completamente intacto.  Su escapulario milagroso, en la foto de arriba, est\u00e1 expuesto en su monasterio de Roma, y es el escapulario m\u00e1s antiguo que existe en el mundo, demostrando, como dijo una vez el Papa Benedicto XV, que el Escapulario Marr\u00f3n lleva consigo una gracia que es evidente incluso despu\u00e9s de la muerte.<\/p>\t\t\t\t\t\t\t\t<\/div>\n\t\t\t\t<\/div>\n\t\t\t\t\t<\/div>\n\t\t\t\t<\/div>\n\t\t\t\t<\/div>","protected":false},"excerpt":{"rendered":"<p>Del Misal de San Andr\u00e9s (1945):      \"Seg\u00fan una piadosa tradici\u00f3n autorizada por la liturgia, el d\u00eda de Pentecost\u00e9s un n\u00famero de hombres que caminaban tras las huellas de los santos profetas El\u00edas y Eliseo, y que ... <a class=\"continue_reading\" href=\"https:\/\/societyofthemostholyredeemer.org\/es\/2025\/07\/16\/july-16-commemoration-of-the-blessed-virgin-mary-of-mount-carmel\/\">Seguir leyendo <span class=\"meta-nav\"><i class=\"fa fa-caret-right\" aria-hidden=\"true\"><\/i><\/span><\/a><\/p>","protected":false},"author":3,"featured_media":10214,"comment_status":"open","ping_status":"open","sticky":false,"template":"","format":"standard","meta":{"_acf_changed":false,"footnotes":""},"categories":[1],"tags":[],"class_list":["post-10213","post","type-post","status-publish","format-standard","has-post-thumbnail","hentry","category-uncategorized"],"acf":[],"_links":{"self":[{"href":"https:\/\/societyofthemostholyredeemer.org\/es\/wp-json\/wp\/v2\/posts\/10213","targetHints":{"allow":["GET"]}}],"collection":[{"href":"https:\/\/societyofthemostholyredeemer.org\/es\/wp-json\/wp\/v2\/posts"}],"about":[{"href":"https:\/\/societyofthemostholyredeemer.org\/es\/wp-json\/wp\/v2\/types\/post"}],"author":[{"embeddable":true,"href":"https:\/\/societyofthemostholyredeemer.org\/es\/wp-json\/wp\/v2\/users\/3"}],"replies":[{"embeddable":true,"href":"https:\/\/societyofthemostholyredeemer.org\/es\/wp-json\/wp\/v2\/comments?post=10213"}],"version-history":[{"count":13,"href":"https:\/\/societyofthemostholyredeemer.org\/es\/wp-json\/wp\/v2\/posts\/10213\/revisions"}],"predecessor-version":[{"id":10250,"href":"https:\/\/societyofthemostholyredeemer.org\/es\/wp-json\/wp\/v2\/posts\/10213\/revisions\/10250"}],"wp:featuredmedia":[{"embeddable":true,"href":"https:\/\/societyofthemostholyredeemer.org\/es\/wp-json\/wp\/v2\/media\/10214"}],"wp:attachment":[{"href":"https:\/\/societyofthemostholyredeemer.org\/es\/wp-json\/wp\/v2\/media?parent=10213"}],"wp:term":[{"taxonomy":"category","embeddable":true,"href":"https:\/\/societyofthemostholyredeemer.org\/es\/wp-json\/wp\/v2\/categories?post=10213"},{"taxonomy":"post_tag","embeddable":true,"href":"https:\/\/societyofthemostholyredeemer.org\/es\/wp-json\/wp\/v2\/tags?post=10213"}],"curies":[{"name":"wp","href":"https:\/\/api.w.org\/{rel}","templated":true}]}}