{"id":10951,"date":"2025-09-13T00:00:14","date_gmt":"2025-09-13T00:00:14","guid":{"rendered":"https:\/\/societyofthemostholyredeemer.org\/?p=10951"},"modified":"2025-10-31T23:11:24","modified_gmt":"2025-10-31T23:11:24","slug":"september-2025-calendar","status":"publish","type":"post","link":"https:\/\/societyofthemostholyredeemer.org\/es\/2025\/09\/13\/september-2025-calendar\/","title":{"rendered":"SEPTEMBER 2025 CALENDAR"},"content":{"rendered":"<div data-elementor-type=\"wp-post\" data-elementor-id=\"10951\" class=\"elementor elementor-10951\" data-elementor-post-type=\"post\">\n\t\t\t\t<div class=\"elementor-element elementor-element-732e06f e-flex e-con-boxed e-con e-parent\" data-id=\"732e06f\" data-element_type=\"container\" data-e-type=\"container\">\n\t\t\t\t\t<div class=\"e-con-inner\">\n\t\t\t\t<div class=\"elementor-element elementor-element-f33ecb8 elementor-widget__width-inherit elementor-widget elementor-widget-text-editor\" data-id=\"f33ecb8\" data-element_type=\"widget\" data-e-type=\"widget\" data-widget_type=\"text-editor.default\">\n\t\t\t\t<div class=\"elementor-widget-container\">\n\t\t\t\t\t\t\t\t\t<p>\u00a0 \u00a0 \u00a0The September calendar has been posted.\u00a0 We encourage you to notice and appreciate the richness of the meaningful liturgy of the pre-1955 liturgical celebrations, its clarity and encompassing way of presenting \u2013through the hands of the priest\u2013 our prayers to the Lord, in unity with all the traditional intentions and orations the Holy Mother Church instructs us to recall in all Masses of the month.\u00a0 The pre-Bugnini liturgy is, without doubt, the best and most coherent way of defending our traditional Catholic faith in the present time.<\/p><p>\u00a0 \u00a0 \u00a0The month of September, dedicated to the Seven Sorrows of the Blessed Virgin Mary, contains several days wherein we honor most holy Mary in a special way: the <em>Feast of the<\/em> <em>Nativity of the Blessed Virgin<\/em>, on the 8th, with a simple octave that ends on the <em>Feast of the<\/em> <em>Seven Sorrows of the Blessed Virgin<\/em> on the 15th.\u00a0 The <em>Most Holy Name of Mary<\/em> occurs on the 12th and <em>Our Lady of Ransom<\/em> on the 24th.\u00a0 The liturgy for two of the Saturdays of this month \u2013 the 6th and the 13th \u2013 is the Mass of Our Lady on Saturday.\u00a0 Although these days are not reflected in the calendar, on the 13th we recall the fifth apparition of Our Lady at Fatima in 1917, and on the 19th, the apparition of Our Lady at La Salette in 1846.<\/p><p>\u00a0\u00a0\u00a0\u00a0 This year, the Sunday liturgy is superseded by a higher-ranked Mass on two occasions: September 14, the <em>Exaltation of the Holy Cross<\/em> and on September 21, the <em>Feast of St. Matthew<\/em>, <em>Apostle and Evangelist<\/em>.\u00a0 While the <em>Exaltation of the Holy Cross<\/em> has the rank of Double Major, and feasts of this rank are normally commemorated when they fall on a Sunday, this is a feast of Our Lord and therefore has a higher precedence than a Lesser Sunday.\u00a0 The Sunday liturgy is commemorated on these two dates.<\/p><p>\u00a0 \u00a0 \u00a0The fall <em>Ember Days<\/em> are celebrated on the Wednesday, Friday and Saturday following the <em>Exaltation of the Holy Cross<\/em>: September 17, 19, and 20.<\/p><p>\u00a0 \u00a0 \u00a0Finally, during this month, the Society of the Most Holy Redeemer remembers two holy souls: Bl. Maria Celeste Crostarosa, foundress of the Order of the Most Holy Redeemer (known as the Redemptoristines), whose feast day is September 11, and Bl. Kaspar Stanggassinger, C.Ss.R., on September 26.<\/p>\t\t\t\t\t\t\t\t<\/div>\n\t\t\t\t<\/div>\n\t\t\t\t\t<\/div>\n\t\t\t\t<\/div>\n\t\t<div class=\"elementor-element elementor-element-2c90a36 e-flex e-con-boxed e-con e-parent\" data-id=\"2c90a36\" data-element_type=\"container\" data-e-type=\"container\">\n\t\t\t\t\t<div class=\"e-con-inner\">\n\t\t\t\t<div class=\"elementor-element elementor-element-ca5072c elementor-widget elementor-widget-gallery\" data-id=\"ca5072c\" data-element_type=\"widget\" data-e-type=\"widget\" data-settings=\"{&quot;columns&quot;:1,&quot;lazyload&quot;:&quot;yes&quot;,&quot;gallery_layout&quot;:&quot;grid&quot;,&quot;columns_tablet&quot;:2,&quot;columns_mobile&quot;:1,&quot;gap&quot;:{&quot;unit&quot;:&quot;px&quot;,&quot;size&quot;:10,&quot;sizes&quot;:[]},&quot;gap_tablet&quot;:{&quot;unit&quot;:&quot;px&quot;,&quot;size&quot;:10,&quot;sizes&quot;:[]},&quot;gap_mobile&quot;:{&quot;unit&quot;:&quot;px&quot;,&quot;size&quot;:10,&quot;sizes&quot;:[]},&quot;link_to&quot;:&quot;file&quot;,&quot;aspect_ratio&quot;:&quot;3:2&quot;,&quot;overlay_background&quot;:&quot;yes&quot;,&quot;content_hover_animation&quot;:&quot;fade-in&quot;}\" data-widget_type=\"gallery.default\">\n\t\t\t\t<div class=\"elementor-widget-container\">\n\t\t\t\t\t\t\t<div class=\"elementor-gallery__container\">\n\t\t\t\t\t\t\t<a class=\"e-gallery-item elementor-gallery-item elementor-animated-content\" href=\"https:\/\/societyofthemostholyredeemer.org\/wp-content\/uploads\/2025\/07\/2025_9_Sep-scaled.jpg\" data-elementor-open-lightbox=\"yes\" data-elementor-lightbox-slideshow=\"ca5072c\" data-e-action-hash=\"#elementor-action%3Aaction%3Dlightbox%26settings%3DeyJpZCI6MTA0MTcsInVybCI6Imh0dHBzOlwvXC9zb2NpZXR5b2Z0aGVtb3N0aG9seXJlZGVlbWVyLm9yZ1wvd3AtY29udGVudFwvdXBsb2Fkc1wvMjAyNVwvMDdcLzIwMjVfOV9TZXAtc2NhbGVkLmpwZyIsInNsaWRlc2hvdyI6ImNhNTA3MmMifQ%3D%3D\">\n\t\t\t\t\t<div class=\"e-gallery-image elementor-gallery-item__image\" data-thumbnail=\"https:\/\/societyofthemostholyredeemer.org\/wp-content\/uploads\/2025\/07\/2025_9_Sep-300x204.jpg\" data-width=\"300\" data-height=\"204\" aria-label=\"\" role=\"img\" ><\/div>\n\t\t\t\t\t\t\t\t\t\t\t<div class=\"elementor-gallery-item__overlay\"><\/div>\n\t\t\t\t\t\t\t\t\t\t\t\t\t\t<\/a>\n\t\t\t\t\t<\/div>\n\t\t\t\t\t<\/div>\n\t\t\t\t<\/div>\n\t\t\t\t\t<\/div>\n\t\t\t\t<\/div>\n\t\t<div class=\"elementor-element elementor-element-6d3ec76 e-flex e-con-boxed e-con e-parent\" data-id=\"6d3ec76\" data-element_type=\"container\" data-e-type=\"container\">\n\t\t\t\t\t<div class=\"e-con-inner\">\n\t\t\t\t<div class=\"elementor-element elementor-element-41af848 elementor-widget elementor-widget-text-editor\" data-id=\"41af848\" data-element_type=\"widget\" data-e-type=\"widget\" data-widget_type=\"text-editor.default\">\n\t\t\t\t<div class=\"elementor-widget-container\">\n\t\t\t\t\t\t\t\t\t<p>\u00a0 \u00a0 \u00a0Si desea ver las p\u00e1ginas del calendario de otros meses del a\u00f1o en curso o de a\u00f1os anteriores, puede consultar la secci\u00f3n\u00a0<a href=\"https:\/\/societyofthemostholyredeemer.org\/es\/liturgical-calendars\/\">Calendarios lit\u00fargicos<\/a>\u00a0de nuestro sitio web.<\/p>\t\t\t\t\t\t\t\t<\/div>\n\t\t\t\t<\/div>\n\t\t\t\t\t<\/div>\n\t\t\t\t<\/div>\n\t\t<div class=\"elementor-element elementor-element-8afe378 e-flex e-con-boxed e-con e-parent\" data-id=\"8afe378\" data-element_type=\"container\" data-e-type=\"container\">\n\t\t\t\t\t<div class=\"e-con-inner\">\n\t\t\t\t\t<\/div>\n\t\t\t\t<\/div>\n\t\t\t\t<\/div>","protected":false},"excerpt":{"rendered":"<p>The September calendar has been posted.\u00a0 We encourage you to notice and appreciate the richness of the meaningful liturgy of the pre-1955 liturgical celebrations, its clarity and encompassing way of presenting \u2013through the hands of the priest\u2013 our prayers to &hellip; <a class=\"continue_reading\" href=\"https:\/\/societyofthemostholyredeemer.org\/es\/2025\/09\/13\/september-2025-calendar\/\">Seguir leyendo <span class=\"meta-nav\"><i class=\"fa fa-caret-right\" aria-hidden=\"true\"><\/i><\/span><\/a><\/p>","protected":false},"author":3,"featured_media":10952,"comment_status":"open","ping_status":"open","sticky":false,"template":"","format":"standard","meta":{"_acf_changed":false,"footnotes":""},"categories":[25],"tags":[],"class_list":["post-10951","post","type-post","status-publish","format-standard","has-post-thumbnail","hentry","category-liturgical-calendar"],"acf":[],"_links":{"self":[{"href":"https:\/\/societyofthemostholyredeemer.org\/es\/wp-json\/wp\/v2\/posts\/10951","targetHints":{"allow":["GET"]}}],"collection":[{"href":"https:\/\/societyofthemostholyredeemer.org\/es\/wp-json\/wp\/v2\/posts"}],"about":[{"href":"https:\/\/societyofthemostholyredeemer.org\/es\/wp-json\/wp\/v2\/types\/post"}],"author":[{"embeddable":true,"href":"https:\/\/societyofthemostholyredeemer.org\/es\/wp-json\/wp\/v2\/users\/3"}],"replies":[{"embeddable":true,"href":"https:\/\/societyofthemostholyredeemer.org\/es\/wp-json\/wp\/v2\/comments?post=10951"}],"version-history":[{"count":12,"href":"https:\/\/societyofthemostholyredeemer.org\/es\/wp-json\/wp\/v2\/posts\/10951\/revisions"}],"predecessor-version":[{"id":10972,"href":"https:\/\/societyofthemostholyredeemer.org\/es\/wp-json\/wp\/v2\/posts\/10951\/revisions\/10972"}],"wp:featuredmedia":[{"embeddable":true,"href":"https:\/\/societyofthemostholyredeemer.org\/es\/wp-json\/wp\/v2\/media\/10952"}],"wp:attachment":[{"href":"https:\/\/societyofthemostholyredeemer.org\/es\/wp-json\/wp\/v2\/media?parent=10951"}],"wp:term":[{"taxonomy":"category","embeddable":true,"href":"https:\/\/societyofthemostholyredeemer.org\/es\/wp-json\/wp\/v2\/categories?post=10951"},{"taxonomy":"post_tag","embeddable":true,"href":"https:\/\/societyofthemostholyredeemer.org\/es\/wp-json\/wp\/v2\/tags?post=10951"}],"curies":[{"name":"wp","href":"https:\/\/api.w.org\/{rel}","templated":true}]}}