{"id":12638,"date":"2026-05-01T19:28:08","date_gmt":"2026-05-01T19:28:08","guid":{"rendered":"https:\/\/societyofthemostholyredeemer.org\/?p=12638"},"modified":"2026-05-01T20:39:33","modified_gmt":"2026-05-01T20:39:33","slug":"may-2026-calendar","status":"publish","type":"post","link":"https:\/\/societyofthemostholyredeemer.org\/es\/2026\/05\/01\/may-2026-calendar\/","title":{"rendered":"MAY 2026 CALENDAR"},"content":{"rendered":"<div data-elementor-type=\"wp-post\" data-elementor-id=\"12638\" class=\"elementor elementor-12638\" data-elementor-post-type=\"post\">\n\t\t\t\t<div class=\"elementor-element elementor-element-1d54516 e-flex e-con-boxed e-con e-parent\" data-id=\"1d54516\" data-element_type=\"container\" data-e-type=\"container\">\n\t\t\t\t\t<div class=\"e-con-inner\">\n\t\t\t\t<div class=\"elementor-element elementor-element-cbe384c elementor-widget elementor-widget-text-editor\" data-id=\"cbe384c\" data-element_type=\"widget\" data-e-type=\"widget\" data-widget_type=\"text-editor.default\">\n\t\t\t\t<div class=\"elementor-widget-container\">\n\t\t\t\t\t\t\t\t\t<p>\u00a0 \u00a0 \u00a0Ya se ha publicado el calendario de mayo. Os animamos a que os fij\u00e9is y apreci\u00e9is la riqueza de la liturgia significativa de las celebraciones lit\u00fargicas anteriores a 1955, su claridad y forma abarcadora de presentar -a trav\u00e9s de las manos del sacerdote- nuestras oraciones al Se\u00f1or, en unidad con todas las intenciones y oraciones tradicionales que la Santa Madre Iglesia nos manda recordar en todas las Misas del mes.  La liturgia pre-Bugnini es, sin duda, la mejor y m\u00e1s coherente forma de defender nuestra fe cat\u00f3lica tradicional en los tiempos actuales.<\/p><p>\u00a0 \u00a0 \u00a0Easter season continues throughout the month of May, and the moveable feasts that occur in May this year are: the three <em>D\u00edas de la Rogaci\u00f3n<\/em> on the Monday, Tuesday and Wednesday prior to the Ascension (May 26-28); the\u00a0<em>Fiesta de la Ascensi\u00f3n de Nuestro Se\u00f1or<\/em>\u00a0(May 14), a Holy Day of Obligation that is preceded by a vigil and includes a Privileged Octave of the 2nd Order; and the <em>Feast of Whitsunday<\/em> (Pentecost) (May 24), which is also preceded by a vigil and includes a Privileged Octave of the 1st Order that contains the summer <em>Ember Days<\/em> on May 27, 29 and 30, and <em>Trinity Sunday<\/em> (31 de mayo).<\/p><p>\u00a0 \u00a0 \u00a0El mes de mayo est\u00e1 dedicado a la Sant\u00edsima Virgen Mar\u00eda, y en este mes se celebran varios d\u00edas dedicados a ella, entre ellos <em>Nuestra Se\u00f1ora de Pompeya<\/em>\u00a0(8 de mayo),\u00a0<em>Nuestra Se\u00f1ora de F\u00e1tima<\/em>\u00a0(13 de mayo),\u00a0<em>Nuestra Se\u00f1ora Reina de los Ap\u00f3stoles <\/em>(May 16), and<em> Nuestra Se\u00f1ora Auxiliadora<\/em>\u00a0(May 24). \u00a0May 31 is normally the Double of the 2nd Class Feast of the\u00a0<em>Reinado de la Sant\u00edsima Virgen Mar\u00eda<\/em>, but this year, because the Feast falls on Trinity Sunday, the liturgical celebration of Our Lady\u2019s Queenship is transferred to June 1.<\/p><p>\u00a0 \u00a0 \u00a0Last year, the month of May began with a papal conclave that ultimately selected Cardinal Robert Prevost to ascend to the throne as Pope Leo XIV.\u00a0 On this first anniversary of the Pope\u2019s election, we see that the crisis in Rome continues unabated, and the demands of Heaven articulated by Our Lady of Fatima continue to be ignored.\u00a0 Therefore, the Society of the Most Holy Redeemer calls upon on all the Angels and Saints to protect and defend Holy Mother Church, and especially those heavenly advocates whose feasts are celebrated this month, including: the\u00a0<em>Ap\u00f3stoles Felipe y Santiago<\/em>\u00a0(1 de mayo);\u00a0<em>San Atanasio<\/em>\u00a0(2 de mayo),\u00a0<em>Papa San P\u00edo V<\/em>\u00a0(5 de mayo),\u00a0<em>San Juan Evangelista<\/em>\u00a0(6 de mayo),\u00a0<em>San Miguel Arc\u00e1ngel<\/em>\u00a0(May 8), and \u00a0<em>San Roberto Belarmino<\/em>\u00a0(May 13).\u00a0 And of course, we pray to St. Joseph, Patron of the Universal Church, and the Blessed Virgin Mary, who we honor always but in an especial way every day of May.<\/p>\t\t\t\t\t\t\t\t<\/div>\n\t\t\t\t<\/div>\n\t\t\t\t\t<\/div>\n\t\t\t\t<\/div>\n\t\t<div class=\"elementor-element elementor-element-dd1ccb6 e-flex e-con-boxed e-con e-parent\" data-id=\"dd1ccb6\" data-element_type=\"container\" data-e-type=\"container\">\n\t\t\t\t\t<div class=\"e-con-inner\">\n\t\t\t\t<div class=\"elementor-element elementor-element-65ac0c2 elementor-widget elementor-widget-gallery\" data-id=\"65ac0c2\" data-element_type=\"widget\" data-e-type=\"widget\" data-settings=\"{&quot;columns&quot;:1,&quot;lazyload&quot;:&quot;yes&quot;,&quot;gallery_layout&quot;:&quot;grid&quot;,&quot;columns_tablet&quot;:2,&quot;columns_mobile&quot;:1,&quot;gap&quot;:{&quot;unit&quot;:&quot;px&quot;,&quot;size&quot;:10,&quot;sizes&quot;:[]},&quot;gap_tablet&quot;:{&quot;unit&quot;:&quot;px&quot;,&quot;size&quot;:10,&quot;sizes&quot;:[]},&quot;gap_mobile&quot;:{&quot;unit&quot;:&quot;px&quot;,&quot;size&quot;:10,&quot;sizes&quot;:[]},&quot;link_to&quot;:&quot;file&quot;,&quot;aspect_ratio&quot;:&quot;3:2&quot;,&quot;overlay_background&quot;:&quot;yes&quot;,&quot;content_hover_animation&quot;:&quot;fade-in&quot;}\" data-widget_type=\"gallery.default\">\n\t\t\t\t<div class=\"elementor-widget-container\">\n\t\t\t\t\t\t\t<div class=\"elementor-gallery__container\">\n\t\t\t\t\t\t\t<a class=\"e-gallery-item elementor-gallery-item elementor-animated-content\" href=\"https:\/\/societyofthemostholyredeemer.org\/wp-content\/uploads\/2026\/05\/May-2026-page.jpg\" data-elementor-open-lightbox=\"yes\" data-elementor-lightbox-slideshow=\"65ac0c2\" data-e-action-hash=\"#elementor-action%3Aaction%3Dlightbox%26settings%3DeyJpZCI6MTI2NDIsInVybCI6Imh0dHBzOlwvXC9zb2NpZXR5b2Z0aGVtb3N0aG9seXJlZGVlbWVyLm9yZ1wvd3AtY29udGVudFwvdXBsb2Fkc1wvMjAyNlwvMDVcL01heS0yMDI2LXBhZ2UuanBnIiwic2xpZGVzaG93IjoiNjVhYzBjMiJ9\">\n\t\t\t\t\t<div class=\"e-gallery-image elementor-gallery-item__image\" data-thumbnail=\"https:\/\/societyofthemostholyredeemer.org\/wp-content\/uploads\/2026\/05\/May-2026-page-300x207.jpg\" data-width=\"300\" data-height=\"207\" aria-label=\"\" role=\"img\" ><\/div>\n\t\t\t\t\t\t\t\t\t\t\t<div class=\"elementor-gallery-item__overlay\"><\/div>\n\t\t\t\t\t\t\t\t\t\t\t\t\t\t<\/a>\n\t\t\t\t\t<\/div>\n\t\t\t\t\t<\/div>\n\t\t\t\t<\/div>\n\t\t\t\t\t<\/div>\n\t\t\t\t<\/div>\n\t\t<div class=\"elementor-element elementor-element-e3c072d e-flex e-con-boxed e-con e-parent\" data-id=\"e3c072d\" data-element_type=\"container\" data-e-type=\"container\">\n\t\t\t\t\t<div class=\"e-con-inner\">\n\t\t\t\t<div class=\"elementor-element elementor-element-90e0889 elementor-widget elementor-widget-text-editor\" data-id=\"90e0889\" data-element_type=\"widget\" data-e-type=\"widget\" data-widget_type=\"text-editor.default\">\n\t\t\t\t<div class=\"elementor-widget-container\">\n\t\t\t\t\t\t\t\t\t<p>\u00a0 \u00a0 \u00a0Si desea ver las p\u00e1ginas del calendario de otros meses del a\u00f1o en curso o de a\u00f1os anteriores, puede consultar la secci\u00f3n\u00a0<a href=\"https:\/\/societyofthemostholyredeemer.org\/es\/liturgical-calendars\/\">Calendarios lit\u00fargicos<\/a>\u00a0de nuestro sitio web.<\/p>\t\t\t\t\t\t\t\t<\/div>\n\t\t\t\t<\/div>\n\t\t\t\t\t<\/div>\n\t\t\t\t<\/div>\n\t\t<div class=\"elementor-element elementor-element-add90b9 e-flex e-con-boxed e-con e-parent\" data-id=\"add90b9\" data-element_type=\"container\" data-e-type=\"container\">\n\t\t\t\t\t<div class=\"e-con-inner\">\n\t\t\t\t<div class=\"elementor-element elementor-element-66c9757 elementor-widget elementor-widget-text-editor\" data-id=\"66c9757\" data-element_type=\"widget\" data-e-type=\"widget\" data-widget_type=\"text-editor.default\">\n\t\t\t\t<div class=\"elementor-widget-container\">\n\t\t\t\t\t\t\t\t\t<h6>Photo of Our Lady Help of Christians on the home page is by Enrique L\u00f3pez-Tamayo Biosca &#8211; https:\/\/www.flickr.com\/photos\/eltb\/7246925062, CC BY 2.0, https:\/\/commons.wikimedia.org\/w\/index.php?curid=19541234<\/h6>\t\t\t\t\t\t\t\t<\/div>\n\t\t\t\t<\/div>\n\t\t\t\t\t<\/div>\n\t\t\t\t<\/div>\n\t\t\t\t<\/div>","protected":false},"excerpt":{"rendered":"<p>\u00a0 \u00a0 \u00a0Ya se ha publicado el calendario de mayo. Os animamos a que os fij\u00e9is y apreci\u00e9is la riqueza de la liturgia significativa de las celebraciones lit\u00fargicas anteriores a 1955, su claridad y forma abarcadora de presentar -a trav\u00e9s de las manos del sacerdote- nuestra... <a class=\"continue_reading\" href=\"https:\/\/societyofthemostholyredeemer.org\/es\/2026\/05\/01\/may-2026-calendar\/\">Seguir leyendo <span class=\"meta-nav\"><i class=\"fa fa-caret-right\" aria-hidden=\"true\"><\/i><\/span><\/a><\/p>","protected":false},"author":3,"featured_media":12639,"comment_status":"open","ping_status":"open","sticky":false,"template":"","format":"standard","meta":{"_acf_changed":false,"footnotes":""},"categories":[1],"tags":[],"class_list":["post-12638","post","type-post","status-publish","format-standard","has-post-thumbnail","hentry","category-uncategorized"],"acf":[],"_links":{"self":[{"href":"https:\/\/societyofthemostholyredeemer.org\/es\/wp-json\/wp\/v2\/posts\/12638","targetHints":{"allow":["GET"]}}],"collection":[{"href":"https:\/\/societyofthemostholyredeemer.org\/es\/wp-json\/wp\/v2\/posts"}],"about":[{"href":"https:\/\/societyofthemostholyredeemer.org\/es\/wp-json\/wp\/v2\/types\/post"}],"author":[{"embeddable":true,"href":"https:\/\/societyofthemostholyredeemer.org\/es\/wp-json\/wp\/v2\/users\/3"}],"replies":[{"embeddable":true,"href":"https:\/\/societyofthemostholyredeemer.org\/es\/wp-json\/wp\/v2\/comments?post=12638"}],"version-history":[{"count":4,"href":"https:\/\/societyofthemostholyredeemer.org\/es\/wp-json\/wp\/v2\/posts\/12638\/revisions"}],"predecessor-version":[{"id":12645,"href":"https:\/\/societyofthemostholyredeemer.org\/es\/wp-json\/wp\/v2\/posts\/12638\/revisions\/12645"}],"wp:featuredmedia":[{"embeddable":true,"href":"https:\/\/societyofthemostholyredeemer.org\/es\/wp-json\/wp\/v2\/media\/12639"}],"wp:attachment":[{"href":"https:\/\/societyofthemostholyredeemer.org\/es\/wp-json\/wp\/v2\/media?parent=12638"}],"wp:term":[{"taxonomy":"category","embeddable":true,"href":"https:\/\/societyofthemostholyredeemer.org\/es\/wp-json\/wp\/v2\/categories?post=12638"},{"taxonomy":"post_tag","embeddable":true,"href":"https:\/\/societyofthemostholyredeemer.org\/es\/wp-json\/wp\/v2\/tags?post=12638"}],"curies":[{"name":"wp","href":"https:\/\/api.w.org\/{rel}","templated":true}]}}