{"id":4621,"date":"2024-11-26T23:55:15","date_gmt":"2024-11-26T23:55:15","guid":{"rendered":"https:\/\/societyofthemostholyredeemer.org\/?p=4621"},"modified":"2025-12-16T12:46:08","modified_gmt":"2025-12-16T12:46:08","slug":"novenas-pro-tempore-adventus","status":"publish","type":"post","link":"https:\/\/societyofthemostholyredeemer.org\/es\/2024\/11\/26\/novenas-pro-tempore-adventus\/","title":{"rendered":"NOVENAS PRO TEMPORE ADVENTUS"},"content":{"rendered":"<div data-elementor-type=\"wp-post\" data-elementor-id=\"4621\" class=\"elementor elementor-4621\" data-elementor-post-type=\"post\">\n\t\t\t\t<div class=\"elementor-element elementor-element-8f05027 e-flex e-con-boxed e-con e-parent\" data-id=\"8f05027\" data-element_type=\"container\" data-e-type=\"container\">\n\t\t\t\t\t<div class=\"e-con-inner\">\n\t\t\t\t<div class=\"elementor-element elementor-element-96af788 elementor-widget elementor-widget-text-editor\" data-id=\"96af788\" data-element_type=\"widget\" data-e-type=\"widget\" data-widget_type=\"text-editor.default\">\n\t\t\t\t<div class=\"elementor-widget-container\">\n\t\t\t\t\t\t\t\t\t<p>A medida que nos acercamos al final del a\u00f1o lit\u00fargico, le invitamos a recordar estas hermosas novenas que pueden utilizarse durante el Adviento para prepararse espiritualmente para la Navidad. Considera a\u00f1adir una o m\u00e1s de ellas a tu rutina diaria durante este tiempo penitencial.<\/p><p>En <a href=\"https:\/\/societyofthemostholyredeemer.org\/es\/the-st-andrew-christmas-novena\/\">\"SAN. NOVENA DE NAVIDAD \"SAN ANDR\u00c9S<\/a> que dura 25 d\u00edas, comienza el 30 de noviembre, fiesta de San Andr\u00e9s, y termina en Nochebuena, por lo que abarca la mayor parte, si no todo, el tiempo de Adviento. Es una excelente pr\u00e1ctica de Adviento en anticipaci\u00f3n del Mayor Regalo de todos, que nos nace el d\u00eda de Navidad.<\/p><p>Y esto <a href=\"https:\/\/societyofthemostholyredeemer.org\/es\/christmas-novena-of-st-alphonsus\/\">NOVENA DE NAVIDAD DE SAN ALFONSO<\/a> que fue traducido del italiano de San Alfonso Mar\u00eda de Ligorio. Cuando se utiliza para preparar la Navidad, se reza durante nueve d\u00edas, del 16 al 24 de diciembre, pero estas oraciones pueden ofrecerse en cualquier momento del a\u00f1o para meditar sobre la Divina Infancia de Nuestro Se\u00f1or Jesucristo.<\/p>\t\t\t\t\t\t\t\t<\/div>\n\t\t\t\t<\/div>\n\t\t\t\t\t<\/div>\n\t\t\t\t<\/div>\n\t\t<div class=\"elementor-element elementor-element-ba73d28 e-flex e-con-boxed e-con e-parent\" data-id=\"ba73d28\" data-element_type=\"container\" data-e-type=\"container\">\n\t\t\t\t\t<div class=\"e-con-inner\">\n\t\t\t\t<div class=\"elementor-element elementor-element-a0c122f elementor-widget elementor-widget-image\" data-id=\"a0c122f\" data-element_type=\"widget\" data-e-type=\"widget\" data-widget_type=\"image.default\">\n\t\t\t\t<div class=\"elementor-widget-container\">\n\t\t\t\t\t\t\t\t\t\t\t\t\t\t\t<img fetchpriority=\"high\" decoding=\"async\" width=\"1600\" height=\"900\" src=\"https:\/\/societyofthemostholyredeemer.org\/wp-content\/uploads\/2024\/11\/Advent-Novenas.jpeg\" class=\"attachment-full size-full wp-image-4834\" alt=\"\" srcset=\"https:\/\/societyofthemostholyredeemer.org\/wp-content\/uploads\/2024\/11\/Advent-Novenas.jpeg 1600w, https:\/\/societyofthemostholyredeemer.org\/wp-content\/uploads\/2024\/11\/Advent-Novenas-300x169.jpeg 300w, https:\/\/societyofthemostholyredeemer.org\/wp-content\/uploads\/2024\/11\/Advent-Novenas-1024x576.jpeg 1024w, https:\/\/societyofthemostholyredeemer.org\/wp-content\/uploads\/2024\/11\/Advent-Novenas-768x432.jpeg 768w, https:\/\/societyofthemostholyredeemer.org\/wp-content\/uploads\/2024\/11\/Advent-Novenas-1536x864.jpeg 1536w, https:\/\/societyofthemostholyredeemer.org\/wp-content\/uploads\/2024\/11\/Advent-Novenas-18x10.jpeg 18w\" sizes=\"(max-width: 1600px) 100vw, 1600px\" \/>\t\t\t\t\t\t\t\t\t\t\t\t\t\t\t<\/div>\n\t\t\t\t<\/div>\n\t\t\t\t\t<\/div>\n\t\t\t\t<\/div>\n\t\t\t\t<\/div>","protected":false},"excerpt":{"rendered":"<p>A medida que nos acercamos al final del a\u00f1o lit\u00fargico le invitamos a recordar estas hermosas novenas que se pueden utilizar durante el Adviento para prepararse espiritualmente para la Navidad. Considera a\u00f1adir una o m\u00e1s de ellas a tu rutina diaria durante ... <a class=\"continue_reading\" href=\"https:\/\/societyofthemostholyredeemer.org\/es\/2024\/11\/26\/novenas-pro-tempore-adventus\/\">Seguir leyendo <span class=\"meta-nav\"><i class=\"fa fa-caret-right\" aria-hidden=\"true\"><\/i><\/span><\/a><\/p>","protected":false},"author":2,"featured_media":4834,"comment_status":"open","ping_status":"open","sticky":false,"template":"","format":"standard","meta":{"_acf_changed":false,"footnotes":""},"categories":[39],"tags":[],"class_list":["post-4621","post","type-post","status-publish","format-standard","has-post-thumbnail","hentry","category-novenas"],"acf":[],"_links":{"self":[{"href":"https:\/\/societyofthemostholyredeemer.org\/es\/wp-json\/wp\/v2\/posts\/4621","targetHints":{"allow":["GET"]}}],"collection":[{"href":"https:\/\/societyofthemostholyredeemer.org\/es\/wp-json\/wp\/v2\/posts"}],"about":[{"href":"https:\/\/societyofthemostholyredeemer.org\/es\/wp-json\/wp\/v2\/types\/post"}],"author":[{"embeddable":true,"href":"https:\/\/societyofthemostholyredeemer.org\/es\/wp-json\/wp\/v2\/users\/2"}],"replies":[{"embeddable":true,"href":"https:\/\/societyofthemostholyredeemer.org\/es\/wp-json\/wp\/v2\/comments?post=4621"}],"version-history":[{"count":28,"href":"https:\/\/societyofthemostholyredeemer.org\/es\/wp-json\/wp\/v2\/posts\/4621\/revisions"}],"predecessor-version":[{"id":11770,"href":"https:\/\/societyofthemostholyredeemer.org\/es\/wp-json\/wp\/v2\/posts\/4621\/revisions\/11770"}],"wp:featuredmedia":[{"embeddable":true,"href":"https:\/\/societyofthemostholyredeemer.org\/es\/wp-json\/wp\/v2\/media\/4834"}],"wp:attachment":[{"href":"https:\/\/societyofthemostholyredeemer.org\/es\/wp-json\/wp\/v2\/media?parent=4621"}],"wp:term":[{"taxonomy":"category","embeddable":true,"href":"https:\/\/societyofthemostholyredeemer.org\/es\/wp-json\/wp\/v2\/categories?post=4621"},{"taxonomy":"post_tag","embeddable":true,"href":"https:\/\/societyofthemostholyredeemer.org\/es\/wp-json\/wp\/v2\/tags?post=4621"}],"curies":[{"name":"wp","href":"https:\/\/api.w.org\/{rel}","templated":true}]}}