{"id":4911,"date":"2024-12-02T15:26:00","date_gmt":"2024-12-02T15:26:00","guid":{"rendered":"https:\/\/societyofthemostholyredeemer.org\/?p=4911"},"modified":"2024-12-03T23:40:59","modified_gmt":"2024-12-03T23:40:59","slug":"elementor-4911","status":"publish","type":"post","link":"https:\/\/societyofthemostholyredeemer.org\/es\/2024\/12\/02\/elementor-4911\/","title":{"rendered":"SERM\u00d3N PARA EL \"DOMINICA I ADVENTUS\""},"content":{"rendered":"<div data-elementor-type=\"wp-post\" data-elementor-id=\"4911\" class=\"elementor elementor-4911\" data-elementor-post-type=\"post\">\n\t\t\t\t<div class=\"elementor-element elementor-element-a22867c e-con-full e-flex e-con e-parent\" data-id=\"a22867c\" data-element_type=\"container\" data-e-type=\"container\">\n\t\t\t\t<div class=\"elementor-element elementor-element-788ab79 elementor-widget elementor-widget-text-editor\" data-id=\"788ab79\" data-element_type=\"widget\" data-e-type=\"widget\" data-widget_type=\"text-editor.default\">\n\t\t\t\t<div class=\"elementor-widget-container\">\n\t\t\t\t\t\t\t\t\t<p style=\"text-align: center;\"><em><b>La crisis de la Iglesia y <\/b><\/em><\/p>\n<p style=\"text-align: center;\"><em><b>Nuestra Se\u00f1ora de F\u00e1tima <\/b><\/em><\/p>\n<p><em>&nbsp; &nbsp; &nbsp; <\/em><em>\"Dum autem irent emere venit sponsus et quae paratae erant intraverunt cum eo ad nuptias et clausa est ianua. Novissime veniunt et reliquae virgines dicentes domine domine aperi nobis. <\/em><em>At ille respondens ait amen dico vobis nescio vos, vigilate itaque quia nescitis diem neque horam\"<\/em><\/p>\n<p>&nbsp; &nbsp; &nbsp;(\"Mientras iban a comprar el aceite, lleg\u00f3 el novio; y las que estaban preparadas entraron con \u00e9l a las bodas. Y la puerta estaba cerrada. Pero al fin llegaron tambi\u00e9n las v\u00edrgenes insensatas, diciendo: Se\u00f1or, Se\u00f1or, \u00e1brenos. Pero \u00e9l, respondiendo, dijo: En verdad os digo que no os conozco. Velad, pues, porque no sab\u00e9is el d\u00eda ni la hora\")<\/p>\n<p><img fetchpriority=\"high\" decoding=\"async\" class=\"alignright wp-image-4924 size-full\" src=\"https:\/\/societyofthemostholyredeemer.org\/wp-content\/uploads\/2024\/12\/Miracle-of-the-Sun.jpg\" alt=\"\" width=\"1280\" height=\"720\" srcset=\"https:\/\/societyofthemostholyredeemer.org\/wp-content\/uploads\/2024\/12\/Miracle-of-the-Sun.jpg 1280w, https:\/\/societyofthemostholyredeemer.org\/wp-content\/uploads\/2024\/12\/Miracle-of-the-Sun-300x169.jpg 300w, https:\/\/societyofthemostholyredeemer.org\/wp-content\/uploads\/2024\/12\/Miracle-of-the-Sun-1024x576.jpg 1024w, https:\/\/societyofthemostholyredeemer.org\/wp-content\/uploads\/2024\/12\/Miracle-of-the-Sun-768x432.jpg 768w, https:\/\/societyofthemostholyredeemer.org\/wp-content\/uploads\/2024\/12\/Miracle-of-the-Sun-18x10.jpg 18w\" sizes=\"(max-width: 1280px) 100vw, 1280px\" \/><\/p>\n<p><\/p>\n<p>&nbsp; &nbsp; &nbsp;<\/p><p>&nbsp; &nbsp; &nbsp;El fragmento que acabo de leer forma parte del Evangelio de la Misa \"Com\u00fan de las V\u00edrgenes\" y es muy apropiado para complementar este primer domingo de Adviento, que tiene un marcado tono apocal\u00edptico.<\/p>\n<p>&nbsp; &nbsp; &nbsp;\"<em>Et Clausa est ianua<\/em>\" (Y la puerta se cerr\u00f3)... \u00a1Qu\u00e9 momento tan terrible! Imag\u00ednese la sensaci\u00f3n de alguien que ve cerrarse ante s\u00ed las puertas del cielo. De pie, tal vez con la misma desesperaci\u00f3n de quienes vieron el momento en que No\u00e9 cerr\u00f3 las puertas del Arca.<\/p>\n<p>&nbsp; &nbsp; &nbsp;Pero, como sabemos, No\u00e9 abri\u00f3 sus brazos a todos los que quisieron entrar en el Arca antes de que comenzara el diluvio, como la Iglesia abre Sus brazos a todos los que quieren alcanzar el Cielo pero, mucha gente lo rechaz\u00f3, como muchos hoy se niegan a escuchar las ense\u00f1anzas de Cristo, despreci\u00e1ndolo como una figura exc\u00e9ntrica anacr\u00f3nica.<\/p>\n<p>&nbsp; &nbsp; &nbsp;Ahora bien, el Conde de Rivarol dijo una vez una frase que puede resumir muy bien la idea central de la liturgia de hoy: \"<em>Cuando uno de los d\u00edas de la semana se adelanta a los dem\u00e1s, para una persona sin sentido com\u00fan, el tiempo pasa durante esas veinte horas.<\/em>\" (Cuando uno tiene raz\u00f3n un d\u00eda antes que los dem\u00e1s, se le toma durante esas veinticuatro horas como persona privada de sentido com\u00fan).<\/p>\n<p>&nbsp; &nbsp; &nbsp;Hay muchos momentos en el Evangelio en los que Cristo pronuncia palabras que ning\u00fan ser humano se permitir\u00eda pronunciar. Palabras que s\u00f3lo pueden venir de Dios, porque si vienen simplemente (<em>ex voluntate carnis<\/em>) \"de la voluntad de la carne\" (como dir\u00eda San Juan) parecer\u00edan las palabras de un loco.<\/p>\n<p>&nbsp; &nbsp; &nbsp;El discurso apocal\u00edptico de San Lucas que escuchamos hoy tiene sus ra\u00edces en el Poder Divino de Cristo y en Su poder para reinar como Rey universal. La coherencia de Su doctrina, Su admirable vida \"llena de Gracia y de Verdad\", Sus milagros, Su singular muerte y Su gloriosa resurrecci\u00f3n nos demuestran que no fue un hombre privado de sentido com\u00fan, sino Aquel que vino a iluminar la naturaleza humana que hab\u00eda quedado permanentemente dominada por el poder de la Antigua Bestia, que somet\u00eda al ser humano a un destino muy inferior al que Dios hab\u00eda previsto para \u00e9l.<\/p>\n<p>&nbsp; &nbsp; &nbsp;Hoy, la Iglesia nos recuerda a trav\u00e9s de las Escrituras que Cristo tambi\u00e9n cumplir\u00e1 su promesa de volver. Su Segunda Venida ya no ser\u00e1 para traer un mensaje, sino para juzgar a las naciones y dar a cada uno lo que le corresponde. El que vino como Cordero volver\u00e1 como Le\u00f3n. Por eso, a pesar de que en ese momento los cielos ser\u00e1n sacudidos, Nuestro Se\u00f1or insiste diciendo \"alegraos\" porque vuestra liberaci\u00f3n est\u00e1 cerca. El Adviento es ciertamente un tiempo penitencial, pero tambi\u00e9n un tiempo para alegrarnos en la Justicia de Dios, en el hecho de que un d\u00eda \u00c9l cumplir\u00e1 su promesa de recibir en el Reino Celestial a los que perseveraron en la Iglesia y dir\u00e1 a los que se niegan a entrar las palabras m\u00e1s terribles y espantosas que una persona puede tener la desgracia de o\u00edr del Se\u00f1or: \"<em>Amen dico vobis nescio vos<\/em>\"(\"En verdad os digo que no os conozco\").<\/p>\n<p>&nbsp; &nbsp; &nbsp;Y hoy vemos este Juicio Divino descrito en este evangelio de dos maneras, la primera relacionada con el juicio de Jerusal\u00e9n y la segunda apuntando al Juicio Universal. Estas dos secciones corresponden al lenguaje prof\u00e9tico del tipo \/ antitipo.<\/p>\n<p>&nbsp; &nbsp; &nbsp;El Se\u00f1or dice que \"entonces habr\u00e1 grandes terremotos en varios lugares, y pestilencia y hambre, y terrores del cielo, y grandes se\u00f1ales\". \"Inmediatamente, despu\u00e9s de la tribulaci\u00f3n de aquellos d\u00edas, el sol se oscurecer\u00e1, la luna se te\u00f1ir\u00e1 del color de la sangre y las estrellas caer\u00e1n del cielo\". El sol en la Sagrada Escritura es el s\u00edmbolo de la verdad religiosa, la doctrina, la luna del mundo natural, lo mundano en oposici\u00f3n a lo espiritual (no en vano, el color plateado de la luna siempre se relaciona con la brujer\u00eda y el paganismo).<\/p>\n<p>&nbsp; &nbsp; &nbsp;Hace d\u00e9cadas, cuando Nuestra Se\u00f1ora se apareci\u00f3 en F\u00e1tima, ocurri\u00f3 un milagro que caus\u00f3 temor en todas las personas all\u00ed presentes, y ese milagro fue el Milagro del Sol.<\/p>\n<p>&nbsp; &nbsp; &nbsp;Incluso los peri\u00f3dicos publicaron testimonios de testigos que dec\u00edan haber visto una actividad solar extraordinaria, como que el Sol parec\u00eda \"bailar\" o zigzaguear en el cielo, avanzar hacia la Tierra y ensombrecerse con un aspecto de color plateado.<\/p>\n<p>&nbsp; &nbsp; &nbsp;Muchos testigos informaron de que, tras un periodo de lluvia, las nubes oscuras se separaron, revelando el Sol como un disco opaco y giratorio en el cielo. Se describi\u00f3 como significativamente m\u00e1s apagado de lo habitual. A continuaci\u00f3n, el Sol se dirigi\u00f3 hacia la Tierra antes de volver en zigzag a su posici\u00f3n normal. Los testigos informaron de que sus ropas, previamente mojadas, se volvieron \"repentina y completamente secas, as\u00ed como el suelo h\u00famedo y embarrado que hab\u00eda estado previamente empapado debido a la lluvia que hab\u00eda estado cayendo\". No todos los testigos declararon haber visto \"bailar\" al Sol. Algunas personas s\u00f3lo vieron el cambio de color del Sol. Otros no vieron nada.<\/p>\n<p>&nbsp; &nbsp; &nbsp;Un abogado presente en ese momento llamado Almeida Garrett dijo: \"El disco solar no permaneci\u00f3 inm\u00f3vil. No era el centelleo de un cuerpo celeste, pues giraba sobre s\u00ed mismo en un loco torbellino cuando, de repente, se oy\u00f3 un clamor de todo el pueblo. El sol, arremolin\u00e1ndose, parec\u00eda desprenderse del firmamento y avanzar amenazador sobre la tierra como si quisiera aplastarnos con su enorme peso ardiente. La sensaci\u00f3n durante esos momentos fue terrible\".<\/p>\n<p>&nbsp; &nbsp; &nbsp;Un sacerdote llamado Joaquim Louren\u00e7o relat\u00f3: \"Me siento incapaz de describir lo que vi. Mir\u00e9 fijamente al sol, que parec\u00eda p\u00e1lido y no me hac\u00eda da\u00f1o a los ojos. Parec\u00eda una bola de nieve que giraba sobre s\u00ed misma y, de repente, pareci\u00f3 descender en zig-zag, amenazando la tierra. Aterrorizado, corr\u00ed y me escond\u00ed entre la gente, que lloraba y esperaba el fin del mundo de un momento a otro\".<\/p>\n<p>&nbsp; &nbsp; &nbsp;De todos modos, hay muchos m\u00e1s informes que se pueden encontrar en varios libros sobre F\u00e1tima, pero, me inclino a pensar que lo que Nuestra Se\u00f1ora estaba tratando de comunicar no era s\u00f3lo la magnificencia y el poder de Dios sobre la creaci\u00f3n, sino un mensaje visual que acompa\u00f1aba al verbal que Ella dio a los pastorcitos: \"El miedo que est\u00e1is experimentando ahora cuando pens\u00e1is que el sol va a caer, es el mismo miedo que la gente experimentar\u00e1 en el futuro cuando vean su sol espiritual (la Doctrina de la Iglesia, toda su fe) como si estuviera a punto de caer, eclipsado por un mundano color plateado (un color argentino). Algunos lo ver\u00e1n todo, otros s\u00f3lo ver\u00e1n ese color mundano desfigurando y obnubilando la doctrina y otros no ver\u00e1n nada. San Jos\u00e9 tambi\u00e9n estar\u00e1 all\u00ed protegiendo a la Iglesia como siempre lo hizo y, si perseveras vigilando y rezando, Dios te devolver\u00e1 la ropa y dar\u00e1 de nuevo a los fieles la dignidad de la ropa seca como dio a Ad\u00e1n y Eva ropa digna despu\u00e9s de la ca\u00edda\". En cualquier caso, \u00e9sta es s\u00f3lo mi interpretaci\u00f3n personal.<\/p>\n<p>&nbsp; &nbsp; &nbsp;En conclusi\u00f3n, hace unos d\u00edas alguien me dijo: \"Padre, no entiendo como la gente no puede ver lo que est\u00e1 pasando\"... yo tampoco lo entiendo... ni el Ap\u00f3stol lo entendi\u00f3 y por eso lo llam\u00f3: El misterio de la iniquidad. Nuestra misi\u00f3n es estar atentos a los signos de los tiempos (\"<em>Vigilar itaque<\/em>\" - \"Velad, pues\") y seguir luchando con valent\u00eda por la verdad a pesar de los problemas, el miedo y los sufrimientos, recordando siempre que de la b\u00fasqueda de la verdad depende la salvaci\u00f3n individual del hombre.<\/p>\n<p>&nbsp; &nbsp; &nbsp;\"<em>Militia est vita hominis super terram<\/em>\". (La vida del hombre sobre la tierra es una continua campa\u00f1a militar).<\/p>\t\t\t\t\t\t\t\t<\/div>\n\t\t\t\t<\/div>\n\t\t\t\t<\/div>\n\t\t\t\t<\/div>","protected":false},"excerpt":{"rendered":"<p>La crisis en la Iglesia y Nuestra Se\u00f1ora de F\u00e1tima \"Dum autem irent emere venit sponsus et quae paratae erant intraverunt cum eo ad nuptias et clausa est ianua. Novissime veniunt et reliquae virgines dicentes domine domine ... <a class=\"continue_reading\" href=\"https:\/\/societyofthemostholyredeemer.org\/es\/2024\/12\/02\/elementor-4911\/\">Seguir leyendo <span class=\"meta-nav\"><i class=\"fa fa-caret-right\" aria-hidden=\"true\"><\/i><\/span><\/a><\/p>","protected":false},"author":2,"featured_media":4924,"comment_status":"open","ping_status":"open","sticky":false,"template":"","format":"standard","meta":{"_acf_changed":false,"footnotes":""},"categories":[42],"tags":[],"class_list":["post-4911","post","type-post","status-publish","format-standard","has-post-thumbnail","hentry","category-sermons"],"acf":[],"_links":{"self":[{"href":"https:\/\/societyofthemostholyredeemer.org\/es\/wp-json\/wp\/v2\/posts\/4911","targetHints":{"allow":["GET"]}}],"collection":[{"href":"https:\/\/societyofthemostholyredeemer.org\/es\/wp-json\/wp\/v2\/posts"}],"about":[{"href":"https:\/\/societyofthemostholyredeemer.org\/es\/wp-json\/wp\/v2\/types\/post"}],"author":[{"embeddable":true,"href":"https:\/\/societyofthemostholyredeemer.org\/es\/wp-json\/wp\/v2\/users\/2"}],"replies":[{"embeddable":true,"href":"https:\/\/societyofthemostholyredeemer.org\/es\/wp-json\/wp\/v2\/comments?post=4911"}],"version-history":[{"count":21,"href":"https:\/\/societyofthemostholyredeemer.org\/es\/wp-json\/wp\/v2\/posts\/4911\/revisions"}],"predecessor-version":[{"id":5050,"href":"https:\/\/societyofthemostholyredeemer.org\/es\/wp-json\/wp\/v2\/posts\/4911\/revisions\/5050"}],"wp:featuredmedia":[{"embeddable":true,"href":"https:\/\/societyofthemostholyredeemer.org\/es\/wp-json\/wp\/v2\/media\/4924"}],"wp:attachment":[{"href":"https:\/\/societyofthemostholyredeemer.org\/es\/wp-json\/wp\/v2\/media?parent=4911"}],"wp:term":[{"taxonomy":"category","embeddable":true,"href":"https:\/\/societyofthemostholyredeemer.org\/es\/wp-json\/wp\/v2\/categories?post=4911"},{"taxonomy":"post_tag","embeddable":true,"href":"https:\/\/societyofthemostholyredeemer.org\/es\/wp-json\/wp\/v2\/tags?post=4911"}],"curies":[{"name":"wp","href":"https:\/\/api.w.org\/{rel}","templated":true}]}}