{"id":5349,"date":"2024-12-16T02:57:19","date_gmt":"2024-12-16T02:57:19","guid":{"rendered":"https:\/\/societyofthemostholyredeemer.org\/?p=5349"},"modified":"2024-12-16T03:06:46","modified_gmt":"2024-12-16T03:06:46","slug":"morning-meditation-monday-in-the-third-week-of-advent","status":"publish","type":"post","link":"https:\/\/societyofthemostholyredeemer.org\/es\/2024\/12\/16\/morning-meditation-monday-in-the-third-week-of-advent\/","title":{"rendered":"MEDITACI\u00d3N MATUTINA: LUNES DE LA TERCERA SEMANA DE ADVIENTO"},"content":{"rendered":"<div data-elementor-type=\"wp-post\" data-elementor-id=\"5349\" class=\"elementor elementor-5349\" data-elementor-post-type=\"post\">\n\t\t\t\t<div class=\"elementor-element elementor-element-489fcd1 e-flex e-con-boxed e-con e-parent\" data-id=\"489fcd1\" data-element_type=\"container\" data-e-type=\"container\">\n\t\t\t\t\t<div class=\"e-con-inner\">\n\t\t\t\t<div class=\"elementor-element elementor-element-4db1ede elementor-widget__width-inherit elementor-widget elementor-widget-text-editor\" data-id=\"4db1ede\" data-element_type=\"widget\" data-e-type=\"widget\" data-widget_type=\"text-editor.default\">\n\t\t\t\t<div class=\"elementor-widget-container\">\n\t\t\t\t\t\t\t\t\t<p><b>Meditaci\u00f3n matutina: Consideraciones sobre el Estado religioso - VI<\/b><br \/>\u00a0 \u00a0 \u00a0<em>Considera la paz que Dios da a los buenos religiosos.<\/em> <br \/>\u00a0 \u00a0 \u00a0Santa Teresa dec\u00eda que una gota de consuelo celestial vale m\u00e1s que todas las delicias del mundo. Oh, qu\u00e9 contento no encuentra quien, habi\u00e9ndolo dejado todo por Dios, es capaz de decir con San Francisco: \"\u00a1Deus meus et omnia!\" - \u00a1Mi Dios y mi Todo! - libre de la esclavitud del mundo y gozando de la libertad de los Hijos de Dios.<\/p><p><b>Meditaci\u00f3n I: <\/b><br \/>\u00a0 \u00a0 \u00a0Las promesas de Dios no pueden fallar. Dios ha dicho: <em>Todo el que haya dejado casa, o hermanos, o hermanas, o padre o madre, o mujer, o hijos, o tierras por mi nombre, recibir\u00e1 cien veces m\u00e1s, y poseer\u00e1 la vida eterna.<\/em> - (Mat. xix., 29). Es decir, el ciento por uno en esta tierra, y la vida eterna en el Cielo.<br \/>\u00a0 \u00a0 \u00a0La paz del alma tiene m\u00e1s valor que todos los reinos del mundo. \u00bfDe qu\u00e9 sirve dominar el mundo entero sin paz interior? Mejor es ser el campesino m\u00e1s pobre de la tierra y estar contento, que ser el se\u00f1or de todo el mundo y vivir descontento. Pero, \u00bfqui\u00e9n puede dar esta paz? \u00bfEl mundo? Oh no, la paz es una bendici\u00f3n que s\u00f3lo se obtiene de Dios. \"\u00a1Oh Dios!\", reza la Iglesia, \"da a tus siervos esa paz que el mundo no puede dar\". Se le llama el <em>Dios de todo consuelo<\/em>. - (2 Cor. i., 3). Pero si Dios es el \u00fanico Dador de paz, \u00bfa qui\u00e9n, piensa usted, dar\u00e1 esa paz sino a aquellos que lo dejan todo, y se desprenden de todas las criaturas, para entregarse enteramente a su Creador? Y por eso vemos a los buenos Religiosos encerrados en sus celdas, mortificados, despreciados y pobres, y, sin embargo, viviendo una vida m\u00e1s contenta que los grandes del mundo, con todas las riquezas, las pompas y las diversiones de que gozan.<br \/>\u00a0 \u00a0 \u00a0Santa Escol\u00e1stica dec\u00eda que si los hombres conocieran la paz de la que gozan los buenos religiosos, el mundo entero se convertir\u00eda en un monasterio; y Santa Mar\u00eda Magdalena de Pazzi dec\u00eda que si los hombres la conocieran escalar\u00edan los muros para entrar en los monasterios. Habiendo sido creado el coraz\u00f3n humano para un Bien infinito, las criaturas finitas no pueden contentarlo. S\u00f3lo Dios, que es un Bien infinito, puede colmarlo: <em>Del\u00e9itate en el Se\u00f1or y \u00e9l te conceder\u00e1 la petici\u00f3n de tu coraz\u00f3n.<\/em> - (Sal. xxxvi., 4). Oh no; un buen religioso unido a Dios no envidia a ninguno de los pr\u00edncipes del mundo que poseen reinos, riquezas y honores. \"Que los ricos\", dir\u00e1 con San Paulino, \"tengan sus riquezas, los reyes sus reinos, para m\u00ed Cristo es mi reino y mi gloria\". Ver\u00e1 a los amantes del mundo gloriarse tontamente en la pompa y la vanidad; pero \u00e9l, procurando desprenderse m\u00e1s de las cosas terrenas y unirse m\u00e1s estrechamente a Dios, vivir\u00e1 contento en esta vida, y bien podr\u00e1 decir: <em>Unos conf\u00edan en carros y otros en caballos, pero nosotros invocamos el nombre del Se\u00f1or, nuestro Dios.<\/em>. - (Sal. xix., 8).<br \/>\u00a0 \u00a0 \u00a0\u00a1Oh Se\u00f1or y Dios m\u00edo, mi Todo! S\u00e9 que s\u00f3lo T\u00fa puedes hacerme feliz en esta vida y en la otra. Pero no te amar\u00e9 para contentarme a m\u00ed mismo, sino para contentar a tu divino Coraz\u00f3n. Deseo que \u00e9sta sea mi paz, mi \u00fanica satisfacci\u00f3n durante toda mi vida, unir mi voluntad a tu santa voluntad, aunque para ello tenga que sufrir dolor. T\u00fa eres mi Dios, yo soy tu criatura.<\/p>\t\t\t\t\t\t\t\t<\/div>\n\t\t\t\t<\/div>\n\t\t\t\t\t<\/div>\n\t\t\t\t<\/div>\n\t\t<div class=\"elementor-element elementor-element-64f7afe e-flex e-con-boxed e-con e-parent\" data-id=\"64f7afe\" data-element_type=\"container\" data-e-type=\"container\">\n\t\t\t\t\t<div class=\"e-con-inner\">\n\t\t\t\t<div class=\"elementor-element elementor-element-956a2e3 elementor-widget elementor-widget-text-editor\" data-id=\"956a2e3\" data-element_type=\"widget\" data-e-type=\"widget\" data-widget_type=\"text-editor.default\">\n\t\t\t\t<div class=\"elementor-widget-container\">\n\t\t\t\t\t\t\t\t\t<p>\u00a0 \u00a0 \u00a0Encontrar\u00e1 meditaciones y lecturas para otros d\u00edas del a\u00f1o en el\u00a0<a href=\"https:\/\/societyofthemostholyredeemer.org\/es\/daily-meditations\/\">Meditaciones diarias<\/a>\u00a0de este sitio web.<\/p>\t\t\t\t\t\t\t\t<\/div>\n\t\t\t\t<\/div>\n\t\t\t\t\t<\/div>\n\t\t\t\t<\/div>\n\t\t\t\t<\/div>","protected":false},"excerpt":{"rendered":"<p>Meditaci\u00f3n de la ma\u00f1ana: Consideraciones sobre el estado religioso - VI Considera la paz que Dios da a los buenos religiosos. Santa Teresa dec\u00eda que una gota de consuelo celestial vale m\u00e1s que todas las delicias del mundo. Oh, ... <a class=\"continue_reading\" href=\"https:\/\/societyofthemostholyredeemer.org\/es\/2024\/12\/16\/morning-meditation-monday-in-the-third-week-of-advent\/\">Seguir leyendo <span class=\"meta-nav\"><i class=\"fa fa-caret-right\" aria-hidden=\"true\"><\/i><\/span><\/a><\/p>","protected":false},"author":3,"featured_media":4939,"comment_status":"open","ping_status":"open","sticky":false,"template":"","format":"standard","meta":{"_acf_changed":false,"footnotes":""},"categories":[41],"tags":[],"class_list":["post-5349","post","type-post","status-publish","format-standard","has-post-thumbnail","hentry","category-daily-meditations"],"acf":[],"_links":{"self":[{"href":"https:\/\/societyofthemostholyredeemer.org\/es\/wp-json\/wp\/v2\/posts\/5349","targetHints":{"allow":["GET"]}}],"collection":[{"href":"https:\/\/societyofthemostholyredeemer.org\/es\/wp-json\/wp\/v2\/posts"}],"about":[{"href":"https:\/\/societyofthemostholyredeemer.org\/es\/wp-json\/wp\/v2\/types\/post"}],"author":[{"embeddable":true,"href":"https:\/\/societyofthemostholyredeemer.org\/es\/wp-json\/wp\/v2\/users\/3"}],"replies":[{"embeddable":true,"href":"https:\/\/societyofthemostholyredeemer.org\/es\/wp-json\/wp\/v2\/comments?post=5349"}],"version-history":[{"count":8,"href":"https:\/\/societyofthemostholyredeemer.org\/es\/wp-json\/wp\/v2\/posts\/5349\/revisions"}],"predecessor-version":[{"id":5357,"href":"https:\/\/societyofthemostholyredeemer.org\/es\/wp-json\/wp\/v2\/posts\/5349\/revisions\/5357"}],"wp:featuredmedia":[{"embeddable":true,"href":"https:\/\/societyofthemostholyredeemer.org\/es\/wp-json\/wp\/v2\/media\/4939"}],"wp:attachment":[{"href":"https:\/\/societyofthemostholyredeemer.org\/es\/wp-json\/wp\/v2\/media?parent=5349"}],"wp:term":[{"taxonomy":"category","embeddable":true,"href":"https:\/\/societyofthemostholyredeemer.org\/es\/wp-json\/wp\/v2\/categories?post=5349"},{"taxonomy":"post_tag","embeddable":true,"href":"https:\/\/societyofthemostholyredeemer.org\/es\/wp-json\/wp\/v2\/tags?post=5349"}],"curies":[{"name":"wp","href":"https:\/\/api.w.org\/{rel}","templated":true}]}}