{"id":5910,"date":"2025-01-02T02:18:09","date_gmt":"2025-01-02T02:18:09","guid":{"rendered":"https:\/\/societyofthemostholyredeemer.org\/?p=5910"},"modified":"2026-01-01T03:41:31","modified_gmt":"2026-01-01T03:41:31","slug":"january-2025-calendar","status":"publish","type":"post","link":"https:\/\/societyofthemostholyredeemer.org\/es\/2025\/01\/02\/january-2025-calendar\/","title":{"rendered":"CALENDARIO ENERO 2025"},"content":{"rendered":"<div data-elementor-type=\"wp-post\" data-elementor-id=\"5910\" class=\"elementor elementor-5910\" data-elementor-post-type=\"post\">\n\t\t\t\t<div class=\"elementor-element elementor-element-2205190 e-flex e-con-boxed e-con e-parent\" data-id=\"2205190\" data-element_type=\"container\" data-e-type=\"container\">\n\t\t\t\t\t<div class=\"e-con-inner\">\n\t\t\t\t<div class=\"elementor-element elementor-element-2c638dc elementor-widget__width-inherit elementor-widget elementor-widget-text-editor\" data-id=\"2c638dc\" data-element_type=\"widget\" data-e-type=\"widget\" data-widget_type=\"text-editor.default\">\n\t\t\t\t<div class=\"elementor-widget-container\">\n\t\t\t\t\t\t\t\t\t<p><span style=\"font-weight: 300;\">\u00a0 \u00a0 \u00a0The January calendar has been posted.\u00a0 We encourage you to notice and appreciate the richness of the meaningful liturgy of the pre-1955 liturgical celebrations, its clarity and encompassing way of presenting \u2013through the hands of the priest\u2013 our prayers to the Lord, in unity with all the traditional intentions and orations the Holy Mother Church instructs us to recall in all Masses of the month.\u00a0 The pre-Bugnini liturgy is, without doubt, the best and most coherent way of defending our traditional Catholic faith in the present time.<\/span><\/p><p><span style=\"font-weight: 300;\">\u00a0 \u00a0 \u00a0The month of January is dedicated to the Holy Name of Jesus, and this great Feast is celebrated this year on January 5, with commemoration of the Vigil of the Epiphany.\u00a0 Also on January 5 is the Feast Day of St. John Neumann, C.Ss.R., Bishop and Confessor, and first American male to be canonized.\u00a0 Our Society defers the celebration of this feast until January 7.\u00a0 Also of note is the Feast of the Epiphany on January 6, Feast of the Holy Family on the 12th, and the Octave Day of the Epiphany on the 13th, which concludes the <\/span><em style=\"font-weight: 300;\">temporal<\/em><span style=\"font-weight: 300;\"> season of Christmas*.\u00a0\u00a0<\/span><\/p><div class=\"elementor-element elementor-element-947c31a elementor-widget elementor-widget-theme-post-content\" data-id=\"947c31a\" data-element_type=\"widget\" data-widget_type=\"theme-post-content.default\"><div class=\"elementor-widget-container\"><div class=\"elementor elementor-4845\" data-elementor-type=\"wp-post\" data-elementor-id=\"4845\" data-elementor-post-type=\"post\"><div class=\"elementor-element elementor-element-b02051d e-flex e-con-boxed e-con e-parent\" data-id=\"b02051d\" data-element_type=\"container\"><div class=\"e-con-inner\"><div class=\"elementor-element elementor-element-db7ac80 elementor-widget elementor-widget-text-editor\" data-id=\"db7ac80\" data-element_type=\"widget\" data-widget_type=\"text-editor.default\"><div class=\"elementor-widget-container\"><h6>* According to the <em>St. Andrew Daily Missal<\/em>, Dom Gaspar Lefebvre, O.S.B., 1945, p. 125.\u00a0 Note that the <em>sanctoral<\/em> season of Christmas ends with the Feast of the Purification on February 2.<\/h6><\/div><\/div><\/div><\/div><\/div><\/div><\/div>\t\t\t\t\t\t\t\t<\/div>\n\t\t\t\t<\/div>\n\t\t\t\t\t<\/div>\n\t\t\t\t<\/div>\n\t\t<div class=\"elementor-element elementor-element-efaba87 e-flex e-con-boxed e-con e-parent\" data-id=\"efaba87\" data-element_type=\"container\" data-e-type=\"container\">\n\t\t\t\t\t<div class=\"e-con-inner\">\n\t\t\t\t<div class=\"elementor-element elementor-element-8ef572a elementor-widget elementor-widget-text-editor\" data-id=\"8ef572a\" data-element_type=\"widget\" data-e-type=\"widget\" data-widget_type=\"text-editor.default\">\n\t\t\t\t<div class=\"elementor-widget-container\">\n\t\t\t\t\t\t\t\t\t<p>\u00a0 \u00a0 \u00a0Si desea ver las p\u00e1ginas del calendario de otros meses del a\u00f1o en curso o de a\u00f1os anteriores, puede consultar la secci\u00f3n\u00a0<a href=\"https:\/\/societyofthemostholyredeemer.org\/es\/liturgical-calendars\/\">Calendarios lit\u00fargicos<\/a>\u00a0de nuestro sitio web.<\/p>\t\t\t\t\t\t\t\t<\/div>\n\t\t\t\t<\/div>\n\t\t\t\t\t<\/div>\n\t\t\t\t<\/div>\n\t\t<div class=\"elementor-element elementor-element-71857e3 e-flex e-con-boxed e-con e-parent\" data-id=\"71857e3\" data-element_type=\"container\" data-e-type=\"container\">\n\t\t\t\t\t<div class=\"e-con-inner\">\n\t\t\t\t<div class=\"elementor-element elementor-element-a3701d5 elementor-widget elementor-widget-gallery\" data-id=\"a3701d5\" data-element_type=\"widget\" data-e-type=\"widget\" data-settings=\"{&quot;columns&quot;:1,&quot;lazyload&quot;:&quot;yes&quot;,&quot;gallery_layout&quot;:&quot;grid&quot;,&quot;columns_tablet&quot;:2,&quot;columns_mobile&quot;:1,&quot;gap&quot;:{&quot;unit&quot;:&quot;px&quot;,&quot;size&quot;:10,&quot;sizes&quot;:[]},&quot;gap_tablet&quot;:{&quot;unit&quot;:&quot;px&quot;,&quot;size&quot;:10,&quot;sizes&quot;:[]},&quot;gap_mobile&quot;:{&quot;unit&quot;:&quot;px&quot;,&quot;size&quot;:10,&quot;sizes&quot;:[]},&quot;link_to&quot;:&quot;file&quot;,&quot;aspect_ratio&quot;:&quot;3:2&quot;,&quot;overlay_background&quot;:&quot;yes&quot;,&quot;content_hover_animation&quot;:&quot;fade-in&quot;}\" data-widget_type=\"gallery.default\">\n\t\t\t\t<div class=\"elementor-widget-container\">\n\t\t\t\t\t\t\t<div class=\"elementor-gallery__container\">\n\t\t\t\t\t\t\t<a class=\"e-gallery-item elementor-gallery-item elementor-animated-content\" href=\"https:\/\/societyofthemostholyredeemer.org\/wp-content\/uploads\/2025\/02\/2025_1_Jan_new-scaled.jpg\" data-elementor-open-lightbox=\"yes\" data-elementor-lightbox-slideshow=\"a3701d5\" data-e-action-hash=\"#elementor-action%3Aaction%3Dlightbox%26settings%3DeyJpZCI6NjM1NiwidXJsIjoiaHR0cHM6XC9cL3NvY2lldHlvZnRoZW1vc3Rob2x5cmVkZWVtZXIub3JnXC93cC1jb250ZW50XC91cGxvYWRzXC8yMDI1XC8wMlwvMjAyNV8xX0phbl9uZXctc2NhbGVkLmpwZyIsInNsaWRlc2hvdyI6ImEzNzAxZDUifQ%3D%3D\">\n\t\t\t\t\t<div class=\"e-gallery-image elementor-gallery-item__image\" data-thumbnail=\"https:\/\/societyofthemostholyredeemer.org\/wp-content\/uploads\/2025\/02\/2025_1_Jan_new-300x204.jpg\" data-width=\"300\" data-height=\"204\" aria-label=\"\" role=\"img\" ><\/div>\n\t\t\t\t\t\t\t\t\t\t\t<div class=\"elementor-gallery-item__overlay\"><\/div>\n\t\t\t\t\t\t\t\t\t\t\t\t\t\t<\/a>\n\t\t\t\t\t<\/div>\n\t\t\t\t\t<\/div>\n\t\t\t\t<\/div>\n\t\t\t\t\t<\/div>\n\t\t\t\t<\/div>\n\t\t\t\t<\/div>","protected":false},"excerpt":{"rendered":"<p>The January calendar has been posted.\u00a0 We encourage you to notice and appreciate the richness of the meaningful liturgy of the pre-1955 liturgical celebrations, its clarity and encompassing way of presenting \u2013through the hands of the priest\u2013 our prayers to &hellip; <a class=\"continue_reading\" href=\"https:\/\/societyofthemostholyredeemer.org\/es\/2025\/01\/02\/january-2025-calendar\/\">Seguir leyendo <span class=\"meta-nav\"><i class=\"fa fa-caret-right\" aria-hidden=\"true\"><\/i><\/span><\/a><\/p>","protected":false},"author":3,"featured_media":5911,"comment_status":"open","ping_status":"open","sticky":false,"template":"","format":"standard","meta":{"_acf_changed":false,"footnotes":""},"categories":[25],"tags":[],"class_list":["post-5910","post","type-post","status-publish","format-standard","has-post-thumbnail","hentry","category-liturgical-calendar"],"acf":[],"_links":{"self":[{"href":"https:\/\/societyofthemostholyredeemer.org\/es\/wp-json\/wp\/v2\/posts\/5910","targetHints":{"allow":["GET"]}}],"collection":[{"href":"https:\/\/societyofthemostholyredeemer.org\/es\/wp-json\/wp\/v2\/posts"}],"about":[{"href":"https:\/\/societyofthemostholyredeemer.org\/es\/wp-json\/wp\/v2\/types\/post"}],"author":[{"embeddable":true,"href":"https:\/\/societyofthemostholyredeemer.org\/es\/wp-json\/wp\/v2\/users\/3"}],"replies":[{"embeddable":true,"href":"https:\/\/societyofthemostholyredeemer.org\/es\/wp-json\/wp\/v2\/comments?post=5910"}],"version-history":[{"count":29,"href":"https:\/\/societyofthemostholyredeemer.org\/es\/wp-json\/wp\/v2\/posts\/5910\/revisions"}],"predecessor-version":[{"id":12121,"href":"https:\/\/societyofthemostholyredeemer.org\/es\/wp-json\/wp\/v2\/posts\/5910\/revisions\/12121"}],"wp:featuredmedia":[{"embeddable":true,"href":"https:\/\/societyofthemostholyredeemer.org\/es\/wp-json\/wp\/v2\/media\/5911"}],"wp:attachment":[{"href":"https:\/\/societyofthemostholyredeemer.org\/es\/wp-json\/wp\/v2\/media?parent=5910"}],"wp:term":[{"taxonomy":"category","embeddable":true,"href":"https:\/\/societyofthemostholyredeemer.org\/es\/wp-json\/wp\/v2\/categories?post=5910"},{"taxonomy":"post_tag","embeddable":true,"href":"https:\/\/societyofthemostholyredeemer.org\/es\/wp-json\/wp\/v2\/tags?post=5910"}],"curies":[{"name":"wp","href":"https:\/\/api.w.org\/{rel}","templated":true}]}}