{"id":6335,"date":"2025-02-01T01:06:42","date_gmt":"2025-02-01T01:06:42","guid":{"rendered":"https:\/\/societyofthemostholyredeemer.org\/?p=6335"},"modified":"2026-02-01T00:26:54","modified_gmt":"2026-02-01T00:26:54","slug":"february-2025-calendar","status":"publish","type":"post","link":"https:\/\/societyofthemostholyredeemer.org\/es\/2025\/02\/01\/february-2025-calendar\/","title":{"rendered":"CALENDARIO FEBRERO 2025"},"content":{"rendered":"<div data-elementor-type=\"wp-post\" data-elementor-id=\"6335\" class=\"elementor elementor-6335\" data-elementor-post-type=\"post\">\n\t\t\t\t<div class=\"elementor-element elementor-element-87b90d9 e-flex e-con-boxed e-con e-parent\" data-id=\"87b90d9\" data-element_type=\"container\" data-e-type=\"container\">\n\t\t\t\t\t<div class=\"e-con-inner\">\n\t\t\t\t<div class=\"elementor-element elementor-element-cbc045f elementor-widget__width-inherit elementor-widget elementor-widget-text-editor\" data-id=\"cbc045f\" data-element_type=\"widget\" data-e-type=\"widget\" data-widget_type=\"text-editor.default\">\n\t\t\t\t<div class=\"elementor-widget-container\">\n\t\t\t\t\t\t\t\t\t<p>\u00a0 \u00a0 \u00a0Ya se ha publicado el calendario de febrero. Os animamos a que os fij\u00e9is y apreci\u00e9is la riqueza de la liturgia significativa de las celebraciones lit\u00fargicas anteriores a 1955, su claridad y forma abarcadora de presentar -a trav\u00e9s de las manos del sacerdote- nuestras oraciones al Se\u00f1or, en unidad con todas las intenciones y oraciones tradicionales que la Santa Madre Iglesia nos manda recordar en todas las Misas del mes. La liturgia pre-Bugnini es, sin duda, la mejor y m\u00e1s coherente forma de defender nuestra fe cat\u00f3lica tradicional en los tiempos actuales.<\/p><p>\u00a0 \u00a0 \u00a0En este mes celebramos la conclusi\u00f3n del <em>sanctoral<\/em> de Navidad* con la fiesta de la Purificaci\u00f3n, el domingo 2 de febrero.  Se bendicen las velas y la liturgia recuerda la Presentaci\u00f3n de Nuestro Se\u00f1or en el Templo y la Purificaci\u00f3n de la Sant\u00edsima Virgen el cuadrag\u00e9simo d\u00eda despu\u00e9s de la Natividad.  En el mes de febrero tambi\u00e9n honramos a la Sant\u00edsima Virgen Mar\u00eda bajo dos de sus muchos t\u00edtulos: el 2 de febrero, recordando sus apariciones a la Hermana Concepcionista, Madre Mariana de Jes\u00fas Torres, en Quito, Ecuador, bajo el t\u00edtulo de <em>Nuestra Se\u00f1ora del Buen Suceso<\/em> (1594-1634); y el 11 de febrero, fiesta de <em>Nuestra Se\u00f1ora de Lourdes<\/em> conmemorando sus apariciones a Santa Bernadette Soubirous en Massabielle, Francia (1858).<\/p><p>\u00a0 \u00a0 \u00a0Observar\u00e1n que el tiempo de Septuagesima comienza el 16 de febrero, lo que permite celebrar los seis domingos despu\u00e9s de Epifan\u00eda en esta primera parte del a\u00f1o, anticip\u00e1ndose el sexto domingo despu\u00e9s de Epifan\u00eda el s\u00e1bado 15 de febrero.  Adem\u00e1s, los Redentoristas tienen el privilegio de celebrar una Misa en honor del Sant\u00edsimo Redentor el 23 de febrero.<\/p>\t\t\t\t\t\t\t\t<\/div>\n\t\t\t\t<\/div>\n\t\t\t\t\t<\/div>\n\t\t\t\t<\/div>\n\t\t<div class=\"elementor-element elementor-element-ab7d0c7 e-flex e-con-boxed e-con e-parent\" data-id=\"ab7d0c7\" data-element_type=\"container\" data-e-type=\"container\">\n\t\t\t\t\t<div class=\"e-con-inner\">\n\t\t\t\t<div class=\"elementor-element elementor-element-19676bd elementor-widget elementor-widget-text-editor\" data-id=\"19676bd\" data-element_type=\"widget\" data-e-type=\"widget\" data-widget_type=\"text-editor.default\">\n\t\t\t\t<div class=\"elementor-widget-container\">\n\t\t\t\t\t\t\t\t\t<h6>* Seg\u00fan el Misal Diario de San Andr\u00e9s, Dom Gaspar Lefebvre, O.S.B., 1945, p. 125. N\u00f3tese que el <i>temporal <\/i>El tiempo de Navidad concluye con la Octava de Epifan\u00eda, el 13 de enero.<\/h6>\t\t\t\t\t\t\t\t<\/div>\n\t\t\t\t<\/div>\n\t\t\t\t\t<\/div>\n\t\t\t\t<\/div>\n\t\t<div class=\"elementor-element elementor-element-2ca3ca4 e-flex e-con-boxed e-con e-parent\" data-id=\"2ca3ca4\" data-element_type=\"container\" data-e-type=\"container\">\n\t\t\t\t\t<div class=\"e-con-inner\">\n\t\t\t\t<div class=\"elementor-element elementor-element-e1b4946 elementor-widget elementor-widget-text-editor\" data-id=\"e1b4946\" data-element_type=\"widget\" data-e-type=\"widget\" data-widget_type=\"text-editor.default\">\n\t\t\t\t<div class=\"elementor-widget-container\">\n\t\t\t\t\t\t\t\t\t<p>\u00a0 \u00a0 \u00a0Si desea ver las p\u00e1ginas del calendario de otros meses del a\u00f1o en curso o de a\u00f1os anteriores, puede consultar la secci\u00f3n\u00a0<a href=\"https:\/\/societyofthemostholyredeemer.org\/es\/liturgical-calendars\/\">Calendarios lit\u00fargicos<\/a>\u00a0de nuestro sitio web.<\/p>\t\t\t\t\t\t\t\t<\/div>\n\t\t\t\t<\/div>\n\t\t\t\t\t<\/div>\n\t\t\t\t<\/div>\n\t\t<div class=\"elementor-element elementor-element-94334f6 e-flex e-con-boxed e-con e-parent\" data-id=\"94334f6\" data-element_type=\"container\" data-e-type=\"container\">\n\t\t\t\t\t<div class=\"e-con-inner\">\n\t\t\t\t<div class=\"elementor-element elementor-element-a891921 elementor-widget elementor-widget-gallery\" data-id=\"a891921\" data-element_type=\"widget\" data-e-type=\"widget\" data-settings=\"{&quot;columns&quot;:1,&quot;lazyload&quot;:&quot;yes&quot;,&quot;gallery_layout&quot;:&quot;grid&quot;,&quot;columns_tablet&quot;:2,&quot;columns_mobile&quot;:1,&quot;gap&quot;:{&quot;unit&quot;:&quot;px&quot;,&quot;size&quot;:10,&quot;sizes&quot;:[]},&quot;gap_tablet&quot;:{&quot;unit&quot;:&quot;px&quot;,&quot;size&quot;:10,&quot;sizes&quot;:[]},&quot;gap_mobile&quot;:{&quot;unit&quot;:&quot;px&quot;,&quot;size&quot;:10,&quot;sizes&quot;:[]},&quot;link_to&quot;:&quot;file&quot;,&quot;aspect_ratio&quot;:&quot;3:2&quot;,&quot;overlay_background&quot;:&quot;yes&quot;,&quot;content_hover_animation&quot;:&quot;fade-in&quot;}\" data-widget_type=\"gallery.default\">\n\t\t\t\t<div class=\"elementor-widget-container\">\n\t\t\t\t\t\t\t<div class=\"elementor-gallery__container\">\n\t\t\t\t\t\t\t<a class=\"e-gallery-item elementor-gallery-item elementor-animated-content\" href=\"https:\/\/societyofthemostholyredeemer.org\/wp-content\/uploads\/2025\/02\/2025_2_Feb_new-scaled.jpg\" data-elementor-open-lightbox=\"yes\" data-elementor-lightbox-slideshow=\"a891921\" data-e-action-hash=\"#elementor-action%3Aaction%3Dlightbox%26settings%3DeyJpZCI6NjM1MSwidXJsIjoiaHR0cHM6XC9cL3NvY2lldHlvZnRoZW1vc3Rob2x5cmVkZWVtZXIub3JnXC93cC1jb250ZW50XC91cGxvYWRzXC8yMDI1XC8wMlwvMjAyNV8yX0ZlYl9uZXctc2NhbGVkLmpwZyIsInNsaWRlc2hvdyI6ImE4OTE5MjEifQ%3D%3D\">\n\t\t\t\t\t<div class=\"e-gallery-image elementor-gallery-item__image\" data-thumbnail=\"https:\/\/societyofthemostholyredeemer.org\/wp-content\/uploads\/2025\/02\/2025_2_Feb_new-300x207.jpg\" data-width=\"300\" data-height=\"207\" aria-label=\"\" role=\"img\" ><\/div>\n\t\t\t\t\t\t\t\t\t\t\t<div class=\"elementor-gallery-item__overlay\"><\/div>\n\t\t\t\t\t\t\t\t\t\t\t\t\t\t<\/a>\n\t\t\t\t\t<\/div>\n\t\t\t\t\t<\/div>\n\t\t\t\t<\/div>\n\t\t\t\t\t<\/div>\n\t\t\t\t<\/div>\n\t\t\t\t<\/div>","protected":false},"excerpt":{"rendered":"<p>The February calendar has been posted. We encourage you to notice and appreciate the richness of the meaningful liturgy of the pre-1955 liturgical celebrations, its clarity and encompassing way of presenting \u2013through the hands of the priest\u2013 our prayers to &hellip; <a class=\"continue_reading\" href=\"https:\/\/societyofthemostholyredeemer.org\/es\/2025\/02\/01\/february-2025-calendar\/\">Seguir leyendo <span class=\"meta-nav\"><i class=\"fa fa-caret-right\" aria-hidden=\"true\"><\/i><\/span><\/a><\/p>","protected":false},"author":3,"featured_media":6155,"comment_status":"open","ping_status":"open","sticky":false,"template":"","format":"standard","meta":{"_acf_changed":false,"footnotes":""},"categories":[25],"tags":[],"class_list":["post-6335","post","type-post","status-publish","format-standard","has-post-thumbnail","hentry","category-liturgical-calendar"],"acf":[],"_links":{"self":[{"href":"https:\/\/societyofthemostholyredeemer.org\/es\/wp-json\/wp\/v2\/posts\/6335","targetHints":{"allow":["GET"]}}],"collection":[{"href":"https:\/\/societyofthemostholyredeemer.org\/es\/wp-json\/wp\/v2\/posts"}],"about":[{"href":"https:\/\/societyofthemostholyredeemer.org\/es\/wp-json\/wp\/v2\/types\/post"}],"author":[{"embeddable":true,"href":"https:\/\/societyofthemostholyredeemer.org\/es\/wp-json\/wp\/v2\/users\/3"}],"replies":[{"embeddable":true,"href":"https:\/\/societyofthemostholyredeemer.org\/es\/wp-json\/wp\/v2\/comments?post=6335"}],"version-history":[{"count":12,"href":"https:\/\/societyofthemostholyredeemer.org\/es\/wp-json\/wp\/v2\/posts\/6335\/revisions"}],"predecessor-version":[{"id":12331,"href":"https:\/\/societyofthemostholyredeemer.org\/es\/wp-json\/wp\/v2\/posts\/6335\/revisions\/12331"}],"wp:featuredmedia":[{"embeddable":true,"href":"https:\/\/societyofthemostholyredeemer.org\/es\/wp-json\/wp\/v2\/media\/6155"}],"wp:attachment":[{"href":"https:\/\/societyofthemostholyredeemer.org\/es\/wp-json\/wp\/v2\/media?parent=6335"}],"wp:term":[{"taxonomy":"category","embeddable":true,"href":"https:\/\/societyofthemostholyredeemer.org\/es\/wp-json\/wp\/v2\/categories?post=6335"},{"taxonomy":"post_tag","embeddable":true,"href":"https:\/\/societyofthemostholyredeemer.org\/es\/wp-json\/wp\/v2\/tags?post=6335"}],"curies":[{"name":"wp","href":"https:\/\/api.w.org\/{rel}","templated":true}]}}