{"id":7896,"date":"2025-04-08T00:33:18","date_gmt":"2025-04-08T00:33:18","guid":{"rendered":"https:\/\/societyofthemostholyredeemer.org\/?p=7896"},"modified":"2026-04-01T17:57:14","modified_gmt":"2026-04-01T17:57:14","slug":"april-2025-calendar","status":"publish","type":"post","link":"https:\/\/societyofthemostholyredeemer.org\/es\/2025\/04\/08\/april-2025-calendar\/","title":{"rendered":"CALENDARIO ABRIL 2025"},"content":{"rendered":"<div data-elementor-type=\"wp-post\" data-elementor-id=\"7896\" class=\"elementor elementor-7896\" data-elementor-post-type=\"post\">\n\t\t\t\t<div class=\"elementor-element elementor-element-732e06f e-flex e-con-boxed e-con e-parent\" data-id=\"732e06f\" data-element_type=\"container\" data-e-type=\"container\">\n\t\t\t\t\t<div class=\"e-con-inner\">\n\t\t\t\t<div class=\"elementor-element elementor-element-f33ecb8 elementor-widget__width-inherit elementor-widget elementor-widget-text-editor\" data-id=\"f33ecb8\" data-element_type=\"widget\" data-e-type=\"widget\" data-widget_type=\"text-editor.default\">\n\t\t\t\t<div class=\"elementor-widget-container\">\n\t\t\t\t\t\t\t\t\t<p>\u00a0 \u00a0 \u00a0Ya se ha publicado el calendario de abril. Os animamos a que os fij\u00e9is y apreci\u00e9is la riqueza de la liturgia significativa de las celebraciones lit\u00fargicas anteriores a 1955, su claridad y forma abarcadora de presentar -a trav\u00e9s de las manos del sacerdote- nuestras oraciones al Se\u00f1or, en unidad con todas las intenciones y oraciones tradicionales que la Santa Madre Iglesia nos manda recordar en todas las Misas del mes. La liturgia pre-Bugnini es, sin duda, la mejor y m\u00e1s coherente forma de defender nuestra fe cat\u00f3lica tradicional en los tiempos actuales.<\/p><p>\u00a0 \u00a0 \u00a0En este mes dedicado a <em>Cristo Redentor<\/em>El 6 de abril entramos en el sombr\u00edo y solemne tiempo de la Pasi\u00f3n, profundizando nuestra preparaci\u00f3n para la gloriosa y triunfante Resurrecci\u00f3n de nuestro Se\u00f1or Jesucristo el 20 de abril. Es durante la Semana Santa y la Pascua donde la liturgia anterior a 1955 difiere notablemente de las revisiones posteriores.<\/p><p>\u00a0 \u00a0 \u00a0Nuestra atenci\u00f3n se dirige tambi\u00e9n a la Sant\u00edsima Virgen Mar\u00eda, de la que la Iglesia conmemora sus Siete Dolores el viernes de la Semana de Pasi\u00f3n (11 de abril) y a la que honra bajo la advocaci\u00f3n de Nuestra Se\u00f1ora del Buen Consejo (26 de abril).  Adem\u00e1s, a quienes se hayan consagrado seg\u00fan la f\u00f3rmula de la Verdadera Devoci\u00f3n de San Luis Mar\u00eda de Montfort, se les concede indulgencia plenaria por la recitaci\u00f3n de la oraci\u00f3n de consagraci\u00f3n el d\u00eda de su fiesta, el 28 de abril.<\/p>\t\t\t\t\t\t\t\t<\/div>\n\t\t\t\t<\/div>\n\t\t\t\t\t<\/div>\n\t\t\t\t<\/div>\n\t\t<div class=\"elementor-element elementor-element-81782df e-flex e-con-boxed e-con e-parent\" data-id=\"81782df\" data-element_type=\"container\" data-e-type=\"container\">\n\t\t\t\t\t<div class=\"e-con-inner\">\n\t\t\t\t<div class=\"elementor-element elementor-element-d790e7e elementor-widget elementor-widget-text-editor\" data-id=\"d790e7e\" data-element_type=\"widget\" data-e-type=\"widget\" data-widget_type=\"text-editor.default\">\n\t\t\t\t<div class=\"elementor-widget-container\">\n\t\t\t\t\t\t\t\t\t<p>\u00a0 \u00a0 \u00a0Si desea ver las p\u00e1ginas del calendario de otros meses del a\u00f1o en curso o de a\u00f1os anteriores, puede consultar la secci\u00f3n\u00a0<a href=\"https:\/\/societyofthemostholyredeemer.org\/es\/liturgical-calendars\/\">Calendarios lit\u00fargicos<\/a>\u00a0de nuestro sitio web.<\/p>\t\t\t\t\t\t\t\t<\/div>\n\t\t\t\t<\/div>\n\t\t\t\t\t<\/div>\n\t\t\t\t<\/div>\n\t\t<div class=\"elementor-element elementor-element-2c90a36 e-flex e-con-boxed e-con e-parent\" data-id=\"2c90a36\" data-element_type=\"container\" data-e-type=\"container\">\n\t\t\t\t\t<div class=\"e-con-inner\">\n\t\t\t\t<div class=\"elementor-element elementor-element-e6d830c elementor-widget elementor-widget-gallery\" data-id=\"e6d830c\" data-element_type=\"widget\" data-e-type=\"widget\" data-settings=\"{&quot;columns&quot;:1,&quot;lazyload&quot;:&quot;yes&quot;,&quot;gallery_layout&quot;:&quot;grid&quot;,&quot;columns_tablet&quot;:2,&quot;columns_mobile&quot;:1,&quot;gap&quot;:{&quot;unit&quot;:&quot;px&quot;,&quot;size&quot;:10,&quot;sizes&quot;:[]},&quot;gap_tablet&quot;:{&quot;unit&quot;:&quot;px&quot;,&quot;size&quot;:10,&quot;sizes&quot;:[]},&quot;gap_mobile&quot;:{&quot;unit&quot;:&quot;px&quot;,&quot;size&quot;:10,&quot;sizes&quot;:[]},&quot;link_to&quot;:&quot;file&quot;,&quot;aspect_ratio&quot;:&quot;3:2&quot;,&quot;overlay_background&quot;:&quot;yes&quot;,&quot;content_hover_animation&quot;:&quot;fade-in&quot;}\" data-widget_type=\"gallery.default\">\n\t\t\t\t<div class=\"elementor-widget-container\">\n\t\t\t\t\t\t\t<div class=\"elementor-gallery__container\">\n\t\t\t\t\t\t\t<a class=\"e-gallery-item elementor-gallery-item elementor-animated-content\" href=\"https:\/\/societyofthemostholyredeemer.org\/wp-content\/uploads\/2025\/04\/2025_4_Apr_new-scaled.jpg\" data-elementor-open-lightbox=\"yes\" data-elementor-lightbox-slideshow=\"e6d830c\" data-e-action-hash=\"#elementor-action%3Aaction%3Dlightbox%26settings%3DeyJpZCI6NzkwMCwidXJsIjoiaHR0cHM6XC9cL3NvY2lldHlvZnRoZW1vc3Rob2x5cmVkZWVtZXIub3JnXC93cC1jb250ZW50XC91cGxvYWRzXC8yMDI1XC8wNFwvMjAyNV80X0Fwcl9uZXctc2NhbGVkLmpwZyIsInNsaWRlc2hvdyI6ImU2ZDgzMGMifQ%3D%3D\">\n\t\t\t\t\t<div class=\"e-gallery-image elementor-gallery-item__image\" data-thumbnail=\"https:\/\/societyofthemostholyredeemer.org\/wp-content\/uploads\/2025\/04\/2025_4_Apr_new-300x207.jpg\" data-width=\"300\" data-height=\"207\" aria-label=\"\" role=\"img\" ><\/div>\n\t\t\t\t\t\t\t\t\t\t\t<div class=\"elementor-gallery-item__overlay\"><\/div>\n\t\t\t\t\t\t\t\t\t\t\t\t\t\t<\/a>\n\t\t\t\t\t<\/div>\n\t\t\t\t\t<\/div>\n\t\t\t\t<\/div>\n\t\t\t\t\t<\/div>\n\t\t\t\t<\/div>\n\t\t\t\t<\/div>","protected":false},"excerpt":{"rendered":"<p>Ya se ha publicado el calendario de abril. Os animamos a que os fij\u00e9is y apreci\u00e9is la riqueza de la liturgia significativa de las celebraciones lit\u00fargicas anteriores a 1955, su claridad y forma abarcadora de presentar -a trav\u00e9s de las manos del sacerdote- nuestras oraciones a ... <a class=\"continue_reading\" href=\"https:\/\/societyofthemostholyredeemer.org\/es\/2025\/04\/08\/april-2025-calendar\/\">Seguir leyendo <span class=\"meta-nav\"><i class=\"fa fa-caret-right\" aria-hidden=\"true\"><\/i><\/span><\/a><\/p>","protected":false},"author":3,"featured_media":7897,"comment_status":"open","ping_status":"open","sticky":false,"template":"","format":"standard","meta":{"_acf_changed":false,"footnotes":""},"categories":[25],"tags":[],"class_list":["post-7896","post","type-post","status-publish","format-standard","has-post-thumbnail","hentry","category-liturgical-calendar"],"acf":[],"_links":{"self":[{"href":"https:\/\/societyofthemostholyredeemer.org\/es\/wp-json\/wp\/v2\/posts\/7896","targetHints":{"allow":["GET"]}}],"collection":[{"href":"https:\/\/societyofthemostholyredeemer.org\/es\/wp-json\/wp\/v2\/posts"}],"about":[{"href":"https:\/\/societyofthemostholyredeemer.org\/es\/wp-json\/wp\/v2\/types\/post"}],"author":[{"embeddable":true,"href":"https:\/\/societyofthemostholyredeemer.org\/es\/wp-json\/wp\/v2\/users\/3"}],"replies":[{"embeddable":true,"href":"https:\/\/societyofthemostholyredeemer.org\/es\/wp-json\/wp\/v2\/comments?post=7896"}],"version-history":[{"count":5,"href":"https:\/\/societyofthemostholyredeemer.org\/es\/wp-json\/wp\/v2\/posts\/7896\/revisions"}],"predecessor-version":[{"id":8393,"href":"https:\/\/societyofthemostholyredeemer.org\/es\/wp-json\/wp\/v2\/posts\/7896\/revisions\/8393"}],"wp:featuredmedia":[{"embeddable":true,"href":"https:\/\/societyofthemostholyredeemer.org\/es\/wp-json\/wp\/v2\/media\/7897"}],"wp:attachment":[{"href":"https:\/\/societyofthemostholyredeemer.org\/es\/wp-json\/wp\/v2\/media?parent=7896"}],"wp:term":[{"taxonomy":"category","embeddable":true,"href":"https:\/\/societyofthemostholyredeemer.org\/es\/wp-json\/wp\/v2\/categories?post=7896"},{"taxonomy":"post_tag","embeddable":true,"href":"https:\/\/societyofthemostholyredeemer.org\/es\/wp-json\/wp\/v2\/tags?post=7896"}],"curies":[{"name":"wp","href":"https:\/\/api.w.org\/{rel}","templated":true}]}}