{"id":8394,"date":"2025-05-01T19:11:47","date_gmt":"2025-05-01T19:11:47","guid":{"rendered":"https:\/\/societyofthemostholyredeemer.org\/?p=8394"},"modified":"2025-06-02T15:33:22","modified_gmt":"2025-06-02T15:33:22","slug":"may-2025-calendar","status":"publish","type":"post","link":"https:\/\/societyofthemostholyredeemer.org\/es\/2025\/05\/01\/may-2025-calendar\/","title":{"rendered":"CALENDARIO MAYO 2025"},"content":{"rendered":"<div data-elementor-type=\"wp-post\" data-elementor-id=\"8394\" class=\"elementor elementor-8394\" data-elementor-post-type=\"post\">\n\t\t\t\t<div class=\"elementor-element elementor-element-732e06f e-flex e-con-boxed e-con e-parent\" data-id=\"732e06f\" data-element_type=\"container\" data-e-type=\"container\">\n\t\t\t\t\t<div class=\"e-con-inner\">\n\t\t\t\t<div class=\"elementor-element elementor-element-f33ecb8 elementor-widget__width-inherit elementor-widget elementor-widget-text-editor\" data-id=\"f33ecb8\" data-element_type=\"widget\" data-e-type=\"widget\" data-widget_type=\"text-editor.default\">\n\t\t\t\t<div class=\"elementor-widget-container\">\n\t\t\t\t\t\t\t\t\t<p>\u00a0 \u00a0 \u00a0Ya se ha publicado el calendario de mayo. Os animamos a que os fij\u00e9is y apreci\u00e9is la riqueza de la liturgia significativa de las celebraciones lit\u00fargicas anteriores a 1955, su claridad y forma abarcadora de presentar -a trav\u00e9s de las manos del sacerdote- nuestras oraciones al Se\u00f1or, en unidad con todas las intenciones y oraciones tradicionales que la Santa Madre Iglesia nos manda recordar en todas las Misas del mes.  La liturgia pre-Bugnini es, sin duda, la mejor y m\u00e1s coherente forma de defender nuestra fe cat\u00f3lica tradicional en los tiempos actuales.<\/p><p>\u00a0 \u00a0 El tiempo de Pascua contin\u00faa durante todo el mes de mayo, y las fiestas movibles que se celebran en mayo este a\u00f1o son: la <em>Patrocinio de San Jos\u00e9<\/em> (3er mi\u00e9rcoles despu\u00e9s de Pascua, 7 de mayo, doble de la primera clase con una octava com\u00fan) y el <em>Fiesta de la Ascensi\u00f3n de Nuestro Se\u00f1or<\/em> (29 de mayo), Fiesta de precepto que va precedida de una vigilia e incluye una Octava Privilegiada de 2\u00aa Clase.\u00a0 <em>D\u00edas de la Rogaci\u00f3n<\/em> son el lunes, martes y mi\u00e9rcoles anteriores a la Ascensi\u00f3n (26-28 de mayo).  Adem\u00e1s, el 31 de mayo es el s\u00e1bado dentro de la Octava de la Ascensi\u00f3n que se dedica a <em>Nuestra Se\u00f1ora Reina de los Ap\u00f3stoles<\/em>.<\/p><p>\u00a0 \u00a0 El mes de mayo est\u00e1 dedicado a la Sant\u00edsima Virgen Mar\u00eda, y en este mes se celebran varios d\u00edas dedicados a ella, entre ellos <em>Nuestra Se\u00f1ora de Pompeya<\/em> (8 de mayo), <em>Nuestra Se\u00f1ora de F\u00e1tima<\/em> (13 de mayo), <em>Nuestra Se\u00f1ora Auxiliadora<\/em> (24 de mayo), y el Doble de la Fiesta de 2\u00aa Clase del <em>Reinado de la Sant\u00edsima Virgen Mar\u00eda<\/em> (31 de mayo).<\/p><p>\u00a0 \u00a0 \u00a0La preparaci\u00f3n del c\u00f3nclave papal para elegir al pr\u00f3ximo Papa ya ha comenzado y se abre, oficialmente, durante la primera semana completa de mayo.  Por favor, considere unir sus oraciones a las de la Sociedad del Sant\u00edsimo Redentor para que se cumpla la santa voluntad de Dios, invocando a toda la Comuni\u00f3n de los Santos, pero especialmente a aquellos celestiales abogados y defensores de la Santa Madre Iglesia cuyas fiestas se celebran este mes, incluyendo: <em>Ap\u00f3stoles Felipe y Santiago<\/em> (1 de mayo); <em>San Atanasio<\/em> (2 de mayo), <em>Papa San P\u00edo V<\/em> (5 de mayo), <em>San Juan Evangelista<\/em> (6 de mayo), <em>San Jos\u00e9<\/em> (7 de mayo), <em>San Miguel Arc\u00e1ngel<\/em> (8 de mayo), <em>San Roberto Belarmino<\/em> (13 de mayo) y, por supuesto, el <em>Sant\u00edsima Virgen Mar\u00eda<\/em>a quien honramos siempre, pero de manera especial cada d\u00eda de mayo.<\/p>\t\t\t\t\t\t\t\t<\/div>\n\t\t\t\t<\/div>\n\t\t\t\t\t<\/div>\n\t\t\t\t<\/div>\n\t\t<div class=\"elementor-element elementor-element-81782df e-flex e-con-boxed e-con e-parent\" data-id=\"81782df\" data-element_type=\"container\" data-e-type=\"container\">\n\t\t\t\t\t<div class=\"e-con-inner\">\n\t\t\t\t<div class=\"elementor-element elementor-element-d790e7e elementor-widget elementor-widget-text-editor\" data-id=\"d790e7e\" data-element_type=\"widget\" data-e-type=\"widget\" data-widget_type=\"text-editor.default\">\n\t\t\t\t<div class=\"elementor-widget-container\">\n\t\t\t\t\t\t\t\t\t<p>\u00a0 \u00a0 \u00a0Si desea ver las p\u00e1ginas del calendario de otros meses del a\u00f1o en curso o de a\u00f1os anteriores, puede consultar la secci\u00f3n\u00a0<a href=\"https:\/\/societyofthemostholyredeemer.org\/es\/liturgical-calendars\/\">Calendarios lit\u00fargicos<\/a>\u00a0de nuestro sitio web.<\/p>\t\t\t\t\t\t\t\t<\/div>\n\t\t\t\t<\/div>\n\t\t\t\t\t<\/div>\n\t\t\t\t<\/div>\n\t\t<div class=\"elementor-element elementor-element-2c90a36 e-flex e-con-boxed e-con e-parent\" data-id=\"2c90a36\" data-element_type=\"container\" data-e-type=\"container\">\n\t\t\t\t\t<div class=\"e-con-inner\">\n\t\t\t\t<div class=\"elementor-element elementor-element-88dacc1 elementor-widget elementor-widget-gallery\" data-id=\"88dacc1\" data-element_type=\"widget\" data-e-type=\"widget\" data-settings=\"{&quot;columns&quot;:1,&quot;lazyload&quot;:&quot;yes&quot;,&quot;gallery_layout&quot;:&quot;grid&quot;,&quot;columns_tablet&quot;:2,&quot;columns_mobile&quot;:1,&quot;gap&quot;:{&quot;unit&quot;:&quot;px&quot;,&quot;size&quot;:10,&quot;sizes&quot;:[]},&quot;gap_tablet&quot;:{&quot;unit&quot;:&quot;px&quot;,&quot;size&quot;:10,&quot;sizes&quot;:[]},&quot;gap_mobile&quot;:{&quot;unit&quot;:&quot;px&quot;,&quot;size&quot;:10,&quot;sizes&quot;:[]},&quot;link_to&quot;:&quot;file&quot;,&quot;aspect_ratio&quot;:&quot;3:2&quot;,&quot;overlay_background&quot;:&quot;yes&quot;,&quot;content_hover_animation&quot;:&quot;fade-in&quot;}\" data-widget_type=\"gallery.default\">\n\t\t\t\t<div class=\"elementor-widget-container\">\n\t\t\t\t\t\t\t<div class=\"elementor-gallery__container\">\n\t\t\t\t\t\t\t<a class=\"e-gallery-item elementor-gallery-item elementor-animated-content\" href=\"https:\/\/societyofthemostholyredeemer.org\/wp-content\/uploads\/2025\/05\/2025_5_May_new-scaled.jpg\" data-elementor-open-lightbox=\"yes\" data-elementor-lightbox-slideshow=\"88dacc1\" data-e-action-hash=\"#elementor-action%3Aaction%3Dlightbox%26settings%3DeyJpZCI6ODk2NSwidXJsIjoiaHR0cHM6XC9cL3NvY2lldHlvZnRoZW1vc3Rob2x5cmVkZWVtZXIub3JnXC93cC1jb250ZW50XC91cGxvYWRzXC8yMDI1XC8wNVwvMjAyNV81X01heV9uZXctc2NhbGVkLmpwZyIsInNsaWRlc2hvdyI6Ijg4ZGFjYzEifQ%3D%3D\">\n\t\t\t\t\t<div class=\"e-gallery-image elementor-gallery-item__image\" data-thumbnail=\"https:\/\/societyofthemostholyredeemer.org\/wp-content\/uploads\/2025\/05\/2025_5_May_new-300x205.jpg\" data-width=\"300\" data-height=\"205\" aria-label=\"\" role=\"img\" ><\/div>\n\t\t\t\t\t\t\t\t\t\t\t<div class=\"elementor-gallery-item__overlay\"><\/div>\n\t\t\t\t\t\t\t\t\t\t\t\t\t\t<\/a>\n\t\t\t\t\t<\/div>\n\t\t\t\t\t<\/div>\n\t\t\t\t<\/div>\n\t\t\t\t\t<\/div>\n\t\t\t\t<\/div>\n\t\t\t\t<\/div>","protected":false},"excerpt":{"rendered":"<p>Ya se ha publicado el calendario de mayo. Os animamos a que os fij\u00e9is y apreci\u00e9is la riqueza de la liturgia significativa de las celebraciones lit\u00fargicas anteriores a 1955, su claridad y forma abarcadora de presentar -a trav\u00e9s de las manos del sacerdote- nuestras oraciones a ... <a class=\"continue_reading\" href=\"https:\/\/societyofthemostholyredeemer.org\/es\/2025\/05\/01\/may-2025-calendar\/\">Seguir leyendo <span class=\"meta-nav\"><i class=\"fa fa-caret-right\" aria-hidden=\"true\"><\/i><\/span><\/a><\/p>","protected":false},"author":3,"featured_media":8410,"comment_status":"open","ping_status":"open","sticky":false,"template":"","format":"standard","meta":{"_acf_changed":false,"footnotes":""},"categories":[25],"tags":[],"class_list":["post-8394","post","type-post","status-publish","format-standard","has-post-thumbnail","hentry","category-liturgical-calendar"],"acf":[],"_links":{"self":[{"href":"https:\/\/societyofthemostholyredeemer.org\/es\/wp-json\/wp\/v2\/posts\/8394","targetHints":{"allow":["GET"]}}],"collection":[{"href":"https:\/\/societyofthemostholyredeemer.org\/es\/wp-json\/wp\/v2\/posts"}],"about":[{"href":"https:\/\/societyofthemostholyredeemer.org\/es\/wp-json\/wp\/v2\/types\/post"}],"author":[{"embeddable":true,"href":"https:\/\/societyofthemostholyredeemer.org\/es\/wp-json\/wp\/v2\/users\/3"}],"replies":[{"embeddable":true,"href":"https:\/\/societyofthemostholyredeemer.org\/es\/wp-json\/wp\/v2\/comments?post=8394"}],"version-history":[{"count":15,"href":"https:\/\/societyofthemostholyredeemer.org\/es\/wp-json\/wp\/v2\/posts\/8394\/revisions"}],"predecessor-version":[{"id":9144,"href":"https:\/\/societyofthemostholyredeemer.org\/es\/wp-json\/wp\/v2\/posts\/8394\/revisions\/9144"}],"wp:featuredmedia":[{"embeddable":true,"href":"https:\/\/societyofthemostholyredeemer.org\/es\/wp-json\/wp\/v2\/media\/8410"}],"wp:attachment":[{"href":"https:\/\/societyofthemostholyredeemer.org\/es\/wp-json\/wp\/v2\/media?parent=8394"}],"wp:term":[{"taxonomy":"category","embeddable":true,"href":"https:\/\/societyofthemostholyredeemer.org\/es\/wp-json\/wp\/v2\/categories?post=8394"},{"taxonomy":"post_tag","embeddable":true,"href":"https:\/\/societyofthemostholyredeemer.org\/es\/wp-json\/wp\/v2\/tags?post=8394"}],"curies":[{"name":"wp","href":"https:\/\/api.w.org\/{rel}","templated":true}]}}