{"id":8743,"date":"2025-05-14T19:33:58","date_gmt":"2025-05-14T19:33:58","guid":{"rendered":"https:\/\/societyofthemostholyredeemer.org\/?p=8743"},"modified":"2025-05-14T19:55:06","modified_gmt":"2025-05-14T19:55:06","slug":"saint-joseph-so-much-more-than-a-worker","status":"publish","type":"post","link":"https:\/\/societyofthemostholyredeemer.org\/es\/2025\/05\/14\/saint-joseph-so-much-more-than-a-worker\/","title":{"rendered":"SAN JOS\u00c9: MUCHO M\u00c1S QUE UN TRABAJADOR"},"content":{"rendered":"<div data-elementor-type=\"wp-post\" data-elementor-id=\"8743\" class=\"elementor elementor-8743\" data-elementor-post-type=\"post\">\n\t\t\t\t<div class=\"elementor-element elementor-element-cdac05d e-flex e-con-boxed e-con e-parent\" data-id=\"cdac05d\" data-element_type=\"container\" data-e-type=\"container\">\n\t\t\t\t\t<div class=\"e-con-inner\">\n\t\t\t\t<div class=\"elementor-element elementor-element-719957d elementor-widget elementor-widget-text-editor\" data-id=\"719957d\" data-element_type=\"widget\" data-e-type=\"widget\" data-widget_type=\"text-editor.default\">\n\t\t\t\t<div class=\"elementor-widget-container\">\n\t\t\t\t\t\t\t\t\t<p>\u00a0 \u00a0 \u00a0En el calendario lit\u00fargico anterior a 1955, hoy (14 de mayo) es el d\u00eda de la Octava del <em>Patrocinio de San Jos\u00e9<\/em>.  Para los sacerdotes que siguen este calendario, el <em>Solemnidad de San Jos\u00e9, Esposo de la Bienaventurada Virgen Mar\u00eda y Patrono de la Iglesia Universal<\/em> se ha conmemorado cada d\u00eda siguiente a la fiesta del Tercer Mi\u00e9rcoles despu\u00e9s de Pascua.  Los que siguen un calendario posterior celebran <em>San Jos\u00e9 Obrero<\/em> el 1 de mayo, el mismo d\u00eda en que los comunistas saludan al \"trabajador\" gen\u00e9rico y los paganos celebran su fiesta de Beltane.<\/p><p>\u00a0 \u00a0 \u00a0Si hubiera que se\u00f1alar un solo acontecimiento que demostrara la disposici\u00f3n para la revoluci\u00f3n del Concilio Vaticano II, habr\u00eda que considerar la sustituci\u00f3n de la Fiesta del Patrocinio de San Jos\u00e9.<\/p><p><u>Breve historia de las Fiestas:<\/u><\/p><p>\u00a0 \u00a0 \u00a0Seg\u00fan Dom Gueranger en el <em>A\u00f1o Lit\u00fargico<\/em>El 10 de septiembre de 1847, el Papa P\u00edo IX instituy\u00f3 la Fiesta del Patrocinio mediante un Decreto Apost\u00f3lico.  Esta devoci\u00f3n a San Jos\u00e9, ya permitida a los Carmelitas y a un cierto n\u00famero de di\u00f3cesis de todo el mundo desde hac\u00eda m\u00e1s de un siglo, deb\u00eda guardarse a partir de entonces en toda la Iglesia Universal.  Dom Gueranger escribi\u00f3:<\/p><p style=\"padding-left: 40px;\">\"La Iglesia estaba en v\u00edsperas de duras pruebas; y su glorioso Pont\u00edfice, P\u00edo IX, por un sagrado instinto, fue impulsado a atraer sobre el reba\u00f1o a \u00e9l confiado la poderosa protecci\u00f3n de San Jos\u00e9, quien ciertamente nunca ha tenido mayores miserias y peligros que alejar del mundo, que los que amenazan a la \u00e9poca actual.\"<\/p><p>\u00a0 \u00a0 \u00a0La fiesta ten\u00eda el rango de Doble de Primera Clase.  Tambi\u00e9n era una fiesta m\u00f3vil, que deb\u00eda celebrarse el tercer domingo despu\u00e9s de Pascua (m\u00e1s tarde, el Papa San P\u00edo X la cambi\u00f3 al tercer mi\u00e9rcoles despu\u00e9s de Pascua, y tambi\u00e9n a\u00f1adi\u00f3 la Octava Com\u00fan).  San Jos\u00e9 fue el \u00fanico santo, a excepci\u00f3n de la Sant\u00edsima Virgen Mar\u00eda, al que se le concedi\u00f3 una fiesta vinculada a la Pascua.  Y este honor exclusivo parece justo, dada la \u00edntima participaci\u00f3n de San Jos\u00e9 en la historia de la Redenci\u00f3n.<\/p><p>\u00a0 \u00a0 \u00a0Durante el pontificado de P\u00edo XII, la Solemnidad del Patrocinio fue suprimida y sustituida por la Fiesta de San Jos\u00e9 Obrero en la fecha fija del 1 de mayo.  De Wikipedia:<\/p><p style=\"padding-left: 40px;\">\u00a0 \u00a0 \u00a0\"En 1955, el Papa P\u00edo XII introdujo en su lugar [es decir, la Solemnidad del Patrocinio] la fiesta de <em>San Jos\u00e9 Obrero<\/em> El 1 de mayo en el Calendario Romano General como contrapartida eclesi\u00e1stica al D\u00eda Internacional de los Trabajadores que se celebra el mismo d\u00eda.  Esto refleja la condici\u00f3n de San Jos\u00e9 como patr\u00f3n de los trabajadores.  P\u00edo XII estableci\u00f3 la fiesta tanto para honrar a San Jos\u00e9 como para concienciar a la gente de la dignidad del trabajo humano\".<\/p><p><u>\u00bfImporta el cambio de d\u00eda festivo?<\/u><\/p><p>\u00a0 \u00a0 \u00a0La excelsa dignidad de San Jos\u00e9 deriva del singular papel para el que Dios Padre lo eligi\u00f3 entre todos los dem\u00e1s hombres: ser el protector de la Sant\u00edsima Virgen Mar\u00eda y ejercer los derechos y responsabilidades de la paternidad sobre el Hijo de Dios hecho hombre.  Trabajar era una parte necesaria de su papel como proveedor de la Sagrada Familia, pero no era una caracter\u00edstica definitoria.  Todos los hombres est\u00e1n obligados, desde la ca\u00edda de Ad\u00e1n, a trabajar.  En<em> Letan\u00eda de San Jos\u00e9<\/em> contiene otros t\u00edtulos gloriosos con los que la Iglesia le honra, muchos de los cuales se aplican \u00fanicamente a \u00e9l.  San Jos\u00e9 es mucho m\u00e1s que un trabajador.<\/p><p>\u00a0 \u00a0 \u00a0Era una extensi\u00f3n l\u00f3gica seleccionar al protector de la Sagrada Familia para que fuera el protector de la Iglesia Universal.  Los peligros para la Iglesia en 1955 eran a\u00fan mayores que los de 1847, cuando se estableci\u00f3 la fiesta del Patrocinio, y sin embargo la nueva fiesta desvi\u00f3 la atenci\u00f3n de la supervisi\u00f3n paternal de San Jos\u00e9 y la puso a competir con los enemigos de la Iglesia utilizando su fecha, su lengua y sus locales.  Al fijar la fecha de la celebraci\u00f3n festiva, recuper\u00f3 una prerrogativa concedida anteriormente a San Jos\u00e9.  Elimin\u00f3 el elemento sobrenatural de la intervenci\u00f3n celestial y se centr\u00f3 en el elemento humano de la dignidad del trabajo y del trabajador.  \u00bfEs posible que este cambio de d\u00eda festivo haya surgido de la misma fuente ideol\u00f3gica que llevar\u00eda, unos a\u00f1os m\u00e1s tarde, al Vaticano II a ensalzar \"la dignidad del hombre\"?<\/p><p>\u00a0 \u00a0 \u00a0Se podr\u00eda especular que al suprimir la fiesta del Patrocinio de San Jos\u00e9, se suprimi\u00f3 tambi\u00e9n la protecci\u00f3n que San Jos\u00e9 hab\u00eda estado proporcionando.  \u00bfHabr\u00eda podido celebrarse el Concilio Vaticano II si la Iglesia hubiera seguido invocando la protecci\u00f3n de San Jos\u00e9 en todos sus atributos, pero especialmente el de Patrono de la Iglesia Universal?<\/p><p>\u00a0 \u00a0 \u00a0Tambi\u00e9n se podr\u00eda conjeturar que alabar a San Jos\u00e9 \u00fanicamente como trabajador minimiza y oscurece el aspecto del Patriarcado.  Al fin y al cabo, los comunistas no distinguen entre hombres y mujeres en su idealizaci\u00f3n del trabajador y, de hecho, hacen hincapi\u00e9 en la igualdad entre los sexos.  \u00bfEs s\u00f3lo una coincidencia que el papel del padre haya sido menospreciado y que la estructura de la familia nuclear se haya roto en los tiempos modernos?<\/p><p>\u00a0 \u00a0 \u00a0Cabe mencionar otro punto relativo al 1 de mayo.  Antes de 1955, el primero de mayo ya era una fiesta importante en la Iglesia universal: la de los ap\u00f3stoles Felipe y Santiago, dos de los pastores originales de la Iglesia que derramaron su sangre en defensa de la Fe.  Seg\u00fan la tradici\u00f3n, el 1 de mayo es el aniversario del traslado de sus cuerpos a Roma.  \u00bfAcaso el honrar a estos dos Ap\u00f3stoles en ese d\u00eda -y especialmente a Santiago, a quien las Sagradas Escrituras se refer\u00edan como <em>Hermano del Se\u00f1or<\/em> (Gal. i., 19 y en otros lugares) y recomendada por nuestro Salvador para proteger a la Iglesia de Jerusal\u00e9n, \u00bfproporciona un contrapeso a la observancia comunista\/pagana del 1 de mayo?  \u00bfPoner a San Jos\u00e9 Obrero en su lugar ha frenado la expansi\u00f3n del comunismo, en todas sus formas, por todo el mundo?<\/p><p>\u00a0 \u00a0 \u00a0Lo cierto es que la crisis de fe y moral en la Iglesia no ha cesado desde la alteraci\u00f3n de la liturgia en 1955.  Fuimos advertidos por Nuestra Se\u00f1ora; el mismo Papa P\u00edo XII expres\u00f3 su preocupaci\u00f3n al respecto, y sin embargo permiti\u00f3 que se realizaran m\u00faltiples cambios durante su pontificado.  Rezamos para que la revoluci\u00f3n en la Iglesia sea sofocada y sus Sagradas Tradiciones restauradas, incluyendo los privilegios especiales concedidos a San Jos\u00e9 y otros Santos que se reflejan en la liturgia y el calendario tridentinos anteriores a 1955.\u00a0<\/p><p style=\"text-align: center;\"><em>SAN JOS\u00c9, ESPOSO DE LA BIENAVENTURADA VIRGEN MAR\u00cdA Y PATRONO DE LA IGLESIA UNIVERSAL, RUEGA POR NOSOTROS.<\/em><\/p>\t\t\t\t\t\t\t\t<\/div>\n\t\t\t\t<\/div>\n\t\t\t\t\t<\/div>\n\t\t\t\t<\/div>\n\t\t\t\t<\/div>","protected":false},"excerpt":{"rendered":"<p>En el calendario lit\u00fargico anterior a 1955, hoy (14 de mayo) es la Octava del Patrocinio de San Jos\u00e9.  Para los sacerdotes que siguen este calendario, la Solemnidad de San Jos\u00e9, Esposo de la Sant\u00edsima Virgen Mar\u00eda y Patrono de la ... <a class=\"continue_reading\" href=\"https:\/\/societyofthemostholyredeemer.org\/es\/2025\/05\/14\/saint-joseph-so-much-more-than-a-worker\/\">Seguir leyendo <span class=\"meta-nav\"><i class=\"fa fa-caret-right\" aria-hidden=\"true\"><\/i><\/span><\/a><\/p>","protected":false},"author":3,"featured_media":8264,"comment_status":"open","ping_status":"open","sticky":false,"template":"","format":"standard","meta":{"_acf_changed":false,"footnotes":""},"categories":[25],"tags":[],"class_list":["post-8743","post","type-post","status-publish","format-standard","has-post-thumbnail","hentry","category-liturgical-calendar"],"acf":[],"_links":{"self":[{"href":"https:\/\/societyofthemostholyredeemer.org\/es\/wp-json\/wp\/v2\/posts\/8743","targetHints":{"allow":["GET"]}}],"collection":[{"href":"https:\/\/societyofthemostholyredeemer.org\/es\/wp-json\/wp\/v2\/posts"}],"about":[{"href":"https:\/\/societyofthemostholyredeemer.org\/es\/wp-json\/wp\/v2\/types\/post"}],"author":[{"embeddable":true,"href":"https:\/\/societyofthemostholyredeemer.org\/es\/wp-json\/wp\/v2\/users\/3"}],"replies":[{"embeddable":true,"href":"https:\/\/societyofthemostholyredeemer.org\/es\/wp-json\/wp\/v2\/comments?post=8743"}],"version-history":[{"count":5,"href":"https:\/\/societyofthemostholyredeemer.org\/es\/wp-json\/wp\/v2\/posts\/8743\/revisions"}],"predecessor-version":[{"id":8749,"href":"https:\/\/societyofthemostholyredeemer.org\/es\/wp-json\/wp\/v2\/posts\/8743\/revisions\/8749"}],"wp:featuredmedia":[{"embeddable":true,"href":"https:\/\/societyofthemostholyredeemer.org\/es\/wp-json\/wp\/v2\/media\/8264"}],"wp:attachment":[{"href":"https:\/\/societyofthemostholyredeemer.org\/es\/wp-json\/wp\/v2\/media?parent=8743"}],"wp:term":[{"taxonomy":"category","embeddable":true,"href":"https:\/\/societyofthemostholyredeemer.org\/es\/wp-json\/wp\/v2\/categories?post=8743"},{"taxonomy":"post_tag","embeddable":true,"href":"https:\/\/societyofthemostholyredeemer.org\/es\/wp-json\/wp\/v2\/tags?post=8743"}],"curies":[{"name":"wp","href":"https:\/\/api.w.org\/{rel}","templated":true}]}}