{"id":9028,"date":"2025-05-26T14:26:22","date_gmt":"2025-05-26T14:26:22","guid":{"rendered":"https:\/\/societyofthemostholyredeemer.org\/?p=9028"},"modified":"2025-06-02T15:28:41","modified_gmt":"2025-06-02T15:28:41","slug":"devotion-to-the-blessed-virgin-mary-completion","status":"publish","type":"post","link":"https:\/\/societyofthemostholyredeemer.org\/es\/2025\/05\/26\/devotion-to-the-blessed-virgin-mary-completion\/","title":{"rendered":"DEVOCI\u00d3N A LA SANT\u00cdSIMA VIRGEN MAR\u00cdA, terminaci\u00f3n"},"content":{"rendered":"<div data-elementor-type=\"wp-post\" data-elementor-id=\"9028\" class=\"elementor elementor-9028\" data-elementor-post-type=\"post\">\n\t\t\t\t<div class=\"elementor-element elementor-element-732e06f e-flex e-con-boxed e-con e-parent\" data-id=\"732e06f\" data-element_type=\"container\" data-e-type=\"container\">\n\t\t\t\t\t<div class=\"e-con-inner\">\n\t\t\t\t<div class=\"elementor-element elementor-element-f33ecb8 elementor-widget__width-inherit elementor-widget elementor-widget-text-editor\" data-id=\"f33ecb8\" data-element_type=\"widget\" data-e-type=\"widget\" data-widget_type=\"text-editor.default\">\n\t\t\t\t<div class=\"elementor-widget-container\">\n\t\t\t\t\t\t\t\t\t<p>\u00a0 \u00a0 \u00a0Concluimos nuestra serie de oraciones y meditaciones en honor de la Sant\u00edsima Virgen Mar\u00eda bajo sus diversas advocaciones durante esta \u00faltima semana del mes de mayo.<\/p>\t\t\t\t\t\t\t\t<\/div>\n\t\t\t\t<\/div>\n\t\t\t\t\t<\/div>\n\t\t\t\t<\/div>\n\t\t<div class=\"elementor-element elementor-element-1ac2ce4 e-flex e-con-boxed e-con e-parent\" data-id=\"1ac2ce4\" data-element_type=\"container\" data-e-type=\"container\">\n\t\t\t\t\t<div class=\"e-con-inner\">\n\t\t\t\t<div class=\"elementor-element elementor-element-f811bd5 elementor-widget__width-inherit elementor-widget elementor-widget-accordion\" data-id=\"f811bd5\" data-element_type=\"widget\" data-e-type=\"widget\" data-widget_type=\"accordion.default\">\n\t\t\t\t<div class=\"elementor-widget-container\">\n\t\t\t\t\t\t\t<div class=\"elementor-accordion\">\n\t\t\t\t\t\t\t<div class=\"elementor-accordion-item\">\n\t\t\t\t\t<div id=\"elementor-tab-title-2601\" class=\"elementor-tab-title\" data-tab=\"1\" role=\"button\" aria-controls=\"elementor-tab-content-2601\" aria-expanded=\"false\">\n\t\t\t\t\t\t\t\t\t\t\t\t\t<span class=\"elementor-accordion-icon elementor-accordion-icon-left\" aria-hidden=\"true\">\n\t\t\t\t\t\t\t\t\t\t\t\t\t\t\t<span class=\"elementor-accordion-icon-closed\"><i class=\"fas fa-plus\"><\/i><\/span>\n\t\t\t\t\t\t\t\t<span class=\"elementor-accordion-icon-opened\"><i class=\"fas fa-minus\"><\/i><\/span>\n\t\t\t\t\t\t\t\t\t\t\t\t\t\t<\/span>\n\t\t\t\t\t\t\t\t\t\t\t\t<a class=\"elementor-accordion-title\" tabindex=\"0\">26 al 31 de MAYO<\/a>\n\t\t\t\t\t<\/div>\n\t\t\t\t\t<div id=\"elementor-tab-content-2601\" class=\"elementor-tab-content elementor-clearfix\" data-tab=\"1\" role=\"region\" aria-labelledby=\"elementor-tab-title-2601\"><\/div>\n\t\t\t\t<\/div>\n\t\t\t\t\t\t\t<div class=\"elementor-accordion-item\">\n\t\t\t\t\t<div id=\"elementor-tab-title-2602\" class=\"elementor-tab-title\" data-tab=\"2\" role=\"button\" aria-controls=\"elementor-tab-content-2602\" aria-expanded=\"false\">\n\t\t\t\t\t\t\t\t\t\t\t\t\t<span class=\"elementor-accordion-icon elementor-accordion-icon-left\" aria-hidden=\"true\">\n\t\t\t\t\t\t\t\t\t\t\t\t\t\t\t<span class=\"elementor-accordion-icon-closed\"><i class=\"fas fa-plus\"><\/i><\/span>\n\t\t\t\t\t\t\t\t<span class=\"elementor-accordion-icon-opened\"><i class=\"fas fa-minus\"><\/i><\/span>\n\t\t\t\t\t\t\t\t\t\t\t\t\t\t<\/span>\n\t\t\t\t\t\t\t\t\t\t\t\t<a class=\"elementor-accordion-title\" tabindex=\"0\">31 DE MAYO - REINA DE LOS AP\u00d3STOLES<\/a>\n\t\t\t\t\t<\/div>\n\t\t\t\t\t<div id=\"elementor-tab-content-2602\" class=\"elementor-tab-content elementor-clearfix\" data-tab=\"2\" role=\"region\" aria-labelledby=\"elementor-tab-title-2602\"><p style=\"text-align: center;\"><em>Regina Apostolorum - Reina de los Ap\u00f3stoles<\/em><\/p><p>\u00a0 \u00a0 \u00a0Hoy, 31 de mayo de 2025, es s\u00e1bado dentro de la Octava de la Ascensi\u00f3n, y tradicionalmente, es el d\u00eda para honrar a Nuestra Se\u00f1ora Reina de los Ap\u00f3stoles.  El 31 de<sup>st<\/sup> de mayo es tambi\u00e9n la fiesta de la Realeza de la Sant\u00edsima Virgen Mar\u00eda.  \u00a1Qu\u00e9 oportuno que este d\u00eda de la semana dedicado a la Virgen, al final del mes dedicado a la Virgen, tenga a\u00fan m\u00e1s motivos para celebrarla!<\/p><p>\u00a0 \u00a0 \u00a0Lo siguiente es lo correcto <em>Recoger<\/em> de la Misa de Nuestra Se\u00f1ora Reina de los Ap\u00f3stoles:<\/p><p style=\"padding-left: 40px;\"><em>\u00a0 \u00a0 \u00a0Oh Dios, que diste el Esp\u00edritu Santo a tus Ap\u00f3stoles, que oraron un\u00e1nimes con Mar\u00eda, la Madre de Jes\u00fas: conc\u00e9denos que, bajo la protecci\u00f3n de la misma, Madre y Reina de los Ap\u00f3stoles, podamos servir fielmente a tu majestad y difundir la gloria de tu Nombre con la palabra y el ejemplo.  Por el mismo Cristo, Nuestro Se\u00f1or, que vive y reina por los siglos de los siglos.  Am\u00e9n.<\/em><\/p><p><b>Consideraci\u00f3n de <em>El nuevo mes de Mar\u00eda<br \/><\/em><\/b>(Very Rev. P.R. Kenrick, 1841)<\/p><p style=\"text-align: center;\"><em>\"Y apareci\u00f3 una gran se\u00f1al en el cielo.  Una mujer vestida del sol, y la luna bajo sus pies, y sobre su cabeza una corona de doce estrellas.\" <\/em>- (Apocalipsis, xii., 1).<\/p><p>\u00a0 \u00a0 \u00a0As\u00ed entienden algunos santos Padres a la Sant\u00edsima Virgen.  Est\u00e1 vestida de sol, por su \u00edntima relaci\u00f3n con Cristo, sol de Justicia; tiene la luna bajo sus pies, porque es el gran canal de la misericordia de Dios para con los hombres; y sobre su cabeza hay una corona de doce estrellas, porque esas doce grandes luces del mundo, los Ap\u00f3stoles, la reconocen por su Reina, y rodean su cabeza con una nueva corona de gloria.  \u00a1C\u00f3mo debieron amar a Mar\u00eda, la madre de su amado Maestro, estos disc\u00edpulos escogidos de Jesucristo!  \u00a1Con qu\u00e9 reverencia la consideraban a Ella, que era la Madre de Aqu\u00e9l, cuyo poder hab\u00edan visto tan frecuente y maravillosamente desplegado, y cuya naturaleza divina el mismo Padre les hab\u00eda revelado por medio de Pedro!  Mar\u00eda fue la maestra de los Ap\u00f3stoles, porque de ella aprendieron muchas de las circunstancias que precedieron y siguieron al nacimiento de Cristo, que de otro modo no habr\u00edan podido conocer, salvo por revelaci\u00f3n expresa.  Se menciona especialmente que ella estuvo unida a ellos en oraci\u00f3n y retiro, despu\u00e9s de la Ascensi\u00f3n de nuestro Se\u00f1or, cuando eligieron al Ap\u00f3stol Mat\u00edas, y cuando el Esp\u00edritu Santo descendi\u00f3 sobre ellos.  Podemos estar seguros de que, como el Esp\u00edritu Divino se comunica en proporci\u00f3n a las disposiciones de aquellos a quienes visita, Mar\u00eda recibi\u00f3 gracias en esta ocasi\u00f3n, que la convirtieron en la admiraci\u00f3n del colegio apost\u00f3lico, por el aumento de celo y constancia que manifest\u00f3.  Con semejante ejemplo ante s\u00ed, \u00bfhay que extra\u00f1arse de que los Ap\u00f3stoles cooperaran tan fielmente a las gracias que entonces recibieron, y de que salieran a anunciar la buena nueva de la salvaci\u00f3n, sin dejarse intimidar por los peligros a que as\u00ed se expon\u00edan?  Si ahora son estrellas brillantes y resplandecientes en el cielo, deben gran parte de su \u00e9xito a la influencia del ejemplo de Mar\u00eda y a la eficacia de sus oraciones.<\/p><p><b>Consideraciones de <\/b><em><b>Letan\u00edas ilustradas de Loreto<\/b><br \/><\/em> (Rev. P. T.C. Pope, 1878)<\/p><p>CONSIDERACI\u00d3N II<br \/>\u00a0 \u00a0 \u00a0Los Ap\u00f3stoles son llamados por Cristo, <em>Lux mundi, la Luz del mundo<\/em>pero Mar\u00eda es digna de un nombre m\u00e1s glorioso, y puede, en un sentido restringido, ser llamada <em>Sol mundi - el Sol del mundo<\/em>\u00bfpor qu\u00e9?  Porque, para todos los que la suplican devotamente, Ella obtiene la luz de la gracia, e irradia con los rayos de su misericordia a todos los que est\u00e1n envueltos en las tinieblas de la adversidad.  La nube de d\u00eda y la columna de fuego de noche, que guiaron a los israelitas en su viaje por el desierto hacia la tierra prometida, pueden considerarse como tipos de Mar\u00eda, que de d\u00eda y de noche nos gu\u00eda en nuestro viaje, a trav\u00e9s del desierto de este mundo, hacia la patria celestial.<\/p><p>CONSIDERACI\u00d3N III<br \/>\u00a0 \u00a0 \u00a0En efecto, todos los Ap\u00f3stoles se someten gozosos a Mar\u00eda como Reina y proclaman sus alabanzas, pero sobre todo Juan, para quien fue nombrada madre, y Pedro, para quien, despu\u00e9s de haber negado tres veces a Cristo, obtuvo la gracia y el perd\u00f3n.  Mateo, con estas pocas palabras, <em>De qua natus est Jesus, qui vocatur Christus - de quien naci\u00f3 Jes\u00fas, llamado el Cristo<\/em>proclama el mayor elogio de Mar\u00eda.  En su entierro, Tom\u00e1s pronunci\u00f3 un admirable discurso, ensalzando las alabanzas de Mar\u00eda.  Bartolom\u00e9 recit\u00f3 cada d\u00eda cien veces, y de nuevo recit\u00f3 cada noche cien veces, el <em>Saludo ang\u00e9lico<\/em>.  Santiago el Viejo, incluso durante la vida de Mar\u00eda, erigi\u00f3 en Espa\u00f1a una capilla en su honor.  Pero, \u00bfpor qu\u00e9 citar tantos ejemplos?  Todos los Ap\u00f3stoles, en todos los tiempos, emplearon todos los esfuerzos a su alcance para manifestar el honor en que ten\u00edan a Mar\u00eda.<\/p><p>ORACI\u00d3N (de <em>El nuevo mes de Mar\u00eda<\/em>)<\/p><p style=\"padding-left: 40px;\"><em>\u00a0 \u00a0 \u00a0Oh Mar\u00eda, los Ap\u00f3stoles lo dejaron todo para promover la gloria de Dios; los confesores trabajaron sin cesar por el mismo glorioso objeto.  T\u00fa has superado a los Ap\u00f3stoles por la perfecci\u00f3n de tu sacrificio y por el fervor de tu celo; t\u00fa superas a los confesores por la intrepidez con que confesaste a Cristo, abandonado de todos y expirando en la cruz.  Obt\u00e9n para m\u00ed una porci\u00f3n del esp\u00edritu apost\u00f3lico, un celo por mi propia salvaci\u00f3n y la salvaci\u00f3n de mis hermanos.  Haz que me esfuerce, por todos los medios a mi alcance, en extender el reino de tu divino Hijo, y que ofrezca incesantemente mi oraci\u00f3n por la conversi\u00f3n de todos los que todav\u00eda est\u00e1n sentados en las tinieblas y en la sombra de la muerte, o que est\u00e1n alejados del \u00fanico redil del \u00fanico Pastor, tu divino Hijo.  Hazme siempre dispuesto a confesar a Jesucristo de palabra y obra, para que as\u00ed, por tu poderosa intercesi\u00f3n, ... pueda ser reconocido por \u00c9l, ante su Padre Celestial.  Am\u00e9n.<\/em><\/p><p style=\"text-align: center;\">REINA DE LOS AP\u00d3STOLES,<br \/>\u00a1REZA POR NOSOTROS!<\/p><\/div>\n\t\t\t\t<\/div>\n\t\t\t\t\t\t\t<div class=\"elementor-accordion-item\">\n\t\t\t\t\t<div id=\"elementor-tab-title-2603\" class=\"elementor-tab-title\" data-tab=\"3\" role=\"button\" aria-controls=\"elementor-tab-content-2603\" aria-expanded=\"false\">\n\t\t\t\t\t\t\t\t\t\t\t\t\t<span class=\"elementor-accordion-icon elementor-accordion-icon-left\" aria-hidden=\"true\">\n\t\t\t\t\t\t\t\t\t\t\t\t\t\t\t<span class=\"elementor-accordion-icon-closed\"><i class=\"fas fa-plus\"><\/i><\/span>\n\t\t\t\t\t\t\t\t<span class=\"elementor-accordion-icon-opened\"><i class=\"fas fa-minus\"><\/i><\/span>\n\t\t\t\t\t\t\t\t\t\t\t\t\t\t<\/span>\n\t\t\t\t\t\t\t\t\t\t\t\t<a class=\"elementor-accordion-title\" tabindex=\"0\">30 DE MAYO - REINA DE LA PAZ<\/a>\n\t\t\t\t\t<\/div>\n\t\t\t\t\t<div id=\"elementor-tab-content-2603\" class=\"elementor-tab-content elementor-clearfix\" data-tab=\"3\" role=\"region\" aria-labelledby=\"elementor-tab-title-2603\"><p style=\"text-align: center;\"><em>Regina pacis - Reina de la Paz<\/em><\/p><p>\u00a0 \u00a0 \u00a0Este t\u00edtulo esperanzador y consolador se a\u00f1adi\u00f3 a las Letan\u00edas de Loreto a ra\u00edz de una carta pastoral del 5 de mayo de 1917 del Papa Benedicto XV, en la que ped\u00eda el fin de la Primera Guerra Mundial:<\/p><p style=\"padding-left: 40px;\">\u00a0 \u00a0 \u00a0\"Nuestra voz suplicante, invocando el fin del vasto conflicto, el suicidio de la Europa civilizada, fue entonces y ha permanecido desde entonces deso\u00edda. ... A Mar\u00eda, pues, que es Madre de Misericordia y omnipotente por la gracia, suban s\u00faplicas amorosas y devotas desde todos los rincones de la tierra -desde los templos nobles y las capillas m\u00e1s peque\u00f1as, desde los palacios reales y las mansiones de los ricos como desde la choza m\u00e1s pobre-, desde las llanuras y los mares ba\u00f1ados en sangre. Que le lleve el grito angustiado de las madres y de las esposas, el llanto de los peque\u00f1os inocentes, los suspiros de todo coraz\u00f3n generoso: que su solicitud m\u00e1s tierna y benigna se conmueva y obtenga para nuestro mundo agitado la paz que pedimos.\"<\/p><p>\u00a0 \u00a0 \u00a0Como se se\u00f1ala en el <a href=\"https:\/\/societyofthemostholyredeemer.org\/es\/2025\/05\/09\/devotion-to-the-blessed-virgin-mary-continued\/\">Puesto del 13 de mayo<\/a> sobre el t\u00edtulo mariano de \"Reina del Sant\u00edsimo Rosario\", esta acci\u00f3n del Papa parece haber sido un preludio de las seis apariciones de la Sant\u00edsima Virgen Mar\u00eda a tres ni\u00f1os pastores en una zona cercana a F\u00e1tima, Portugal, la primera de las cuales ocurri\u00f3 s\u00f3lo 8 d\u00edas despu\u00e9s de la carta pastoral.  A lo largo de estas visitas mensuales consecutivas de Nuestra Se\u00f1ora en 1917, Ella hizo saber que la paz mundial s\u00f3lo llegar\u00eda a trav\u00e9s del Triunfo de su Inmaculado Coraz\u00f3n:<\/p><p style=\"padding-left: 40px;\">\u00a0 \u00a0 \u00a0\"Poco antes de morir, Jacinta dijo a Luc\u00eda: 'Me queda poco tiempo antes de ir al cielo, pero t\u00fa debes permanecer aqu\u00ed abajo para hacer saber al mundo que Nuestro Se\u00f1or desea que se establezca en el mundo la devoci\u00f3n al Inmaculado Coraz\u00f3n de Mar\u00eda. . . Dile a todo el mundo que Dios da gracias a trav\u00e9s del Inmaculado Coraz\u00f3n de Mar\u00eda. Diles que le pidan estas gracias y que el Coraz\u00f3n de Jes\u00fas desea ser venerado junto con el Coraz\u00f3n Inmaculado de Su Madre. P\u00eddeles que pidan la PAZ al Coraz\u00f3n Inmaculado de Mar\u00eda, porque el Se\u00f1or le ha confiado la PAZ del mundo'\".  (<em>El mensaje de Mar\u00eda en F\u00e1tima<\/em>, Padre Lawrence G. Lovasik, S.V.D., Seminario de la Misi\u00f3n del Sagrado Coraz\u00f3n, Girard, PA, 1951).<\/p><p>He aqu\u00ed una oraci\u00f3n indulgente a Nuestra Se\u00f1ora Reina de la Paz:<\/p><p style=\"padding-left: 40px;\"><em>\u00a0 \u00a0 \u00a0Virgen Sant\u00edsima, Madre de Dios y Madre nuestra amant\u00edsima, por tu divina maternidad mereciste participar a tu divino Hijo de la prerrogativa del parentesco universal; nosotros, tus humild\u00edsimos siervos y devotos hijos, nos sentimos confortados por el pensamiento de que, as\u00ed como complaci\u00f3 al Redentor de la humanidad hacerse anunciar por los Profetas y por los \u00c1ngeles en Bel\u00e9n bajo el glorioso t\u00edtulo de Rey de la Paz, as\u00ed tambi\u00e9n debe serte agradable y aceptable o\u00edrte saludada y honrada por nosotros bajo el t\u00edtulo de Reina de la Paz, un t\u00edtulo tan querido a tu coraz\u00f3n maternal; es una invocaci\u00f3n vertida con gran fervor desde nuestros corazones.  Que tu poderosa intercesi\u00f3n aleje de tu pueblo todo odio y discordia, y oriente sus corazones por los caminos de la paz y la fraternidad, que Jesucristo vino a ense\u00f1ar y a imponer entre los hombres para prosperidad y seguridad de todos, y en los que los caminos de la santa Iglesia no cesan de guiar nuestros pasos.  Conc\u00e9denos, oh gloriosa Reina, mirar con ojos bondadosos y coronar con \u00e9xito la paternal solicitud con que el Soberano Pont\u00edfice, Vicario en la tierra de tu divino Hijo, procura continuamente congregar y unir a las naciones en torno al \u00fanico centro de la Fe salvadora; conc\u00e9denos tambi\u00e9n a nosotros, en filial sumisi\u00f3n a nuestro com\u00fan Padre, corresponder de todo coraz\u00f3n a sus saludables designios.  Ilumina a los gobernantes de nuestro pa\u00eds en cuanto a esos mismos designios; aviva y mant\u00e9n la paz y la concordia en nuestras familias, la paz en nuestros corazones y la caridad cristiana en todo el mundo.  Am\u00e9n.<\/em> \u00a0(S. P. Ap. 5 de julio de 1927 y 12 de julio de 1932)<\/p><p style=\"text-align: center;\">REINA DE LA PAZ,<br \/>\u00a1REZA POR NOSOTROS!<\/p><\/div>\n\t\t\t\t<\/div>\n\t\t\t\t\t\t\t<div class=\"elementor-accordion-item\">\n\t\t\t\t\t<div id=\"elementor-tab-title-2604\" class=\"elementor-tab-title\" data-tab=\"4\" role=\"button\" aria-controls=\"elementor-tab-content-2604\" aria-expanded=\"false\">\n\t\t\t\t\t\t\t\t\t\t\t\t\t<span class=\"elementor-accordion-icon elementor-accordion-icon-left\" aria-hidden=\"true\">\n\t\t\t\t\t\t\t\t\t\t\t\t\t\t\t<span class=\"elementor-accordion-icon-closed\"><i class=\"fas fa-plus\"><\/i><\/span>\n\t\t\t\t\t\t\t\t<span class=\"elementor-accordion-icon-opened\"><i class=\"fas fa-minus\"><\/i><\/span>\n\t\t\t\t\t\t\t\t\t\t\t\t\t\t<\/span>\n\t\t\t\t\t\t\t\t\t\t\t\t<a class=\"elementor-accordion-title\" tabindex=\"0\">29 DE MAYO - REINA SUBIDA AL CIELO<\/a>\n\t\t\t\t\t<\/div>\n\t\t\t\t\t<div id=\"elementor-tab-content-2604\" class=\"elementor-tab-content elementor-clearfix\" data-tab=\"4\" role=\"region\" aria-labelledby=\"elementor-tab-title-2604\"><p style=\"text-align: center;\"><em>Regina in caelum assumpta - Reina asunta al cielo<\/em><\/p><p style=\"text-align: center;\">\"Qu\u00e9 glorioso fue el Triunfo de Mar\u00eda cuando ascendi\u00f3 al Cielo.  Qu\u00e9 exaltado fue el Trono al que fue elevada\". <br \/>(San Alfonso de Ligorio,<em> Las Glorias de Mar\u00eda<\/em>)<\/p><p>\u00a0 \u00a0 \u00a0Este excelent\u00edsimo t\u00edtulo de la Sant\u00edsima Virgen Mar\u00eda tiene ciertas semejanzas con el que le precede inmediatamente en las Letan\u00edas de Loreto: \"<em>Regina sine labe originali concepta<\/em> - Reina concebida sin pecado original\"; por lo que la devoci\u00f3n a Nuestra Se\u00f1ora bajo este t\u00edtulo comenz\u00f3 mucho antes de que la Iglesia proclamara el dogma relacionado.  La Asunci\u00f3n de Santa Mar\u00eda ha sido cre\u00edda y ense\u00f1ada por la Iglesia desde el tiempo de los Ap\u00f3stoles, que fueron testigos de su tumba vac\u00eda.  El t\u00edtulo <em>Regina in caelum assumpta<\/em> fue a\u00f1adida a las Letan\u00edas de Loreto en 1951 por el Papa P\u00edo XII.<\/p><p>\u00a0 \u00a0 \u00a0En la constituci\u00f3n apost\u00f3lica <em>Munificentissimus Deus<\/em>promulgada por el Papa P\u00edo XII el primero de noviembre de 1950, defini\u00f3 la doctrina infalible de que Mar\u00eda, la santa Madre de Dios, fue asunta en cuerpo y alma al cielo.  No se pronuncia sobre si la Sant\u00edsima Virgen muri\u00f3 o c\u00f3mo muri\u00f3.  La tradici\u00f3n sostiene que Nuestra Se\u00f1ora s\u00ed muri\u00f3 -para conformarse, lo m\u00e1s posible, a la vida de su Divino Hijo-, pero sin dolor ni degradaci\u00f3n de su cuerpo virginal.  San Alfonso escribi\u00f3 dos discursos teol\u00f3gicos sobre la Asunci\u00f3n de Mar\u00eda, el primero sobre la muerte de Mar\u00eda y el segundo sobre la entrada de Mar\u00eda en el cielo.  Ambos escritos se encuentran en la obra asc\u00e9tica de San Alfonso <em>Las Glorias de Mar\u00eda<\/em>.<\/p><p>\u00a0 \u00a0 \u00a0En el calendario anterior a 1955, la fiesta de la Asunci\u00f3n es doble de primera clase con vigilia y octava com\u00fan.  Esta es la <em>Recoger<\/em> de la misa <em>Signum magnum<\/em>:<\/p><p style=\"padding-left: 40px;\"><em>\u00a0 \u00a0 \u00a0Dios todopoderoso y eterno, que has llevado en cuerpo y alma al cielo a la Inmaculada Virgen Mar\u00eda, Madre de tu Hijo: conc\u00e9denos, te suplicamos, que, manteniendo firme el cielo como meta, seamos tenidos por dignos de unirnos a ella en la gloria.  Por Jesucristo, Se\u00f1or nuestro, que vives y reinas por los siglos de los siglos.  Am\u00e9n.<\/em><\/p><p>\u00a0 \u00a0 \u00a0N\u00f3tese que algunos de los misales anteriores a 1955 que todav\u00eda se utilizan hoy en d\u00eda se publicaron antes de 1950, y la Misa que se encuentra en estos misales para la Fiesta de la Asunci\u00f3n, el 15 de agosto, es la siguiente <em>Gaudeamus omnes<\/em>.<\/p><p>\u00a0 \u00a0 \u00a0La siguiente es una oraci\u00f3n de <em>Libro de oraciones de San Alfonso<\/em>Omer (1888):<\/p><p style=\"padding-left: 40px;\"><em>\u00a0 \u00a0 \u00a0Oh dulc\u00edsima Se\u00f1ora y Madre nuestra, ya has dejado la tierra y has llegado a tu reino, donde, como reina, est\u00e1s entronizada por encima de todos los coros de \u00e1ngeles, como canta la Iglesia: \"Ella est\u00e1 exaltada sobre los coros de los \u00e1ngeles en el reino celestial\".  Bien sabemos que nosotros, pecadores, no somos dignos de poseerte en este valle de tinieblas; pero tambi\u00e9n sabemos que t\u00fa, en tu grandeza, nunca te has olvidado de nosotros, miserables criaturas, y que, aunque exaltada a tan gran gloria, nunca has perdido la compasi\u00f3n por nosotros, pobres hijos de Ad\u00e1n; es m\u00e1s, incluso se ha acrecentado en ti.  Desde el alto trono, pues, al que est\u00e1s exaltada, vuelve, oh Mar\u00eda, tus ojos compasivos hacia nosotros, y api\u00e1date de nosotros.  Recuerda, adem\u00e1s, que al dejar este mundo prometiste no olvidarnos.  M\u00edranos y soc\u00f3rrenos.  Mira en medio de qu\u00e9 tempestades y peligros estaremos constantemente hasta el fin de nuestras vidas.  Por los m\u00e9ritos de tu feliz muerte, cons\u00edguenos la santa perseverancia en la divina amistad, para que al fin dejemos esta vida en gracia de Dios; y as\u00ed tambi\u00e9n nosotros llegaremos un d\u00eda a besar tus pies en el para\u00edso, y nos uniremos a los esp\u00edritus bienaventurados para alabarte y cantar tus glorias como t\u00fa mereces.  Am\u00e9n.<\/em><\/p><p style=\"text-align: center;\">REINA ASUNTA AL CIELO,<br \/>\u00a1REZA POR NOSOTROS!<\/p><\/div>\n\t\t\t\t<\/div>\n\t\t\t\t\t\t\t<div class=\"elementor-accordion-item\">\n\t\t\t\t\t<div id=\"elementor-tab-title-2605\" class=\"elementor-tab-title\" data-tab=\"5\" role=\"button\" aria-controls=\"elementor-tab-content-2605\" aria-expanded=\"false\">\n\t\t\t\t\t\t\t\t\t\t\t\t\t<span class=\"elementor-accordion-icon elementor-accordion-icon-left\" aria-hidden=\"true\">\n\t\t\t\t\t\t\t\t\t\t\t\t\t\t\t<span class=\"elementor-accordion-icon-closed\"><i class=\"fas fa-plus\"><\/i><\/span>\n\t\t\t\t\t\t\t\t<span class=\"elementor-accordion-icon-opened\"><i class=\"fas fa-minus\"><\/i><\/span>\n\t\t\t\t\t\t\t\t\t\t\t\t\t\t<\/span>\n\t\t\t\t\t\t\t\t\t\t\t\t<a class=\"elementor-accordion-title\" tabindex=\"0\">28 DE MAYO - REINA CONCEBIDA SIN PECADO ORIGINAL<\/a>\n\t\t\t\t\t<\/div>\n\t\t\t\t\t<div id=\"elementor-tab-content-2605\" class=\"elementor-tab-content elementor-clearfix\" data-tab=\"5\" role=\"region\" aria-labelledby=\"elementor-tab-title-2605\"><p style=\"text-align: center;\"><em>Regina sine labe originali concepta - Reina concebida sin pecado original<\/em><\/p><p style=\"text-align: center;\">\"Cu\u00e1n conveniente era que cada una de las Tres Divinas Personas preservara a Mar\u00eda del Pecado Original\" (San Alfonso de Ligorio,<em> Las Glorias de Mar\u00eda<\/em>)<\/p><p>\u00a0 \u00a0 \u00a0Este hermoso t\u00edtulo relativo a un privilegio singular concedido a la Sant\u00edsima Virgen Mar\u00eda ha estado en uso durante siglos, aunque no se a\u00f1adi\u00f3 a las Letan\u00edas de Loreto hasta mucho m\u00e1s tarde.  Seg\u00fan Dom Gueranger en <em>El A\u00f1o Lit\u00fargico<\/em>Nuestro Se\u00f1or revel\u00f3 a sus Ap\u00f3stoles la verdad de que \"la plenitud de la gracia estaba en Mar\u00eda desde el primer instante de su existencia.  Ella es la futura Madre de Dios, y fue siempre santa, siempre pura, siempre Inmaculada\".  Y esto fue \"cre\u00eddo por cada generaci\u00f3n del pueblo cristiano con una explicitud cada vez mayor...\"  Mucho antes de la proclamaci\u00f3n del dogma de la Inmaculada Concepci\u00f3n en 1854 por el Papa P\u00edo IX, la Iglesia celebraba la Concepci\u00f3n de Mar\u00eda el 8 de diciembre.  Adem\u00e1s, antes de que se promulgara el dogma, la Sant\u00edsima Virgen se apareci\u00f3 a Santa Catalina Labour\u00e9, en 1830, y orden\u00f3 la creaci\u00f3n de la \"Medalla Milagrosa\", que conten\u00eda la inscripci\u00f3n \"Oh Mar\u00eda sin pecado concebida, ruega por nosotros que recurrimos a ti.\"  En 1839, el Papa Gregorio permiti\u00f3 a algunas di\u00f3cesis a\u00f1adir a las Letan\u00edas de Loreto el t\u00edtulo <em>\"Regina sine labe originali concepta,\"<\/em> que luego se extendi\u00f3 a la Iglesia universal tras la bula papal de 1854 <em>Ineffabilis Deus<\/em>.\u00a0<\/p><p>\u00a0 \u00a0 \u00a0 La Inmaculada Concepci\u00f3n, desde 1854 art\u00edculo infalible de Fe, fue anteriormente objeto de muchos estudios y debates, imposibles de rese\u00f1ar aqu\u00ed.\u00a0 <em>El A\u00f1o Lit\u00fargico<\/em> se explaya sobre el desarrollo hist\u00f3rico del dogma, y San Alfonso public\u00f3 un discurso sobre las pruebas teol\u00f3gicas de la Inmaculada Concepci\u00f3n, una parte del cual puede ser <a href=\"https:\/\/societyofthemostholyredeemer.org\/es\/st-alphonsus-discourse-on-the-feast-of-the-immaculate-conception\/\">leer aqu\u00ed<\/a>.  La fiesta de la Inmaculada Concepci\u00f3n, en el calendario anterior a 1955, es doble, de primera clase, con vigilia y octava com\u00fan.  Es un D\u00eda Santo de Obligaci\u00f3n en la Iglesia universal.  He aqu\u00ed la <em>Recoger<\/em>:<\/p><p style=\"padding-left: 40px;\"><em>\u00a0 \u00a0 \u00a0Oh Dios, que por la Inmaculada Concepci\u00f3n de la Virgen preparaste una digna morada a tu divino Hijo; conc\u00e9denos, te suplicamos, que, as\u00ed como por los m\u00e9ritos previstos de la muerte de este tu Hijo, la preservaste de toda mancha de pecado, tambi\u00e9n nosotros, por su intercesi\u00f3n, seamos purificados de nuestros pecados y unidos a ti.  Por Jesucristo, que vives y reinas por los siglos de los siglos.  Am\u00e9n.<\/em><\/p><p>\u00a0 \u00a0 \u00a0La siguiente es una oraci\u00f3n atribuida al P. Jun\u00edpero Serra en honor de la Inmaculada Concepci\u00f3n:<\/p><p style=\"padding-left: 40px;\"><em>\u00a0 \u00a0 \u00a0Oh pur\u00edsima Reina del cielo y de la tierra, obra perfect\u00edsima de la Sant\u00edsima Trinidad, puesto que desde toda la eternidad el Padre te eligi\u00f3 para ser su hija, el Hijo te eligi\u00f3 para ser su Madre y el Esp\u00edritu Santo te eligi\u00f3 como su esposa, no pod\u00eda haber en tu alma la m\u00e1s m\u00ednima imperfecci\u00f3n, ni la m\u00e1s peque\u00f1a sombra de pecado original.  Como primer fruto de la redenci\u00f3n, tu alma fue libre, bella y pura desde el momento inicial de tu concepci\u00f3n.  Recibe, oh Madre, en virtud de este singular misterio, mi breve pero orante ofrenda o, dicho de otro modo, la humilde expresi\u00f3n de tu humilde siervo.  Quisiera ofrecerte todo el oro de las Indias y todas las riquezas del mundo entero.  Pero, \u00bfqu\u00e9 mayor tesoro que un alma redimida por la Sangre Preciosa de tu Hijo Sant\u00edsimo?  Escucha esta oraci\u00f3n, pronunciada por uno de poca virtud, pues junto con ella adjunto los afectos m\u00e1s fervientes que te han ofrecido los m\u00e1s dotados de entre tus siervos.  A cambio, s\u00f3lo quiero que por hoy, todos los d\u00edas de mi vida y en el momento de mi muerte, tenga la gracia de elegirte como madre, abogada y patrona.  Te pido que me tomes bajo el manto de tu protecci\u00f3n y, despu\u00e9s de mirarme con tus ojos misericordiosos, me liberes de las miserias humanas, para que mi alma sea feliz contigo en el cielo.  Am\u00e9n.<\/em><\/p><p style=\"text-align: center;\">REINA CONCEBIDA SIN PECADO ORIGINAL,<br \/>\u00a1REZA POR NOSOTROS!<\/p><\/div>\n\t\t\t\t<\/div>\n\t\t\t\t\t\t\t<div class=\"elementor-accordion-item\">\n\t\t\t\t\t<div id=\"elementor-tab-title-2606\" class=\"elementor-tab-title\" data-tab=\"6\" role=\"button\" aria-controls=\"elementor-tab-content-2606\" aria-expanded=\"false\">\n\t\t\t\t\t\t\t\t\t\t\t\t\t<span class=\"elementor-accordion-icon elementor-accordion-icon-left\" aria-hidden=\"true\">\n\t\t\t\t\t\t\t\t\t\t\t\t\t\t\t<span class=\"elementor-accordion-icon-closed\"><i class=\"fas fa-plus\"><\/i><\/span>\n\t\t\t\t\t\t\t\t<span class=\"elementor-accordion-icon-opened\"><i class=\"fas fa-minus\"><\/i><\/span>\n\t\t\t\t\t\t\t\t\t\t\t\t\t\t<\/span>\n\t\t\t\t\t\t\t\t\t\t\t\t<a class=\"elementor-accordion-title\" tabindex=\"0\">27 DE MAYO - MADRE DEL PERPETUO SOCORRO<\/a>\n\t\t\t\t\t<\/div>\n\t\t\t\t\t<div id=\"elementor-tab-content-2606\" class=\"elementor-tab-content elementor-clearfix\" data-tab=\"6\" role=\"region\" aria-labelledby=\"elementor-tab-title-2606\"><p style=\"text-align: center;\"><em>Mater de Perpetuo Succursu - Madre del Perpetuo Socorro<\/em><\/p><p style=\"text-align: center;\">\"Parece decir a todos los que sufren: 'Tened confianza en m\u00ed; yo he sufrido y s\u00e9 compadecerme de vosotros.  Soy la Madre del Perpetuo Socorro'\". <br \/>(<em>Manual de la Archicofrad\u00eda de Nuestra Se\u00f1ora del Perpetuo Socorro y San Alfonso<\/em>)<\/p><p>\u00a0 \u00a0 \u00a0Presentamos, hoy, algunas palabras sobre otra imagen milagrosa: la del icono de Santa Mar\u00eda y el Ni\u00f1o Jes\u00fas que lleva un t\u00edtulo dado por la misma Virgen: <em>La Sant\u00edsima Virgen Mar\u00eda del Perpetuo Socorro<\/em>.  La interesante historia del icono se remonta al siglo XIV, cuando fue tra\u00eddo de Creta a Roma y, tras pasar por varias manos, la Sant\u00edsima Virgen orden\u00f3 que la imagen se expusiera a la veneraci\u00f3n p\u00fablica, e incluso eligi\u00f3 la iglesia donde deb\u00eda ser consagrado.  La iglesia estaba dedicada a San Mateo y era atendida por los padres agustinos.  Durante las revoluciones de 1798, la iglesia fue destruida, pero la imagen hab\u00eda sido previamente retirada y escondida por los agustinos.  No fue hasta que se construy\u00f3 otra iglesia en el mismo lugar, esta vez bajo el cuidado de los Padres Redentoristas, cuando el Papa P\u00edo IX les confi\u00f3 el santo icono en diciembre de 1865.  El 26 de abril de 1866, los Redentoristas colocaron solemnemente la imagen milagrosa sobre el altar mayor de la iglesia de San Alfonso, para su veneraci\u00f3n p\u00fablica a partir de ese d\u00eda.  En junio de 1867, la imagen fue coronada p\u00fablicamente, en reconocimiento de ser una imagen milagrosa.<\/p><p>\u00a0 \u00a0 \u00a0En 1876, el Papa P\u00edo IX estableci\u00f3 una fiesta doble de segunda clase para conmemorar a Nuestra Se\u00f1ora del Perpetuo Socorro y los milagros realizados a trav\u00e9s del icono.  Su fiesta se celebra tradicionalmente el 27 de junio, y a los Redentoristas se les concedi\u00f3 el privilegio de a\u00f1adir el t\u00edtulo de <em>Mater de Perpetuo Succursu\/Madre del Perpetuo Socorro<\/em> a las Letan\u00edas de Loreto.<\/p><p>\u00a0 \u00a0 \u00a0Adecuado <em>Recoger<\/em> para la fiesta de Nuestra Se\u00f1ora del Perpetuo Socorro:<\/p><p style=\"padding-left: 40px;\">\u00a0 \u00a0 <em>\u00a0Dios todopoderoso y misericordioso, que nos has dado una imagen de tu Sant\u00edsima Madre para venerarla bajo el t\u00edtulo especial de Perpetuo Socorro, conc\u00e9denos misericordiosamente estar tan fortificados, entre todas las vicisitudes de la vida caminante, por la protecci\u00f3n de la misma inmaculada, siempre virgen Mar\u00eda, que merezcamos alcanzar las recompensas de tu redenci\u00f3n eterna, que vives y reinas, por los siglos de los siglos.  Am\u00e9n.<\/em><\/p><p>\u00a0 \u00a0 \u00a0La siguiente es una oraci\u00f3n de la <em>Manual de la Cofrad\u00eda de Nuestra Se\u00f1ora del Perpetuo Socorro y San Alfonso<\/em> (1926):<\/p><p style=\"padding-left: 40px;\">\u00a0 \u00a0 \u00a0<em>Oh Santa Virgen Mar\u00eda, que, para inspirarnos una confianza sin l\u00edmites, te has complacido en tomar el nombre de Madre del Perpetuo Socorro, te suplico que vengas en mi ayuda siempre y en todas partes; en mis tentaciones; despu\u00e9s de mis ca\u00eddas; en mis dificultades; en todas las miserias de la vida, y sobre todo, en la hora de mi muerte. Dame, Madre amorosa, el deseo, m\u00e1s a\u00fan, la costumbre de recurrir siempre a ti, pues estoy seguro de que, si te invoco con fidelidad, ser\u00e1s fiel en acudir en mi ayuda.  Cons\u00edgueme, pues, esta gracia de gracias, la gracia de rezarte sin cesar y con confianza filial, para que en virtud de esta oraci\u00f3n fiel pueda asegurar tu Perpetuo Socorro y la perseverancia final.  Bend\u00edceme, oh Madre amorosa y siempre servicial, y ruega por m\u00ed ahora y en la hora de mi muerte.  Am\u00e9n.<\/em><\/p><p style=\"text-align: center;\">MADRE DE AYUDA PERPETUA,<br \/>\u00a1REZA POR NOSOTROS!<\/p><\/div>\n\t\t\t\t<\/div>\n\t\t\t\t\t\t\t<div class=\"elementor-accordion-item\">\n\t\t\t\t\t<div id=\"elementor-tab-title-2607\" class=\"elementor-tab-title\" data-tab=\"7\" role=\"button\" aria-controls=\"elementor-tab-content-2607\" aria-expanded=\"false\">\n\t\t\t\t\t\t\t\t\t\t\t\t\t<span class=\"elementor-accordion-icon elementor-accordion-icon-left\" aria-hidden=\"true\">\n\t\t\t\t\t\t\t\t\t\t\t\t\t\t\t<span class=\"elementor-accordion-icon-closed\"><i class=\"fas fa-plus\"><\/i><\/span>\n\t\t\t\t\t\t\t\t<span class=\"elementor-accordion-icon-opened\"><i class=\"fas fa-minus\"><\/i><\/span>\n\t\t\t\t\t\t\t\t\t\t\t\t\t\t<\/span>\n\t\t\t\t\t\t\t\t\t\t\t\t<a class=\"elementor-accordion-title\" tabindex=\"0\">26 DE MAYO - MADRE DEL BUEN CONSEJO<\/a>\n\t\t\t\t\t<\/div>\n\t\t\t\t\t<div id=\"elementor-tab-content-2607\" class=\"elementor-tab-content elementor-clearfix\" data-tab=\"7\" role=\"region\" aria-labelledby=\"elementor-tab-title-2607\"><p style=\"text-align: center;\"><em>Mater Boni Consilii - Madre del Buen Consejo<\/em><\/p><p style=\"text-align: center;\">\"Ella recibe la Verdad de su santo Hijo -la Palabra- y luego transmite ese consejo...\".<\/p><p>\u00a0 \u00a0 \u00a0La fiesta de Nuestra Se\u00f1ora del Buen Consejo se celebra el 26 de abril, en conmemoraci\u00f3n de la milagrosa llegada de un fresco a una iglesia agustiniana de Gennazzano, Italia, el d\u00eda de San Marcos, 25 de abril de 1467.  El fresco, que representa a la Sant\u00edsima Virgen con el Ni\u00f1o Jes\u00fas, est\u00e1 consagrado suspendido delante de una pared, pero no sujeto a ella.  La iglesia se convirti\u00f3 inmediatamente en lugar de peregrinaci\u00f3n, y se atribuyen numerosos milagros a quienes rezan a la Virgen bajo esta advocaci\u00f3n ante la imagen bendita e incluso a distancia.<\/p><p>\u00a0 \u00a0 \u00a0Adecuado <em>Recoger<\/em> para la fiesta de Nuestra Se\u00f1ora del Buen Consejo:<\/p><p style=\"padding-left: 40px;\">\u00a0 \u00a0 \u00a0<em>Oh Dios, que has dado a la Madre de tu amado Hijo el ser tambi\u00e9n para nosotros una madre, y has hecho famosa esta su bella imagen, haci\u00e9ndola aparecer milagrosamente en medio de nosotros: conc\u00e9denos, te suplicamos, no apartarnos nunca de sus consejos y, ordenando por este medio nuestras vidas seg\u00fan tu propio coraz\u00f3n, llegar un d\u00eda felizmente a nuestra patria celestial.<\/em>.<\/p><p>\u00a0 \u00a0 \u00a0Muchos papas y santos fueron devotos de Nuestra Se\u00f1ora del Buen Consejo, y en 1903 el papa Le\u00f3n XIII a\u00f1adi\u00f3 el t\u00edtulo de <em>Mater Boni Consilii<\/em> a las Letan\u00edas de Loreto.  San Alfonso de Ligorio ten\u00eda un amor particular por la Sant\u00edsima Virgen en esta imagen milagrosa, como describe monse\u00f1or George Dillon en su libro <em>Nuestra Se\u00f1ora del Buen Consejo<\/em>:<\/p><p>\u00a0\u00a0\u00a0\u00a0 \"Entre los religiosos que han estado animados de especial devoci\u00f3n a la Virgen Madre del Buen Consejo, San Alfonso de Ligorio ocupa el lugar principal.  Su amor por ella fue tan tierno como eterno.  Ning\u00fan retrato de otro santo es tan conocido como el de San Alfonso, y se recordar\u00e1 que a menudo se le representa con una copia de la imagen milagrosa de Nuestra Se\u00f1ora del Buen Consejo cerca de \u00e9l.  Cuando estaba a punto de morir, las hijas de San Francisco de Sales, de las que hab\u00eda sido director durante mucho tiempo, le rogaron que les diera alg\u00fan recuerdo suyo.  Entonces el Santo, tomando su querida estampa, su m\u00e1s preciada y apreciada posesi\u00f3n, se la envi\u00f3 con el pat\u00e9tico mensaje: \"Os dejo mi coraz\u00f3n\".  La misma conmovedora devoci\u00f3n a Nuestra Se\u00f1ora del Buen Consejo muestran los Padres de la Orden Redentorista fundada por San Alfonso.\"<\/p><p>La siguiente es una oraci\u00f3n escrita por San Francisco de Sales:<\/p><p style=\"padding-left: 40px;\">\u00a0 \u00a0 \u00a0<em>Mar\u00eda, Virgen Inmaculada y Madre m\u00eda, que eres la Madre del Buen Consejo y Madre todopoderosa, t\u00f3mame bajo tu gu\u00eda, porque ignorante y ciego como soy, apenas soy capaz de discernir lo verdaderamente bueno de lo que es malo, a causa de las seducciones del demonio, de mis propias pasiones y de las falsas m\u00e1ximas del mundo, que me apartan de los caminos de la gracia hacia los senderos de la perdici\u00f3n.  Si no me diriges con la luz de tu sabidur\u00eda celestial, no podr\u00e9 ciertamente escapar a la desgracia eterna.  T\u00fa, que tuviste el privilegio de ser en la tierra el consejero de los Ap\u00f3stoles en la fundaci\u00f3n de la Iglesia, ay\u00fadame tambi\u00e9n con tus sabios consejos hasta el fin, para que pueda cumplir fielmente todos los deberes que debo a mi Dios y a mi pr\u00f3jimo.  Prometo firmemente seguir siempre tus consejos, y en mis dudas recurrir a ti con confianza.  Prometo tambi\u00e9n guardarte tierna devoci\u00f3n, como Madre del Buen Consejo, para que, guiado por tu asistencia, espero que, despu\u00e9s de la gracia de una vida buena y una muerte feliz, se me permita participar de la incomparable gloria con que Dios te ha coronado, alab\u00e1ndote, bendici\u00e9ndote y d\u00e1ndote gracias por toda la eternidad.  Am\u00e9n.<\/em><\/p><p>Y esta oraci\u00f3n es del Papa P\u00edo XII:<\/p><p style=\"padding-left: 40px;\">\u00a0 \u00a0 <em>\u00a0Oh Virgen Santa, a cuyos pies nos conduce nuestra ansiosa incertidumbre en la b\u00fasqueda y consecuci\u00f3n de lo que es verdadero y bueno, invoc\u00e1ndote con el dulce t\u00edtulo de Madre del Buen Consejo, te suplicamos que vengas en nuestra ayuda, cuando, por el camino de esta vida, las tinieblas del error y del mal conspiran hacia nuestra ruina extraviando nuestras mentes y nuestros corazones.<\/em><br \/><em>\u00a0 \u00a0 \u00a0Oh Sede de la Sabidur\u00eda y Estrella del Mar, ilumina a los dubitativos y a los descarriados, para que no se dejen seducir por las falsas apariencias del bien; haz que se mantengan firmes frente a las influencias hostiles y corruptoras de la pasi\u00f3n y del pecado.<\/em><br \/><em>\u00a0 \u00a0 \u00a0Oh Madre del Buen Consejo, alc\u00e1nzanos de tu Divino Hijo un gran amor a la virtud y, en la hora de la incertidumbre y de la prueba, la fuerza para abrazar el camino que conduce a nuestra salvaci\u00f3n.  Si tu mano nos sostiene, caminaremos ilesos por la senda que nos indican la vida y las palabras de Jes\u00fas, nuestro Redentor; y habiendo seguido libremente y con seguridad, incluso en medio de las luchas de este mundo, al Sol de la Verdad y de la Justicia bajo tu Estrella maternal, llegaremos a gozar de la paz plena y eterna contigo en el remanso de la salvaci\u00f3n.  Am\u00e9n.<\/em><\/p><p style=\"text-align: center;\">MADRE DEL BUEN CONSEJO,<br \/>\u00a1REZA POR NOSOTROS!<\/p><\/div>\n\t\t\t\t<\/div>\n\t\t\t\t\t\t\t\t<\/div>\n\t\t\t\t\t\t<\/div>\n\t\t\t\t<\/div>\n\t\t\t\t\t<\/div>\n\t\t\t\t<\/div>\n\t\t\t\t<\/div>","protected":false},"excerpt":{"rendered":"<p>\u00a0 \u00a0 \u00a0Concluimos nuestra serie de oraciones y meditaciones en honor de la Sant\u00edsima Virgen Mar\u00eda bajo sus diversas advocaciones durante esta \u00faltima semana del mes de mayo. 26 al 31 DE MAYO 31 - REINA DE LOS AP\u00d3STOLES Regina Apostolorum ... <a class=\"continue_reading\" href=\"https:\/\/societyofthemostholyredeemer.org\/es\/2025\/05\/26\/devotion-to-the-blessed-virgin-mary-completion\/\">Seguir leyendo <span class=\"meta-nav\"><i class=\"fa fa-caret-right\" aria-hidden=\"true\"><\/i><\/span><\/a><\/p>","protected":false},"author":3,"featured_media":9029,"comment_status":"open","ping_status":"open","sticky":false,"template":"","format":"standard","meta":{"_acf_changed":false,"footnotes":""},"categories":[25],"tags":[],"class_list":["post-9028","post","type-post","status-publish","format-standard","has-post-thumbnail","hentry","category-liturgical-calendar"],"acf":[],"_links":{"self":[{"href":"https:\/\/societyofthemostholyredeemer.org\/es\/wp-json\/wp\/v2\/posts\/9028","targetHints":{"allow":["GET"]}}],"collection":[{"href":"https:\/\/societyofthemostholyredeemer.org\/es\/wp-json\/wp\/v2\/posts"}],"about":[{"href":"https:\/\/societyofthemostholyredeemer.org\/es\/wp-json\/wp\/v2\/types\/post"}],"author":[{"embeddable":true,"href":"https:\/\/societyofthemostholyredeemer.org\/es\/wp-json\/wp\/v2\/users\/3"}],"replies":[{"embeddable":true,"href":"https:\/\/societyofthemostholyredeemer.org\/es\/wp-json\/wp\/v2\/comments?post=9028"}],"version-history":[{"count":35,"href":"https:\/\/societyofthemostholyredeemer.org\/es\/wp-json\/wp\/v2\/posts\/9028\/revisions"}],"predecessor-version":[{"id":9143,"href":"https:\/\/societyofthemostholyredeemer.org\/es\/wp-json\/wp\/v2\/posts\/9028\/revisions\/9143"}],"wp:featuredmedia":[{"embeddable":true,"href":"https:\/\/societyofthemostholyredeemer.org\/es\/wp-json\/wp\/v2\/media\/9029"}],"wp:attachment":[{"href":"https:\/\/societyofthemostholyredeemer.org\/es\/wp-json\/wp\/v2\/media?parent=9028"}],"wp:term":[{"taxonomy":"category","embeddable":true,"href":"https:\/\/societyofthemostholyredeemer.org\/es\/wp-json\/wp\/v2\/categories?post=9028"},{"taxonomy":"post_tag","embeddable":true,"href":"https:\/\/societyofthemostholyredeemer.org\/es\/wp-json\/wp\/v2\/tags?post=9028"}],"curies":[{"name":"wp","href":"https:\/\/api.w.org\/{rel}","templated":true}]}}