{"id":9145,"date":"2025-06-02T15:38:57","date_gmt":"2025-06-02T15:38:57","guid":{"rendered":"https:\/\/societyofthemostholyredeemer.org\/?p=9145"},"modified":"2025-07-04T00:39:11","modified_gmt":"2025-07-04T00:39:11","slug":"june-2025-calendar","status":"publish","type":"post","link":"https:\/\/societyofthemostholyredeemer.org\/es\/2025\/06\/02\/june-2025-calendar\/","title":{"rendered":"CALENDARIO JUNIO 2025"},"content":{"rendered":"<div data-elementor-type=\"wp-post\" data-elementor-id=\"9145\" class=\"elementor elementor-9145\" data-elementor-post-type=\"post\">\n\t\t\t\t<div class=\"elementor-element elementor-element-732e06f e-flex e-con-boxed e-con e-parent\" data-id=\"732e06f\" data-element_type=\"container\" data-e-type=\"container\">\n\t\t\t\t\t<div class=\"e-con-inner\">\n\t\t\t\t<div class=\"elementor-element elementor-element-f33ecb8 elementor-widget__width-inherit elementor-widget elementor-widget-text-editor\" data-id=\"f33ecb8\" data-element_type=\"widget\" data-e-type=\"widget\" data-widget_type=\"text-editor.default\">\n\t\t\t\t<div class=\"elementor-widget-container\">\n\t\t\t\t\t\t\t\t\t<p>\u00a0 \u00a0 \u00a0Ya se ha publicado el calendario de junio. Os animamos a que os fij\u00e9is y apreci\u00e9is la riqueza de la liturgia significativa de las celebraciones lit\u00fargicas anteriores a 1955, su claridad y forma abarcadora de presentar -a trav\u00e9s de las manos del sacerdote- nuestras oraciones al Se\u00f1or, en unidad con todas las intenciones y oraciones tradicionales que la Santa Madre Iglesia nos manda recordar en todas las Misas del mes.  La liturgia pre-Bugnini es, sin duda, la mejor y m\u00e1s coherente forma de defender nuestra fe cat\u00f3lica tradicional en los tiempos actuales.<\/p><p>\u00a0 \u00a0 \u00a0El mes de junio est\u00e1 dedicado al Sagrado Coraz\u00f3n, e incluye la conclusi\u00f3n de los grandes cincuenta d\u00edas de Pascua, y otras Fiestas de Nuestro Se\u00f1or relacionadas con la causa de nuestra Redenci\u00f3n y el establecimiento de la Iglesia: Pentecost\u00e9s, la Trinidad, el Corpus Christi y el Sagrado Coraz\u00f3n.  Otras fiestas especiales son las de la Natividad de San Juan Bautista y las de los Santos Ap\u00f3stoles Pedro y Pablo.  Durante la Octava de Pentecost\u00e9s se celebran los D\u00edas de las Brasas: 11, 13 y 14 de junio.  Tambi\u00e9n recordamos el aniversario de la segunda aparici\u00f3n de Nuestra Se\u00f1ora de F\u00e1tima, el 13 de junio.<\/p><p>\u00a0 \u00a0 La Sociedad del Sant\u00edsimo Redentor celebra la fiesta de Nuestra Se\u00f1ora del Perpetuo Socorro el s\u00e1bado 28 de junio, ya que este a\u00f1o se retrasa un d\u00eda debido a la fiesta del Sagrado Coraz\u00f3n que tiene lugar el 27 de junio, e invitamos a todos a unirse a nosotros en el rezo de una novena en honor de la Sant\u00edsima Virgen Mar\u00eda bajo este t\u00edtulo a partir del 18 de junio.  Nuestra Sociedad recuerda tambi\u00e9n al Beato Gennaro Maria Sarnelli, CSsR, uno de los primeros compa\u00f1eros de San Alfonso de Ligorio, fallecido el 30 de junio de 1744.<\/p>\t\t\t\t\t\t\t\t<\/div>\n\t\t\t\t<\/div>\n\t\t\t\t\t<\/div>\n\t\t\t\t<\/div>\n\t\t<div class=\"elementor-element elementor-element-81782df e-flex e-con-boxed e-con e-parent\" data-id=\"81782df\" data-element_type=\"container\" data-e-type=\"container\">\n\t\t\t\t\t<div class=\"e-con-inner\">\n\t\t\t\t<div class=\"elementor-element elementor-element-d790e7e elementor-widget elementor-widget-text-editor\" data-id=\"d790e7e\" data-element_type=\"widget\" data-e-type=\"widget\" data-widget_type=\"text-editor.default\">\n\t\t\t\t<div class=\"elementor-widget-container\">\n\t\t\t\t\t\t\t\t\t<p>\u00a0 \u00a0 \u00a0Si desea ver las p\u00e1ginas del calendario de otros meses del a\u00f1o en curso o de a\u00f1os anteriores, puede consultar la secci\u00f3n\u00a0<a href=\"https:\/\/societyofthemostholyredeemer.org\/es\/liturgical-calendars\/\">Calendarios lit\u00fargicos<\/a>\u00a0de nuestro sitio web.<\/p>\t\t\t\t\t\t\t\t<\/div>\n\t\t\t\t<\/div>\n\t\t\t\t\t<\/div>\n\t\t\t\t<\/div>\n\t\t<div class=\"elementor-element elementor-element-2c90a36 e-flex e-con-boxed e-con e-parent\" data-id=\"2c90a36\" data-element_type=\"container\" data-e-type=\"container\">\n\t\t\t\t\t<div class=\"e-con-inner\">\n\t\t\t\t<div class=\"elementor-element elementor-element-920feb4 elementor-widget elementor-widget-gallery\" data-id=\"920feb4\" data-element_type=\"widget\" data-e-type=\"widget\" data-settings=\"{&quot;columns&quot;:1,&quot;lazyload&quot;:&quot;yes&quot;,&quot;gallery_layout&quot;:&quot;grid&quot;,&quot;columns_tablet&quot;:2,&quot;columns_mobile&quot;:1,&quot;gap&quot;:{&quot;unit&quot;:&quot;px&quot;,&quot;size&quot;:10,&quot;sizes&quot;:[]},&quot;gap_tablet&quot;:{&quot;unit&quot;:&quot;px&quot;,&quot;size&quot;:10,&quot;sizes&quot;:[]},&quot;gap_mobile&quot;:{&quot;unit&quot;:&quot;px&quot;,&quot;size&quot;:10,&quot;sizes&quot;:[]},&quot;link_to&quot;:&quot;file&quot;,&quot;aspect_ratio&quot;:&quot;3:2&quot;,&quot;overlay_background&quot;:&quot;yes&quot;,&quot;content_hover_animation&quot;:&quot;fade-in&quot;}\" data-widget_type=\"gallery.default\">\n\t\t\t\t<div class=\"elementor-widget-container\">\n\t\t\t\t\t\t\t<div class=\"elementor-gallery__container\">\n\t\t\t\t\t\t\t<a class=\"e-gallery-item elementor-gallery-item elementor-animated-content\" href=\"https:\/\/societyofthemostholyredeemer.org\/wp-content\/uploads\/2025\/07\/2025_6_June_new-scaled.jpg\" data-elementor-open-lightbox=\"yes\" data-elementor-lightbox-slideshow=\"920feb4\" data-e-action-hash=\"#elementor-action%3Aaction%3Dlightbox%26settings%3DeyJpZCI6MTAwMzUsInVybCI6Imh0dHBzOlwvXC9zb2NpZXR5b2Z0aGVtb3N0aG9seXJlZGVlbWVyLm9yZ1wvd3AtY29udGVudFwvdXBsb2Fkc1wvMjAyNVwvMDdcLzIwMjVfNl9KdW5lX25ldy1zY2FsZWQuanBnIiwic2xpZGVzaG93IjoiOTIwZmViNCJ9\">\n\t\t\t\t\t<div class=\"e-gallery-image elementor-gallery-item__image\" data-thumbnail=\"https:\/\/societyofthemostholyredeemer.org\/wp-content\/uploads\/2025\/07\/2025_6_June_new-300x207.jpg\" data-width=\"300\" data-height=\"207\" aria-label=\"\" role=\"img\" ><\/div>\n\t\t\t\t\t\t\t\t\t\t\t<div class=\"elementor-gallery-item__overlay\"><\/div>\n\t\t\t\t\t\t\t\t\t\t\t\t\t\t<\/a>\n\t\t\t\t\t<\/div>\n\t\t\t\t\t<\/div>\n\t\t\t\t<\/div>\n\t\t\t\t\t<\/div>\n\t\t\t\t<\/div>\n\t\t\t\t<\/div>","protected":false},"excerpt":{"rendered":"<p>Ya se ha publicado el calendario de junio. Os animamos a que os fij\u00e9is y apreci\u00e9is la riqueza de la liturgia significativa de las celebraciones lit\u00fargicas anteriores a 1955, su claridad y forma abarcadora de presentar -a trav\u00e9s de las manos del sacerdote- nuestras oraciones a ... <a class=\"continue_reading\" href=\"https:\/\/societyofthemostholyredeemer.org\/es\/2025\/06\/02\/june-2025-calendar\/\">Seguir leyendo <span class=\"meta-nav\"><i class=\"fa fa-caret-right\" aria-hidden=\"true\"><\/i><\/span><\/a><\/p>","protected":false},"author":3,"featured_media":9146,"comment_status":"open","ping_status":"open","sticky":false,"template":"","format":"standard","meta":{"_acf_changed":false,"footnotes":""},"categories":[25],"tags":[],"class_list":["post-9145","post","type-post","status-publish","format-standard","has-post-thumbnail","hentry","category-liturgical-calendar"],"acf":[],"_links":{"self":[{"href":"https:\/\/societyofthemostholyredeemer.org\/es\/wp-json\/wp\/v2\/posts\/9145","targetHints":{"allow":["GET"]}}],"collection":[{"href":"https:\/\/societyofthemostholyredeemer.org\/es\/wp-json\/wp\/v2\/posts"}],"about":[{"href":"https:\/\/societyofthemostholyredeemer.org\/es\/wp-json\/wp\/v2\/types\/post"}],"author":[{"embeddable":true,"href":"https:\/\/societyofthemostholyredeemer.org\/es\/wp-json\/wp\/v2\/users\/3"}],"replies":[{"embeddable":true,"href":"https:\/\/societyofthemostholyredeemer.org\/es\/wp-json\/wp\/v2\/comments?post=9145"}],"version-history":[{"count":14,"href":"https:\/\/societyofthemostholyredeemer.org\/es\/wp-json\/wp\/v2\/posts\/9145\/revisions"}],"predecessor-version":[{"id":10039,"href":"https:\/\/societyofthemostholyredeemer.org\/es\/wp-json\/wp\/v2\/posts\/9145\/revisions\/10039"}],"wp:featuredmedia":[{"embeddable":true,"href":"https:\/\/societyofthemostholyredeemer.org\/es\/wp-json\/wp\/v2\/media\/9146"}],"wp:attachment":[{"href":"https:\/\/societyofthemostholyredeemer.org\/es\/wp-json\/wp\/v2\/media?parent=9145"}],"wp:term":[{"taxonomy":"category","embeddable":true,"href":"https:\/\/societyofthemostholyredeemer.org\/es\/wp-json\/wp\/v2\/categories?post=9145"},{"taxonomy":"post_tag","embeddable":true,"href":"https:\/\/societyofthemostholyredeemer.org\/es\/wp-json\/wp\/v2\/tags?post=9145"}],"curies":[{"name":"wp","href":"https:\/\/api.w.org\/{rel}","templated":true}]}}