{"id":10040,"date":"2025-07-04T00:40:36","date_gmt":"2025-07-04T00:40:36","guid":{"rendered":"https:\/\/societyofthemostholyredeemer.org\/?p=10040"},"modified":"2025-09-12T23:58:24","modified_gmt":"2025-09-12T23:58:24","slug":"july-2025-calendar","status":"publish","type":"post","link":"https:\/\/societyofthemostholyredeemer.org\/pt\/2025\/07\/04\/july-2025-calendar\/","title":{"rendered":"CALEND\u00c1RIO DE JULHO DE 2025"},"content":{"rendered":"<div data-elementor-type=\"wp-post\" data-elementor-id=\"10040\" class=\"elementor elementor-10040\" data-elementor-post-type=\"post\">\n\t\t\t\t<div class=\"elementor-element elementor-element-732e06f e-flex e-con-boxed e-con e-parent\" data-id=\"732e06f\" data-element_type=\"container\" data-e-type=\"container\">\n\t\t\t\t\t<div class=\"e-con-inner\">\n\t\t\t\t<div class=\"elementor-element elementor-element-f33ecb8 elementor-widget__width-inherit elementor-widget elementor-widget-text-editor\" data-id=\"f33ecb8\" data-element_type=\"widget\" data-e-type=\"widget\" data-widget_type=\"text-editor.default\">\n\t\t\t\t<div class=\"elementor-widget-container\">\n\t\t\t\t\t\t\t\t\t<p>\u00a0 \u00a0 \u00a0O calend\u00e1rio de julho j\u00e1 foi publicado. N\u00f3s o incentivamos a observar e apreciar a riqueza da liturgia significativa das celebra\u00e7\u00f5es lit\u00fargicas pr\u00e9-1955, sua clareza e forma abrangente de apresentar - por meio das m\u00e3os do sacerdote - nossas ora\u00e7\u00f5es ao Senhor, em unidade com todas as inten\u00e7\u00f5es e ora\u00e7\u00f5es tradicionais que a Santa Madre Igreja nos instrui a recordar em todas as missas do m\u00eas.  A liturgia pr\u00e9-Bugnini \u00e9, sem d\u00favida, a melhor e mais coerente maneira de defender nossa f\u00e9 cat\u00f3lica tradicional nos dias de hoje.<\/p><p>\u00a0 \u00a0 \u00a0O m\u00eas de julho, dedicado ao Precios\u00edssimo Sangue, come\u00e7a com o dobro da primeira classe da Festa do Precios\u00edssimo Sangue de Jesus, no dia da oitava da Natividade de S\u00e3o Jo\u00e3o Batista, durante a oitava do Sagrado Cora\u00e7\u00e3o, e tamb\u00e9m na oitava dos Santos Ap\u00f3stolos Pedro e Paulo.  Tamb\u00e9m neste m\u00eas, os Redentoristas t\u00eam o privil\u00e9gio de celebrar a Solenidade do Sant\u00edssimo Redentor no terceiro domingo de julho, com uma oitava comum.<\/p><p>\u00a0 \u00a0 \u00a0Observamos a Festa da Visita\u00e7\u00e3o da Bem-Aventurada Virgem Maria, em 2 de julho, e a Comemora\u00e7\u00e3o de Nossa Senhora do Monte Carmelo, em 16 de julho.  Recordamos a terceira apari\u00e7\u00e3o de Nossa Senhora em F\u00e1tima, em 13 de julho, data em que, em 1917, ela revelou o \"Segredo\" em tr\u00eas partes, do qual ainda estamos aguardando a revela\u00e7\u00e3o completa.  A m\u00e3e da Sant\u00edssima Virgem Maria, Santa Ana, \u00e9 homenageada no dia 26 de julho.<sup>th<\/sup>e outras festas dignas de nota s\u00e3o St. Mary Magdalen, em 22 de julho, St.<sup>th<\/sup>e Santo In\u00e1cio de Loyola no dia 31<sup>st<\/sup>.<\/p><p>\u00a0 \u00a0 \u00a0A exalta\u00e7\u00e3o do Precios\u00edssimo Sangue \u00e9 um objetivo particularmente importante da nossa Sociedade, como afirma o nosso lema: \"<em>Habemus redemptionem per Sanguinem Eius<\/em> - Temos a reden\u00e7\u00e3o por meio de Seu Sangue\" (Ef\u00e9sios 1:7; e Colossenses 1:14).  E para esse fim, oferecemos uma ora\u00e7\u00e3o de <em>Livro de Ora\u00e7\u00f5es de Santo Afonso<\/em>:<\/p><p style=\"padding-left: 40px;\"><em>\u00a0 \u00a0 \u00a0Ent\u00e3o, meu Jesus, para salvar minha alma, preparaste um banho com Teu pr\u00f3prio Sangue, para purific\u00e1-la da sujeira de seus pecados.  Se, portanto, nossas almas foram compradas por Teu Sangue, \"Porque fostes comprados por um grande pre\u00e7o\" (1 Cor. vi., 20), \u00e9 sinal de que Tu as amas muito; e como Tu as amas, oremos assim a Ti: \"Portanto, rogamos-Te que ajudes Teus servos, que redimiste com Teu precioso Sangue\".  \u00c9 verdade que, com meus pecados, eu me separei de Ti e Te perdi conscientemente.  Mas lembre-se, meu Jesus, de que voc\u00ea me comprou com seu sangue.  Ah, que esse sangue n\u00e3o tenha sido dado em v\u00e3o por mim, que foi derramado com tanta dor e tanto amor.<\/em><\/p>\t\t\t\t\t\t\t\t<\/div>\n\t\t\t\t<\/div>\n\t\t\t\t\t<\/div>\n\t\t\t\t<\/div>\n\t\t<div class=\"elementor-element elementor-element-2c90a36 e-flex e-con-boxed e-con e-parent\" data-id=\"2c90a36\" data-element_type=\"container\" data-e-type=\"container\">\n\t\t\t\t\t<div class=\"e-con-inner\">\n\t\t\t\t<div class=\"elementor-element elementor-element-ca5072c elementor-widget elementor-widget-gallery\" data-id=\"ca5072c\" data-element_type=\"widget\" data-e-type=\"widget\" data-settings=\"{&quot;columns&quot;:1,&quot;lazyload&quot;:&quot;yes&quot;,&quot;gallery_layout&quot;:&quot;grid&quot;,&quot;columns_tablet&quot;:2,&quot;columns_mobile&quot;:1,&quot;gap&quot;:{&quot;unit&quot;:&quot;px&quot;,&quot;size&quot;:10,&quot;sizes&quot;:[]},&quot;gap_tablet&quot;:{&quot;unit&quot;:&quot;px&quot;,&quot;size&quot;:10,&quot;sizes&quot;:[]},&quot;gap_mobile&quot;:{&quot;unit&quot;:&quot;px&quot;,&quot;size&quot;:10,&quot;sizes&quot;:[]},&quot;link_to&quot;:&quot;file&quot;,&quot;aspect_ratio&quot;:&quot;3:2&quot;,&quot;overlay_background&quot;:&quot;yes&quot;,&quot;content_hover_animation&quot;:&quot;fade-in&quot;}\" data-widget_type=\"gallery.default\">\n\t\t\t\t<div class=\"elementor-widget-container\">\n\t\t\t\t\t\t\t<div class=\"elementor-gallery__container\">\n\t\t\t\t\t\t\t<a class=\"e-gallery-item elementor-gallery-item elementor-animated-content\" href=\"https:\/\/societyofthemostholyredeemer.org\/wp-content\/uploads\/2025\/07\/2025_7_July_newest-scaled.jpg\" data-elementor-open-lightbox=\"yes\" data-elementor-lightbox-slideshow=\"ca5072c\" data-e-action-hash=\"#elementor-action%3Aaction%3Dlightbox%26settings%3DeyJpZCI6MTAyNzYsInVybCI6Imh0dHBzOlwvXC9zb2NpZXR5b2Z0aGVtb3N0aG9seXJlZGVlbWVyLm9yZ1wvd3AtY29udGVudFwvdXBsb2Fkc1wvMjAyNVwvMDdcLzIwMjVfN19KdWx5X25ld2VzdC1zY2FsZWQuanBnIiwic2xpZGVzaG93IjoiY2E1MDcyYyJ9\">\n\t\t\t\t\t<div class=\"e-gallery-image elementor-gallery-item__image\" data-thumbnail=\"https:\/\/societyofthemostholyredeemer.org\/wp-content\/uploads\/2025\/07\/2025_7_July_newest-300x205.jpg\" data-width=\"300\" data-height=\"205\" aria-label=\"\" role=\"img\" ><\/div>\n\t\t\t\t\t\t\t\t\t\t\t<div class=\"elementor-gallery-item__overlay\"><\/div>\n\t\t\t\t\t\t\t\t\t\t\t\t\t\t<\/a>\n\t\t\t\t\t<\/div>\n\t\t\t\t\t<\/div>\n\t\t\t\t<\/div>\n\t\t\t\t\t<\/div>\n\t\t\t\t<\/div>\n\t\t<div class=\"elementor-element elementor-element-6d3ec76 e-flex e-con-boxed e-con e-parent\" data-id=\"6d3ec76\" data-element_type=\"container\" data-e-type=\"container\">\n\t\t\t\t\t<div class=\"e-con-inner\">\n\t\t\t\t<div class=\"elementor-element elementor-element-41af848 elementor-widget elementor-widget-text-editor\" data-id=\"41af848\" data-element_type=\"widget\" data-e-type=\"widget\" data-widget_type=\"text-editor.default\">\n\t\t\t\t<div class=\"elementor-widget-container\">\n\t\t\t\t\t\t\t\t\t<p>\u00a0 \u00a0 \u00a0Se quiser ver as p\u00e1ginas de calend\u00e1rio de outros meses do ano atual ou de anos anteriores, voc\u00ea poder\u00e1 exibir a p\u00e1gina\u00a0<a href=\"https:\/\/societyofthemostholyredeemer.org\/pt\/liturgical-calendars\/\">Calend\u00e1rios Lit\u00fargicos<\/a>\u00a0se\u00e7\u00e3o do nosso site.<\/p>\t\t\t\t\t\t\t\t<\/div>\n\t\t\t\t<\/div>\n\t\t\t\t\t<\/div>\n\t\t\t\t<\/div>\n\t\t\t\t<\/div>","protected":false},"excerpt":{"rendered":"<p>The July calendar has been posted. We encourage you to notice and appreciate the richness of the meaningful liturgy of the pre-1955 liturgical celebrations, its clarity and encompassing way of presenting \u2013through the hands of the priest\u2013 our prayers to &hellip; <a class=\"continue_reading\" href=\"https:\/\/societyofthemostholyredeemer.org\/pt\/2025\/07\/04\/july-2025-calendar\/\">Continuar lendo <span class=\"meta-nav\"><i class=\"fa fa-caret-right\" aria-hidden=\"true\"><\/i><\/span><\/a><\/p>","protected":false},"author":3,"featured_media":10041,"comment_status":"open","ping_status":"open","sticky":false,"template":"","format":"standard","meta":{"_acf_changed":false,"footnotes":""},"categories":[25],"tags":[],"class_list":["post-10040","post","type-post","status-publish","format-standard","has-post-thumbnail","hentry","category-liturgical-calendar"],"acf":[],"_links":{"self":[{"href":"https:\/\/societyofthemostholyredeemer.org\/pt\/wp-json\/wp\/v2\/posts\/10040","targetHints":{"allow":["GET"]}}],"collection":[{"href":"https:\/\/societyofthemostholyredeemer.org\/pt\/wp-json\/wp\/v2\/posts"}],"about":[{"href":"https:\/\/societyofthemostholyredeemer.org\/pt\/wp-json\/wp\/v2\/types\/post"}],"author":[{"embeddable":true,"href":"https:\/\/societyofthemostholyredeemer.org\/pt\/wp-json\/wp\/v2\/users\/3"}],"replies":[{"embeddable":true,"href":"https:\/\/societyofthemostholyredeemer.org\/pt\/wp-json\/wp\/v2\/comments?post=10040"}],"version-history":[{"count":21,"href":"https:\/\/societyofthemostholyredeemer.org\/pt\/wp-json\/wp\/v2\/posts\/10040\/revisions"}],"predecessor-version":[{"id":10950,"href":"https:\/\/societyofthemostholyredeemer.org\/pt\/wp-json\/wp\/v2\/posts\/10040\/revisions\/10950"}],"wp:featuredmedia":[{"embeddable":true,"href":"https:\/\/societyofthemostholyredeemer.org\/pt\/wp-json\/wp\/v2\/media\/10041"}],"wp:attachment":[{"href":"https:\/\/societyofthemostholyredeemer.org\/pt\/wp-json\/wp\/v2\/media?parent=10040"}],"wp:term":[{"taxonomy":"category","embeddable":true,"href":"https:\/\/societyofthemostholyredeemer.org\/pt\/wp-json\/wp\/v2\/categories?post=10040"},{"taxonomy":"post_tag","embeddable":true,"href":"https:\/\/societyofthemostholyredeemer.org\/pt\/wp-json\/wp\/v2\/tags?post=10040"}],"curies":[{"name":"wp","href":"https:\/\/api.w.org\/{rel}","templated":true}]}}