{"id":12638,"date":"2026-05-01T19:28:08","date_gmt":"2026-05-01T19:28:08","guid":{"rendered":"https:\/\/societyofthemostholyredeemer.org\/?p=12638"},"modified":"2026-05-01T20:39:33","modified_gmt":"2026-05-01T20:39:33","slug":"may-2026-calendar","status":"publish","type":"post","link":"https:\/\/societyofthemostholyredeemer.org\/pt\/2026\/05\/01\/may-2026-calendar\/","title":{"rendered":"MAY 2026 CALENDAR"},"content":{"rendered":"<div data-elementor-type=\"wp-post\" data-elementor-id=\"12638\" class=\"elementor elementor-12638\" data-elementor-post-type=\"post\">\n\t\t\t\t<div class=\"elementor-element elementor-element-1d54516 e-flex e-con-boxed e-con e-parent\" data-id=\"1d54516\" data-element_type=\"container\" data-e-type=\"container\">\n\t\t\t\t\t<div class=\"e-con-inner\">\n\t\t\t\t<div class=\"elementor-element elementor-element-cbe384c elementor-widget elementor-widget-text-editor\" data-id=\"cbe384c\" data-element_type=\"widget\" data-e-type=\"widget\" data-widget_type=\"text-editor.default\">\n\t\t\t\t<div class=\"elementor-widget-container\">\n\t\t\t\t\t\t\t\t\t<p>\u00a0 \u00a0 \u00a0O calend\u00e1rio de maio j\u00e1 foi publicado. N\u00f3s o incentivamos a observar e apreciar a riqueza da liturgia significativa das celebra\u00e7\u00f5es lit\u00fargicas pr\u00e9-1955, sua clareza e forma abrangente de apresentar - por meio das m\u00e3os do sacerdote - nossas ora\u00e7\u00f5es ao Senhor, em unidade com todas as inten\u00e7\u00f5es e ora\u00e7\u00f5es tradicionais que a Santa Madre Igreja nos instrui a recordar em todas as missas do m\u00eas.  A liturgia pr\u00e9-Bugnini \u00e9, sem d\u00favida, a melhor e mais coerente maneira de defender nossa f\u00e9 cat\u00f3lica tradicional nos dias de hoje.<\/p><p>\u00a0 \u00a0 \u00a0Easter season continues throughout the month of May, and the moveable feasts that occur in May this year are: the three <em>Dias de Roga\u00e7\u00e3o<\/em> on the Monday, Tuesday and Wednesday prior to the Ascension (May 26-28); the\u00a0<em>Festa da Ascens\u00e3o de Nosso Senhor<\/em>\u00a0(May 14), a Holy Day of Obligation that is preceded by a vigil and includes a Privileged Octave of the 2nd Order; and the <em>Feast of Whitsunday<\/em> (Pentecost) (May 24), which is also preceded by a vigil and includes a Privileged Octave of the 1st Order that contains the summer <em>Ember Days<\/em> on May 27, 29 and 30, and <em>Trinity Sunday<\/em> (31 de maio).<\/p><p>\u00a0 \u00a0 \u00a0O m\u00eas de maio \u00e9 dedicado \u00e0 Sant\u00edssima Virgem Maria, e v\u00e1rios dias dedicados a ela ocorrem nesse m\u00eas, incluindo <em>Nossa Senhora de Pomp\u00e9ia<\/em>\u00a0(8 de maio),\u00a0<em>Nossa Senhora de F\u00e1tima<\/em>\u00a0(13 de maio),\u00a0<em>Nossa Senhora Rainha dos Ap\u00f3stolos <\/em>(May 16), and<em> Nossa Senhora Auxiliadora<\/em>\u00a0(May 24). \u00a0May 31 is normally the Double of the 2nd Class Feast of the\u00a0<em>Realeza da Sant\u00edssima Virgem Maria<\/em>, but this year, because the Feast falls on Trinity Sunday, the liturgical celebration of Our Lady\u2019s Queenship is transferred to June 1.<\/p><p>\u00a0 \u00a0 \u00a0Last year, the month of May began with a papal conclave that ultimately selected Cardinal Robert Prevost to ascend to the throne as Pope Leo XIV.\u00a0 On this first anniversary of the Pope\u2019s election, we see that the crisis in Rome continues unabated, and the demands of Heaven articulated by Our Lady of Fatima continue to be ignored.\u00a0 Therefore, the Society of the Most Holy Redeemer calls upon on all the Angels and Saints to protect and defend Holy Mother Church, and especially those heavenly advocates whose feasts are celebrated this month, including: the\u00a0<em>Ap\u00f3stolos Filipe e Tiago<\/em>\u00a0(1\u00ba de maio);\u00a0<em>Santo Atan\u00e1sio<\/em>\u00a0(2 de maio),\u00a0<em>Papa S\u00e3o Pio V<\/em>\u00a0(5 de maio),\u00a0<em>S\u00e3o Jo\u00e3o Evangelista<\/em>\u00a0(6 de maio),\u00a0<em>S\u00e3o Miguel Arcanjo<\/em>\u00a0(May 8), and \u00a0<em>S\u00e3o Roberto Belarmino<\/em>\u00a0(May 13).\u00a0 And of course, we pray to St. Joseph, Patron of the Universal Church, and the Blessed Virgin Mary, who we honor always but in an especial way every day of May.<\/p>\t\t\t\t\t\t\t\t<\/div>\n\t\t\t\t<\/div>\n\t\t\t\t\t<\/div>\n\t\t\t\t<\/div>\n\t\t<div class=\"elementor-element elementor-element-dd1ccb6 e-flex e-con-boxed e-con e-parent\" data-id=\"dd1ccb6\" data-element_type=\"container\" data-e-type=\"container\">\n\t\t\t\t\t<div class=\"e-con-inner\">\n\t\t\t\t<div class=\"elementor-element elementor-element-65ac0c2 elementor-widget elementor-widget-gallery\" data-id=\"65ac0c2\" data-element_type=\"widget\" data-e-type=\"widget\" data-settings=\"{&quot;columns&quot;:1,&quot;lazyload&quot;:&quot;yes&quot;,&quot;gallery_layout&quot;:&quot;grid&quot;,&quot;columns_tablet&quot;:2,&quot;columns_mobile&quot;:1,&quot;gap&quot;:{&quot;unit&quot;:&quot;px&quot;,&quot;size&quot;:10,&quot;sizes&quot;:[]},&quot;gap_tablet&quot;:{&quot;unit&quot;:&quot;px&quot;,&quot;size&quot;:10,&quot;sizes&quot;:[]},&quot;gap_mobile&quot;:{&quot;unit&quot;:&quot;px&quot;,&quot;size&quot;:10,&quot;sizes&quot;:[]},&quot;link_to&quot;:&quot;file&quot;,&quot;aspect_ratio&quot;:&quot;3:2&quot;,&quot;overlay_background&quot;:&quot;yes&quot;,&quot;content_hover_animation&quot;:&quot;fade-in&quot;}\" data-widget_type=\"gallery.default\">\n\t\t\t\t<div class=\"elementor-widget-container\">\n\t\t\t\t\t\t\t<div class=\"elementor-gallery__container\">\n\t\t\t\t\t\t\t<a class=\"e-gallery-item elementor-gallery-item elementor-animated-content\" href=\"https:\/\/societyofthemostholyredeemer.org\/wp-content\/uploads\/2026\/05\/May-2026-page.jpg\" data-elementor-open-lightbox=\"yes\" data-elementor-lightbox-slideshow=\"65ac0c2\" data-e-action-hash=\"#elementor-action%3Aaction%3Dlightbox%26settings%3DeyJpZCI6MTI2NDIsInVybCI6Imh0dHBzOlwvXC9zb2NpZXR5b2Z0aGVtb3N0aG9seXJlZGVlbWVyLm9yZ1wvd3AtY29udGVudFwvdXBsb2Fkc1wvMjAyNlwvMDVcL01heS0yMDI2LXBhZ2UuanBnIiwic2xpZGVzaG93IjoiNjVhYzBjMiJ9\">\n\t\t\t\t\t<div class=\"e-gallery-image elementor-gallery-item__image\" data-thumbnail=\"https:\/\/societyofthemostholyredeemer.org\/wp-content\/uploads\/2026\/05\/May-2026-page-300x207.jpg\" data-width=\"300\" data-height=\"207\" aria-label=\"\" role=\"img\" ><\/div>\n\t\t\t\t\t\t\t\t\t\t\t<div class=\"elementor-gallery-item__overlay\"><\/div>\n\t\t\t\t\t\t\t\t\t\t\t\t\t\t<\/a>\n\t\t\t\t\t<\/div>\n\t\t\t\t\t<\/div>\n\t\t\t\t<\/div>\n\t\t\t\t\t<\/div>\n\t\t\t\t<\/div>\n\t\t<div class=\"elementor-element elementor-element-e3c072d e-flex e-con-boxed e-con e-parent\" data-id=\"e3c072d\" data-element_type=\"container\" data-e-type=\"container\">\n\t\t\t\t\t<div class=\"e-con-inner\">\n\t\t\t\t<div class=\"elementor-element elementor-element-90e0889 elementor-widget elementor-widget-text-editor\" data-id=\"90e0889\" data-element_type=\"widget\" data-e-type=\"widget\" data-widget_type=\"text-editor.default\">\n\t\t\t\t<div class=\"elementor-widget-container\">\n\t\t\t\t\t\t\t\t\t<p>\u00a0 \u00a0 \u00a0Se quiser ver as p\u00e1ginas de calend\u00e1rio de outros meses do ano atual ou de anos anteriores, voc\u00ea poder\u00e1 exibir a p\u00e1gina\u00a0<a href=\"https:\/\/societyofthemostholyredeemer.org\/pt\/liturgical-calendars\/\">Calend\u00e1rios Lit\u00fargicos<\/a>\u00a0se\u00e7\u00e3o do nosso site.<\/p>\t\t\t\t\t\t\t\t<\/div>\n\t\t\t\t<\/div>\n\t\t\t\t\t<\/div>\n\t\t\t\t<\/div>\n\t\t<div class=\"elementor-element elementor-element-add90b9 e-flex e-con-boxed e-con e-parent\" data-id=\"add90b9\" data-element_type=\"container\" data-e-type=\"container\">\n\t\t\t\t\t<div class=\"e-con-inner\">\n\t\t\t\t<div class=\"elementor-element elementor-element-66c9757 elementor-widget elementor-widget-text-editor\" data-id=\"66c9757\" data-element_type=\"widget\" data-e-type=\"widget\" data-widget_type=\"text-editor.default\">\n\t\t\t\t<div class=\"elementor-widget-container\">\n\t\t\t\t\t\t\t\t\t<h6>Photo of Our Lady Help of Christians on the home page is by Enrique L\u00f3pez-Tamayo Biosca &#8211; https:\/\/www.flickr.com\/photos\/eltb\/7246925062, CC BY 2.0, https:\/\/commons.wikimedia.org\/w\/index.php?curid=19541234<\/h6>\t\t\t\t\t\t\t\t<\/div>\n\t\t\t\t<\/div>\n\t\t\t\t\t<\/div>\n\t\t\t\t<\/div>\n\t\t\t\t<\/div>","protected":false},"excerpt":{"rendered":"<p>\u00a0 \u00a0 \u00a0O calend\u00e1rio de maio foi publicado. Incentivamos voc\u00ea a observar e apreciar a riqueza da liturgia significativa das celebra\u00e7\u00f5es lit\u00fargicas anteriores a 1955, sua clareza e maneira abrangente de apresentar - por meio das m\u00e3os do sacerdote - nossa ... <a class=\"continue_reading\" href=\"https:\/\/societyofthemostholyredeemer.org\/pt\/2026\/05\/01\/may-2026-calendar\/\">Continuar lendo <span class=\"meta-nav\"><i class=\"fa fa-caret-right\" aria-hidden=\"true\"><\/i><\/span><\/a><\/p>","protected":false},"author":3,"featured_media":12639,"comment_status":"open","ping_status":"open","sticky":false,"template":"","format":"standard","meta":{"_acf_changed":false,"footnotes":""},"categories":[1],"tags":[],"class_list":["post-12638","post","type-post","status-publish","format-standard","has-post-thumbnail","hentry","category-uncategorized"],"acf":[],"_links":{"self":[{"href":"https:\/\/societyofthemostholyredeemer.org\/pt\/wp-json\/wp\/v2\/posts\/12638","targetHints":{"allow":["GET"]}}],"collection":[{"href":"https:\/\/societyofthemostholyredeemer.org\/pt\/wp-json\/wp\/v2\/posts"}],"about":[{"href":"https:\/\/societyofthemostholyredeemer.org\/pt\/wp-json\/wp\/v2\/types\/post"}],"author":[{"embeddable":true,"href":"https:\/\/societyofthemostholyredeemer.org\/pt\/wp-json\/wp\/v2\/users\/3"}],"replies":[{"embeddable":true,"href":"https:\/\/societyofthemostholyredeemer.org\/pt\/wp-json\/wp\/v2\/comments?post=12638"}],"version-history":[{"count":4,"href":"https:\/\/societyofthemostholyredeemer.org\/pt\/wp-json\/wp\/v2\/posts\/12638\/revisions"}],"predecessor-version":[{"id":12645,"href":"https:\/\/societyofthemostholyredeemer.org\/pt\/wp-json\/wp\/v2\/posts\/12638\/revisions\/12645"}],"wp:featuredmedia":[{"embeddable":true,"href":"https:\/\/societyofthemostholyredeemer.org\/pt\/wp-json\/wp\/v2\/media\/12639"}],"wp:attachment":[{"href":"https:\/\/societyofthemostholyredeemer.org\/pt\/wp-json\/wp\/v2\/media?parent=12638"}],"wp:term":[{"taxonomy":"category","embeddable":true,"href":"https:\/\/societyofthemostholyredeemer.org\/pt\/wp-json\/wp\/v2\/categories?post=12638"},{"taxonomy":"post_tag","embeddable":true,"href":"https:\/\/societyofthemostholyredeemer.org\/pt\/wp-json\/wp\/v2\/tags?post=12638"}],"curies":[{"name":"wp","href":"https:\/\/api.w.org\/{rel}","templated":true}]}}