{"id":4621,"date":"2024-11-26T23:55:15","date_gmt":"2024-11-26T23:55:15","guid":{"rendered":"https:\/\/societyofthemostholyredeemer.org\/?p=4621"},"modified":"2025-12-16T12:46:08","modified_gmt":"2025-12-16T12:46:08","slug":"novenas-pro-tempore-adventus","status":"publish","type":"post","link":"https:\/\/societyofthemostholyredeemer.org\/pt\/2024\/11\/26\/novenas-pro-tempore-adventus\/","title":{"rendered":"NOVENAS PRO TEMPORE ADVENTUS"},"content":{"rendered":"<div data-elementor-type=\"wp-post\" data-elementor-id=\"4621\" class=\"elementor elementor-4621\" data-elementor-post-type=\"post\">\n\t\t\t\t<div class=\"elementor-element elementor-element-8f05027 e-flex e-con-boxed e-con e-parent\" data-id=\"8f05027\" data-element_type=\"container\" data-e-type=\"container\">\n\t\t\t\t\t<div class=\"e-con-inner\">\n\t\t\t\t<div class=\"elementor-element elementor-element-96af788 elementor-widget elementor-widget-text-editor\" data-id=\"96af788\" data-element_type=\"widget\" data-e-type=\"widget\" data-widget_type=\"text-editor.default\">\n\t\t\t\t<div class=\"elementor-widget-container\">\n\t\t\t\t\t\t\t\t\t<p>Ao nos aproximarmos do final do ano lit\u00fargico, convidamos voc\u00ea a se lembrar dessas belas novenas que podem ser usadas durante o Advento para se preparar espiritualmente para o Natal. Considere acrescentar uma ou mais delas \u00e0 sua rotina di\u00e1ria durante esse per\u00edodo penitencial.<\/p><p>O <a href=\"https:\/\/societyofthemostholyredeemer.org\/pt\/the-st-andrew-christmas-novena\/\">\"ST. NOVENA DE NATAL DE \"S\u00c3O ANDREUS<\/a> que dura 25 dias, come\u00e7a em 30 de novembro, a festa de Santo Andr\u00e9, e termina na v\u00e9spera de Natal, de modo que abrange a maior parte, se n\u00e3o todo, o per\u00edodo do Advento. \u00c9 uma excelente pr\u00e1tica de Advento em antecipa\u00e7\u00e3o ao maior presente de todos, nascido para n\u00f3s no dia de Natal.<\/p><p>E isso <a href=\"https:\/\/societyofthemostholyredeemer.org\/pt\/christmas-novena-of-st-alphonsus\/\">NOVENA DE NATAL DE S\u00c3O ALONSO ALFONSO<\/a> que foi traduzido do italiano de Santo Afonso Maria de Lig\u00f3rio. Quando usado em prepara\u00e7\u00e3o para o Natal, \u00e9 rezado por nove dias, de 16 a 24 de dezembro, mas essas ora\u00e7\u00f5es podem ser feitas em qualquer \u00e9poca do ano para meditar sobre a Divina Inf\u00e2ncia de Nosso Senhor Jesus Cristo.<\/p>\t\t\t\t\t\t\t\t<\/div>\n\t\t\t\t<\/div>\n\t\t\t\t\t<\/div>\n\t\t\t\t<\/div>\n\t\t<div class=\"elementor-element elementor-element-ba73d28 e-flex e-con-boxed e-con e-parent\" data-id=\"ba73d28\" data-element_type=\"container\" data-e-type=\"container\">\n\t\t\t\t\t<div class=\"e-con-inner\">\n\t\t\t\t<div class=\"elementor-element elementor-element-a0c122f elementor-widget elementor-widget-image\" data-id=\"a0c122f\" data-element_type=\"widget\" data-e-type=\"widget\" data-widget_type=\"image.default\">\n\t\t\t\t<div class=\"elementor-widget-container\">\n\t\t\t\t\t\t\t\t\t\t\t\t\t\t\t<img fetchpriority=\"high\" decoding=\"async\" width=\"1600\" height=\"900\" src=\"https:\/\/societyofthemostholyredeemer.org\/wp-content\/uploads\/2024\/11\/Advent-Novenas.jpeg\" class=\"attachment-full size-full wp-image-4834\" alt=\"\" srcset=\"https:\/\/societyofthemostholyredeemer.org\/wp-content\/uploads\/2024\/11\/Advent-Novenas.jpeg 1600w, https:\/\/societyofthemostholyredeemer.org\/wp-content\/uploads\/2024\/11\/Advent-Novenas-300x169.jpeg 300w, https:\/\/societyofthemostholyredeemer.org\/wp-content\/uploads\/2024\/11\/Advent-Novenas-1024x576.jpeg 1024w, https:\/\/societyofthemostholyredeemer.org\/wp-content\/uploads\/2024\/11\/Advent-Novenas-768x432.jpeg 768w, https:\/\/societyofthemostholyredeemer.org\/wp-content\/uploads\/2024\/11\/Advent-Novenas-1536x864.jpeg 1536w, https:\/\/societyofthemostholyredeemer.org\/wp-content\/uploads\/2024\/11\/Advent-Novenas-18x10.jpeg 18w\" sizes=\"(max-width: 1600px) 100vw, 1600px\" \/>\t\t\t\t\t\t\t\t\t\t\t\t\t\t\t<\/div>\n\t\t\t\t<\/div>\n\t\t\t\t\t<\/div>\n\t\t\t\t<\/div>\n\t\t\t\t<\/div>","protected":false},"excerpt":{"rendered":"<p>Ao nos aproximarmos do final do ano lit\u00fargico, convidamos voc\u00ea a se lembrar dessas belas novenas que podem ser usadas durante o Advento para se preparar espiritualmente para o Natal. Considere acrescentar uma ou mais delas \u00e0 sua rotina di\u00e1ria durante ... <a class=\"continue_reading\" href=\"https:\/\/societyofthemostholyredeemer.org\/pt\/2024\/11\/26\/novenas-pro-tempore-adventus\/\">Continuar lendo <span class=\"meta-nav\"><i class=\"fa fa-caret-right\" aria-hidden=\"true\"><\/i><\/span><\/a><\/p>","protected":false},"author":2,"featured_media":4834,"comment_status":"open","ping_status":"open","sticky":false,"template":"","format":"standard","meta":{"_acf_changed":false,"footnotes":""},"categories":[39],"tags":[],"class_list":["post-4621","post","type-post","status-publish","format-standard","has-post-thumbnail","hentry","category-novenas"],"acf":[],"_links":{"self":[{"href":"https:\/\/societyofthemostholyredeemer.org\/pt\/wp-json\/wp\/v2\/posts\/4621","targetHints":{"allow":["GET"]}}],"collection":[{"href":"https:\/\/societyofthemostholyredeemer.org\/pt\/wp-json\/wp\/v2\/posts"}],"about":[{"href":"https:\/\/societyofthemostholyredeemer.org\/pt\/wp-json\/wp\/v2\/types\/post"}],"author":[{"embeddable":true,"href":"https:\/\/societyofthemostholyredeemer.org\/pt\/wp-json\/wp\/v2\/users\/2"}],"replies":[{"embeddable":true,"href":"https:\/\/societyofthemostholyredeemer.org\/pt\/wp-json\/wp\/v2\/comments?post=4621"}],"version-history":[{"count":28,"href":"https:\/\/societyofthemostholyredeemer.org\/pt\/wp-json\/wp\/v2\/posts\/4621\/revisions"}],"predecessor-version":[{"id":11770,"href":"https:\/\/societyofthemostholyredeemer.org\/pt\/wp-json\/wp\/v2\/posts\/4621\/revisions\/11770"}],"wp:featuredmedia":[{"embeddable":true,"href":"https:\/\/societyofthemostholyredeemer.org\/pt\/wp-json\/wp\/v2\/media\/4834"}],"wp:attachment":[{"href":"https:\/\/societyofthemostholyredeemer.org\/pt\/wp-json\/wp\/v2\/media?parent=4621"}],"wp:term":[{"taxonomy":"category","embeddable":true,"href":"https:\/\/societyofthemostholyredeemer.org\/pt\/wp-json\/wp\/v2\/categories?post=4621"},{"taxonomy":"post_tag","embeddable":true,"href":"https:\/\/societyofthemostholyredeemer.org\/pt\/wp-json\/wp\/v2\/tags?post=4621"}],"curies":[{"name":"wp","href":"https:\/\/api.w.org\/{rel}","templated":true}]}}