{"id":4845,"date":"2024-11-30T02:24:06","date_gmt":"2024-11-30T02:24:06","guid":{"rendered":"https:\/\/societyofthemostholyredeemer.org\/?p=4845"},"modified":"2025-12-01T14:17:47","modified_gmt":"2025-12-01T14:17:47","slug":"december-calendar","status":"publish","type":"post","link":"https:\/\/societyofthemostholyredeemer.org\/pt\/2024\/11\/30\/december-calendar\/","title":{"rendered":"CALEND\u00c1RIO DE DEZEMBRO"},"content":{"rendered":"<div data-elementor-type=\"wp-post\" data-elementor-id=\"4845\" class=\"elementor elementor-4845\" data-elementor-post-type=\"post\">\n\t\t\t\t<div class=\"elementor-element elementor-element-b02051d e-flex e-con-boxed e-con e-parent\" data-id=\"b02051d\" data-element_type=\"container\" data-e-type=\"container\">\n\t\t\t\t\t<div class=\"e-con-inner\">\n\t\t\t\t<div class=\"elementor-element elementor-element-db7ac80 elementor-widget elementor-widget-text-editor\" data-id=\"db7ac80\" data-element_type=\"widget\" data-e-type=\"widget\" data-widget_type=\"text-editor.default\">\n\t\t\t\t<div class=\"elementor-widget-container\">\n\t\t\t\t\t\t\t\t\t<p>\u00a0 \u00a0 \u00a0O calend\u00e1rio de dezembro j\u00e1 foi publicado. N\u00f3s o incentivamos a observar e apreciar a riqueza da liturgia significativa das celebra\u00e7\u00f5es lit\u00fargicas pr\u00e9-1955, sua clareza e forma abrangente de apresentar - por meio das m\u00e3os do sacerdote - nossas ora\u00e7\u00f5es ao Senhor, em unidade com todas as inten\u00e7\u00f5es e ora\u00e7\u00f5es tradicionais que a Santa Madre Igreja nos instrui a recordar em todas as missas do m\u00eas. A liturgia pr\u00e9-Bugnini \u00e9, sem d\u00favida, a melhor e mais coerente maneira de defender nossa f\u00e9 cat\u00f3lica tradicional nos dias de hoje.<\/p><p>\u00a0 \u00a0 \u00a0O m\u00eas de dezembro \u00e9 dedicado \u00e0 Inf\u00e2ncia Divina, onde contemplamos o mist\u00e9rio do Verbo feito carne. Por meio do per\u00edodo penitencial do Advento, nos preparamos espiritualmente para a alegre festa do Natal. A Igreja tamb\u00e9m celebra a festa mais solene do Advento - a Imaculada Concei\u00e7\u00e3o de Maria - em 8 de dezembro. Podemos meditar sobre esse grande dogma e sua profunda conex\u00e3o com o nascimento de Cristo durante toda a oitava.\u00a0<\/p><p>\u00a0 \u00a0 \u00a0Se quiser ver as p\u00e1ginas de calend\u00e1rio de outros meses do ano atual ou de anos anteriores, voc\u00ea poder\u00e1 exibir a p\u00e1gina\u00a0<a href=\"https:\/\/societyofthemostholyredeemer.org\/pt\/liturgical-calendars\/\">Calend\u00e1rios Lit\u00fargicos<\/a>\u00a0se\u00e7\u00e3o do nosso site.<\/p>\t\t\t\t\t\t\t\t<\/div>\n\t\t\t\t<\/div>\n\t\t\t\t\t<\/div>\n\t\t\t\t<\/div>\n\t\t<div class=\"elementor-element elementor-element-580aa65 e-flex e-con-boxed e-con e-parent\" data-id=\"580aa65\" data-element_type=\"container\" data-e-type=\"container\">\n\t\t\t\t\t<div class=\"e-con-inner\">\n\t\t\t\t<div class=\"elementor-element elementor-element-6db0add elementor-widget elementor-widget-gallery\" data-id=\"6db0add\" data-element_type=\"widget\" data-e-type=\"widget\" data-settings=\"{&quot;columns&quot;:1,&quot;lazyload&quot;:&quot;yes&quot;,&quot;gallery_layout&quot;:&quot;grid&quot;,&quot;columns_tablet&quot;:2,&quot;columns_mobile&quot;:1,&quot;gap&quot;:{&quot;unit&quot;:&quot;px&quot;,&quot;size&quot;:10,&quot;sizes&quot;:[]},&quot;gap_tablet&quot;:{&quot;unit&quot;:&quot;px&quot;,&quot;size&quot;:10,&quot;sizes&quot;:[]},&quot;gap_mobile&quot;:{&quot;unit&quot;:&quot;px&quot;,&quot;size&quot;:10,&quot;sizes&quot;:[]},&quot;link_to&quot;:&quot;file&quot;,&quot;aspect_ratio&quot;:&quot;3:2&quot;,&quot;overlay_background&quot;:&quot;yes&quot;,&quot;content_hover_animation&quot;:&quot;fade-in&quot;}\" data-widget_type=\"gallery.default\">\n\t\t\t\t<div class=\"elementor-widget-container\">\n\t\t\t\t\t\t\t<div class=\"elementor-gallery__container\">\n\t\t\t\t\t\t\t<a class=\"e-gallery-item elementor-gallery-item elementor-animated-content\" href=\"https:\/\/societyofthemostholyredeemer.org\/wp-content\/uploads\/2024\/11\/Dec2024_update-scaled.jpg\" data-elementor-open-lightbox=\"yes\" data-elementor-lightbox-slideshow=\"6db0add\" data-e-action-hash=\"#elementor-action%3Aaction%3Dlightbox%26settings%3DeyJpZCI6NTMwMiwidXJsIjoiaHR0cHM6XC9cL3NvY2lldHlvZnRoZW1vc3Rob2x5cmVkZWVtZXIub3JnXC93cC1jb250ZW50XC91cGxvYWRzXC8yMDI0XC8xMVwvRGVjMjAyNF91cGRhdGUtc2NhbGVkLmpwZyIsInNsaWRlc2hvdyI6IjZkYjBhZGQifQ%3D%3D\">\n\t\t\t\t\t<div class=\"e-gallery-image elementor-gallery-item__image\" data-thumbnail=\"https:\/\/societyofthemostholyredeemer.org\/wp-content\/uploads\/2024\/11\/Dec2024_update-300x205.jpg\" data-width=\"300\" data-height=\"205\" aria-label=\"\" role=\"img\" ><\/div>\n\t\t\t\t\t\t\t\t\t\t\t<div class=\"elementor-gallery-item__overlay\"><\/div>\n\t\t\t\t\t\t\t\t\t\t\t\t\t\t<\/a>\n\t\t\t\t\t<\/div>\n\t\t\t\t\t<\/div>\n\t\t\t\t<\/div>\n\t\t\t\t\t<\/div>\n\t\t\t\t<\/div>\n\t\t\t\t<\/div>","protected":false},"excerpt":{"rendered":"<p>O calend\u00e1rio de dezembro j\u00e1 foi publicado. Incentivamos voc\u00ea a observar e apreciar a riqueza da liturgia significativa das celebra\u00e7\u00f5es lit\u00fargicas anteriores a 1955, sua clareza e maneira abrangente de apresentar - por meio das m\u00e3os do sacerdote - nossas ora\u00e7\u00f5es a ... <a class=\"continue_reading\" href=\"https:\/\/societyofthemostholyredeemer.org\/pt\/2024\/11\/30\/december-calendar\/\">Continuar lendo <span class=\"meta-nav\"><i class=\"fa fa-caret-right\" aria-hidden=\"true\"><\/i><\/span><\/a><\/p>","protected":false},"author":3,"featured_media":5302,"comment_status":"open","ping_status":"open","sticky":false,"template":"","format":"standard","meta":{"_acf_changed":false,"footnotes":""},"categories":[25],"tags":[],"class_list":["post-4845","post","type-post","status-publish","format-standard","has-post-thumbnail","hentry","category-liturgical-calendar"],"acf":[],"_links":{"self":[{"href":"https:\/\/societyofthemostholyredeemer.org\/pt\/wp-json\/wp\/v2\/posts\/4845","targetHints":{"allow":["GET"]}}],"collection":[{"href":"https:\/\/societyofthemostholyredeemer.org\/pt\/wp-json\/wp\/v2\/posts"}],"about":[{"href":"https:\/\/societyofthemostholyredeemer.org\/pt\/wp-json\/wp\/v2\/types\/post"}],"author":[{"embeddable":true,"href":"https:\/\/societyofthemostholyredeemer.org\/pt\/wp-json\/wp\/v2\/users\/3"}],"replies":[{"embeddable":true,"href":"https:\/\/societyofthemostholyredeemer.org\/pt\/wp-json\/wp\/v2\/comments?post=4845"}],"version-history":[{"count":20,"href":"https:\/\/societyofthemostholyredeemer.org\/pt\/wp-json\/wp\/v2\/posts\/4845\/revisions"}],"predecessor-version":[{"id":5319,"href":"https:\/\/societyofthemostholyredeemer.org\/pt\/wp-json\/wp\/v2\/posts\/4845\/revisions\/5319"}],"wp:featuredmedia":[{"embeddable":true,"href":"https:\/\/societyofthemostholyredeemer.org\/pt\/wp-json\/wp\/v2\/media\/5302"}],"wp:attachment":[{"href":"https:\/\/societyofthemostholyredeemer.org\/pt\/wp-json\/wp\/v2\/media?parent=4845"}],"wp:term":[{"taxonomy":"category","embeddable":true,"href":"https:\/\/societyofthemostholyredeemer.org\/pt\/wp-json\/wp\/v2\/categories?post=4845"},{"taxonomy":"post_tag","embeddable":true,"href":"https:\/\/societyofthemostholyredeemer.org\/pt\/wp-json\/wp\/v2\/tags?post=4845"}],"curies":[{"name":"wp","href":"https:\/\/api.w.org\/{rel}","templated":true}]}}