{"id":4878,"date":"2024-12-01T02:00:32","date_gmt":"2024-12-01T02:00:32","guid":{"rendered":"https:\/\/societyofthemostholyredeemer.org\/?p=4878"},"modified":"2024-12-07T01:41:07","modified_gmt":"2024-12-07T01:41:07","slug":"daily-meditation-from-the-writings-of-st-alphonsus","status":"publish","type":"post","link":"https:\/\/societyofthemostholyredeemer.org\/pt\/2024\/12\/01\/daily-meditation-from-the-writings-of-st-alphonsus\/","title":{"rendered":"MEDITA\u00c7\u00c3O DI\u00c1RIA DOS ESCRITOS DE ST. ALFONSO"},"content":{"rendered":"<div data-elementor-type=\"wp-post\" data-elementor-id=\"4878\" class=\"elementor elementor-4878\" data-elementor-post-type=\"post\">\n\t\t\t\t<div class=\"elementor-element elementor-element-a2eb8ad e-flex e-con-boxed e-con e-parent\" data-id=\"a2eb8ad\" data-element_type=\"container\" data-e-type=\"container\">\n\t\t\t\t\t<div class=\"e-con-inner\">\n\t\t\t\t<div class=\"elementor-element elementor-element-3a7a761 elementor-widget elementor-widget-text-editor\" data-id=\"3a7a761\" data-element_type=\"widget\" data-e-type=\"widget\" data-widget_type=\"text-editor.default\">\n\t\t\t\t<div class=\"elementor-widget-container\">\n\t\t\t\t\t\t\t\t\t<p>\u00a0 \u00a0 \u00a0A medita\u00e7\u00e3o de hoje, extra\u00edda dos escritos espirituais de Santo Afonso, j\u00e1 foi postada. Todos os dias, publicaremos um trecho da sabedoria do santo, compilado e organizado pelo Rev. Pe. John Baptist Coyle, C.Ss.R. para cada dia do ano lit\u00fargico.<\/p>\t\t\t\t\t\t\t\t<\/div>\n\t\t\t\t<\/div>\n\t\t\t\t\t<\/div>\n\t\t\t\t<\/div>\n\t\t<div class=\"elementor-element elementor-element-bc15923 e-flex e-con-boxed e-con e-parent\" data-id=\"bc15923\" data-element_type=\"container\" data-e-type=\"container\">\n\t\t\t\t\t<div class=\"e-con-inner\">\n\t\t\t\t<div class=\"elementor-element elementor-element-3c45ab3 elementor-widget elementor-widget-text-editor\" data-id=\"3c45ab3\" data-element_type=\"widget\" data-e-type=\"widget\" data-widget_type=\"text-editor.default\">\n\t\t\t\t<div class=\"elementor-widget-container\">\n\t\t\t\t\t\t\t\t\t<p><strong><b>Medita\u00e7\u00e3o matinal I: Primeiro Domingo do Advento<\/b><\/strong><br>&nbsp; &nbsp; &nbsp;O \u00daltimo Dia \u00e9 chamado nas Escrituras de dia da ira e da mis\u00e9ria; e assim ser\u00e1 para todos aqueles seres infelizes que morreram em pecado mortal; pois nesse dia seus crimes mais secretos ser\u00e3o manifestados ao mundo inteiro, e eles pr\u00f3prios ser\u00e3o separados da companhia dos santos e condenados \u00e0 pris\u00e3o eterna do inferno, onde sofrer\u00e3o todas as agonias de sempre morrer, mas sempre permanecer vivos. S\u00e3o Jer\u00f4nimo, na Caverna de Bel\u00e9m, dedicado \u00e0 ora\u00e7\u00e3o e penit\u00eancia cont\u00ednuas, tremia s\u00f3 de pensar no Julgamento Geral. O Vener\u00e1vel Padre Juvenal Ancina, ao ouvir a Sequ\u00eancia para os Mortos, cantou, <em>Dies ire, dies illa<\/em>Em sua vida, o Sr. Khaled, de 19 anos, ficou t\u00e3o impressionado com a expectativa do Ju\u00edzo Final que deixou o mundo e abra\u00e7ou a vida religiosa.<br>&nbsp; &nbsp; &nbsp;\u00d3 Jesus, o que ser\u00e1 de mim naquele dia? Serei colocado \u00e0 Sua direita com os eleitos ou \u00e0 Sua esquerda com os r\u00e9probos? Sei que mereci ser colocado \u00e0 Tua esquerda, mas sei tamb\u00e9m que Tu ainda me perdoar\u00e1s se eu me arrepender de meus pecados; portanto, arrependo-me deles de todo o cora\u00e7\u00e3o e estou decidido a preferir morrer a ofender-Te ainda mais.<\/p>\t\t\t\t\t\t\t\t<\/div>\n\t\t\t\t<\/div>\n\t\t\t\t\t<\/div>\n\t\t\t\t<\/div>\n\t\t<div class=\"elementor-element elementor-element-e6cbe67 e-flex e-con-boxed e-con e-parent\" data-id=\"e6cbe67\" data-element_type=\"container\" data-e-type=\"container\">\n\t\t\t\t\t<div class=\"e-con-inner\">\n\t\t\t\t<div class=\"elementor-element elementor-element-2995204 elementor-widget elementor-widget-text-editor\" data-id=\"2995204\" data-element_type=\"widget\" data-e-type=\"widget\" data-widget_type=\"text-editor.default\">\n\t\t\t\t<div class=\"elementor-widget-container\">\n\t\t\t\t\t\t\t\t\t<p>\u00a0 \u00a0 \u00a0Voc\u00ea encontrar\u00e1 medita\u00e7\u00f5es e leituras para outros dias do ano na se\u00e7\u00e3o <a href=\"https:\/\/societyofthemostholyredeemer.org\/pt\/daily-meditations\/\">Medita\u00e7\u00f5es di\u00e1rias<\/a> se\u00e7\u00e3o deste site.<\/p>\t\t\t\t\t\t\t\t<\/div>\n\t\t\t\t<\/div>\n\t\t\t\t\t<\/div>\n\t\t\t\t<\/div>\n\t\t\t\t<\/div>","protected":false},"excerpt":{"rendered":"<p>\u00a0 \u00a0 \u00a0A medita\u00e7\u00e3o de hoje, extra\u00edda dos escritos espirituais de Santo Afonso, j\u00e1 foi postada. Todos os dias, publicaremos um trecho da sabedoria do Santo, compilado e organizado pelo Rev. Pe. John Baptist Coyle, C.Ss.R. para cada dia ... <a class=\"continue_reading\" href=\"https:\/\/societyofthemostholyredeemer.org\/pt\/2024\/12\/01\/daily-meditation-from-the-writings-of-st-alphonsus\/\">Continuar lendo <span class=\"meta-nav\"><i class=\"fa fa-caret-right\" aria-hidden=\"true\"><\/i><\/span><\/a><\/p>","protected":false},"author":3,"featured_media":4884,"comment_status":"open","ping_status":"open","sticky":false,"template":"","format":"standard","meta":{"_acf_changed":false,"footnotes":""},"categories":[41],"tags":[],"class_list":["post-4878","post","type-post","status-publish","format-standard","has-post-thumbnail","hentry","category-daily-meditations"],"acf":[],"_links":{"self":[{"href":"https:\/\/societyofthemostholyredeemer.org\/pt\/wp-json\/wp\/v2\/posts\/4878","targetHints":{"allow":["GET"]}}],"collection":[{"href":"https:\/\/societyofthemostholyredeemer.org\/pt\/wp-json\/wp\/v2\/posts"}],"about":[{"href":"https:\/\/societyofthemostholyredeemer.org\/pt\/wp-json\/wp\/v2\/types\/post"}],"author":[{"embeddable":true,"href":"https:\/\/societyofthemostholyredeemer.org\/pt\/wp-json\/wp\/v2\/users\/3"}],"replies":[{"embeddable":true,"href":"https:\/\/societyofthemostholyredeemer.org\/pt\/wp-json\/wp\/v2\/comments?post=4878"}],"version-history":[{"count":16,"href":"https:\/\/societyofthemostholyredeemer.org\/pt\/wp-json\/wp\/v2\/posts\/4878\/revisions"}],"predecessor-version":[{"id":5156,"href":"https:\/\/societyofthemostholyredeemer.org\/pt\/wp-json\/wp\/v2\/posts\/4878\/revisions\/5156"}],"wp:featuredmedia":[{"embeddable":true,"href":"https:\/\/societyofthemostholyredeemer.org\/pt\/wp-json\/wp\/v2\/media\/4884"}],"wp:attachment":[{"href":"https:\/\/societyofthemostholyredeemer.org\/pt\/wp-json\/wp\/v2\/media?parent=4878"}],"wp:term":[{"taxonomy":"category","embeddable":true,"href":"https:\/\/societyofthemostholyredeemer.org\/pt\/wp-json\/wp\/v2\/categories?post=4878"},{"taxonomy":"post_tag","embeddable":true,"href":"https:\/\/societyofthemostholyredeemer.org\/pt\/wp-json\/wp\/v2\/tags?post=4878"}],"curies":[{"name":"wp","href":"https:\/\/api.w.org\/{rel}","templated":true}]}}