{"id":4911,"date":"2024-12-02T15:26:00","date_gmt":"2024-12-02T15:26:00","guid":{"rendered":"https:\/\/societyofthemostholyredeemer.org\/?p=4911"},"modified":"2024-12-03T23:40:59","modified_gmt":"2024-12-03T23:40:59","slug":"elementor-4911","status":"publish","type":"post","link":"https:\/\/societyofthemostholyredeemer.org\/pt\/2024\/12\/02\/elementor-4911\/","title":{"rendered":"SERM\u00c3O PARA O \"DOMINICA I ADVENTUS\""},"content":{"rendered":"<div data-elementor-type=\"wp-post\" data-elementor-id=\"4911\" class=\"elementor elementor-4911\" data-elementor-post-type=\"post\">\n\t\t\t\t<div class=\"elementor-element elementor-element-a22867c e-con-full e-flex e-con e-parent\" data-id=\"a22867c\" data-element_type=\"container\" data-e-type=\"container\">\n\t\t\t\t<div class=\"elementor-element elementor-element-788ab79 elementor-widget elementor-widget-text-editor\" data-id=\"788ab79\" data-element_type=\"widget\" data-e-type=\"widget\" data-widget_type=\"text-editor.default\">\n\t\t\t\t<div class=\"elementor-widget-container\">\n\t\t\t\t\t\t\t\t\t<p style=\"text-align: center;\"><em><b>A crise na Igreja e <\/b><\/em><\/p>\n<p style=\"text-align: center;\"><em><b>Nossa Senhora de F\u00e1tima <\/b><\/em><\/p>\n<p><em>&nbsp; &nbsp; &nbsp; <\/em><em>\"Dum autem irent emere venit sponsus et quae paratae erant intraverunt cum eo ad nuptias et clausa est ianua. Novissime veniunt et reliquae virgines dicentes domine domine aperi nobis. <\/em><em>At ille respondens ait amen dico vobis nescio vos, vigilate itaque quia nescitis diem neque horam\"<\/em><\/p>\n<p>&nbsp; &nbsp; &nbsp;(\"E, indo elas comprar o azeite, chegou o noivo, e as que estavam preparadas entraram com ele para as bodas. E a porta estava fechada. Mas, por fim, chegaram tamb\u00e9m as virgens loucas, dizendo: Senhor, Senhor, abre-nos a porta. Mas ele, respondendo, disse: Em verdade vos digo que n\u00e3o vos conhe\u00e7o. Vigiai, pois, porque n\u00e3o sabeis o dia nem a hora\")<\/p>\n<p><img fetchpriority=\"high\" decoding=\"async\" class=\"alignright wp-image-4924 size-full\" src=\"https:\/\/societyofthemostholyredeemer.org\/wp-content\/uploads\/2024\/12\/Miracle-of-the-Sun.jpg\" alt=\"\" width=\"1280\" height=\"720\" srcset=\"https:\/\/societyofthemostholyredeemer.org\/wp-content\/uploads\/2024\/12\/Miracle-of-the-Sun.jpg 1280w, https:\/\/societyofthemostholyredeemer.org\/wp-content\/uploads\/2024\/12\/Miracle-of-the-Sun-300x169.jpg 300w, https:\/\/societyofthemostholyredeemer.org\/wp-content\/uploads\/2024\/12\/Miracle-of-the-Sun-1024x576.jpg 1024w, https:\/\/societyofthemostholyredeemer.org\/wp-content\/uploads\/2024\/12\/Miracle-of-the-Sun-768x432.jpg 768w, https:\/\/societyofthemostholyredeemer.org\/wp-content\/uploads\/2024\/12\/Miracle-of-the-Sun-18x10.jpg 18w\" sizes=\"(max-width: 1280px) 100vw, 1280px\" \/><\/p>\n<p><\/p>\n<p>&nbsp; &nbsp; &nbsp;<\/p><p>&nbsp; &nbsp; &nbsp;O fragmento que acabei de ler faz parte do Evangelho da Missa \"Comum das Virgens\" e \u00e9 muito apropriado para complementar este primeiro domingo do Advento, que tem um tom apocal\u00edptico marcante.<\/p>\n<p>&nbsp; &nbsp; &nbsp;\"<em>Et Clausa est ianua<\/em>\"(E a porta se fechou)... Que momento terr\u00edvel! Imagine a sensa\u00e7\u00e3o de algu\u00e9m vendo as portas do c\u00e9u se fecharem diante de si. Talvez com o mesmo desespero daqueles que viram o momento em que No\u00e9 fechou as portas da Arca.<\/p>\n<p>&nbsp; &nbsp; &nbsp;Mas, como sabemos, No\u00e9 abriu os bra\u00e7os para todos que queriam entrar na Arca antes do in\u00edcio do dil\u00favio, assim como a Igreja abre os bra\u00e7os para todos que querem chegar ao C\u00e9u, mas muitas pessoas recusaram, assim como muitos hoje se recusam a ouvir os ensinamentos de Cristo, desconsiderando-o como uma figura exc\u00eantrica e anacr\u00f4nica.<\/p>\n<p>&nbsp; &nbsp; &nbsp;O conde de Rivarol disse uma frase que pode resumir muito bem a ideia central da liturgia de hoje: \"<em>Quando se tem raiva um dia antes dos outros, isso acontece durante essas vinte e quatro horas para uma pessoa com senso comum<\/em>\"(Quando algu\u00e9m est\u00e1 certo um dia antes dos outros, ele \u00e9 considerado, durante essas vinte e quatro horas, como uma pessoa privada de bom senso).<\/p>\n<p>&nbsp; &nbsp; &nbsp;H\u00e1 muitos momentos no evangelho em que Cristo pronuncia palavras que nenhum ser humano poderia pronunciar. Palavras que s\u00f3 podem vir de Deus, porque se elas viessem simplesmente (<em>ex voluntate carnis<\/em>) \"da vontade da carne\" (como diria S\u00e3o Jo\u00e3o), pareceriam palavras de um louco.<\/p>\n<p>&nbsp; &nbsp; &nbsp;O discurso apocal\u00edptico de S\u00e3o Lucas que ouvimos hoje tem suas ra\u00edzes no Poder Divino de Cristo e em Seu poder de reinar como Rei universal. A coer\u00eancia de Sua doutrina, Sua admir\u00e1vel vida \"cheia de Gra\u00e7a e Verdade\", Seus milagres, Sua morte singular e Sua gloriosa ressurrei\u00e7\u00e3o nos provam que Ele n\u00e3o era um homem privado de bom senso, mas Aquele que veio para iluminar a natureza humana que havia se tornado permanentemente dominada pelo poder da Besta Antiga, que submeteu o ser humano a um destino muito inferior ao que Deus havia planejado para ele.<\/p>\n<p>&nbsp; &nbsp; &nbsp;Hoje, a Igreja nos lembra, por meio das Escrituras, que Cristo tamb\u00e9m cumprir\u00e1 Sua promessa de retornar. Seu Segundo Advento n\u00e3o ser\u00e1 mais para trazer uma mensagem, mas para julgar as na\u00e7\u00f5es e dar a cada um o que lhe corresponde. Aquele que veio como um Cordeiro retornar\u00e1 como um Le\u00e3o. Por essa raz\u00e3o, apesar do fato de que os c\u00e9us naquele momento ser\u00e3o abalados, Nosso Senhor insiste em dizer \"alegrem-se\" porque sua liberta\u00e7\u00e3o est\u00e1 pr\u00f3xima. O Advento \u00e9 certamente um tempo penitencial, mas tamb\u00e9m um tempo para nos alegrarmos na Justi\u00e7a de Deus, no fato de que um dia Ele cumprir\u00e1 Sua promessa de receber no Reino Celestial aqueles que perseveraram na Igreja e dir\u00e1 \u00e0queles que se recusarem a entrar as palavras mais terr\u00edveis e assustadoras que uma pessoa pode ter a desgra\u00e7a de ouvir do Senhor: \"<em>Am\u00e9m dico vobis nescio vos<\/em>\"(\"Em verdade vos digo que n\u00e3o vos conhe\u00e7o\").<\/p>\n<p>&nbsp; &nbsp; &nbsp;E hoje vemos esse Julgamento Divino descrito nesse evangelho de duas maneiras: a primeira relacionada ao julgamento de Jerusal\u00e9m e a segunda apontando para o Julgamento Universal. Essas duas se\u00e7\u00f5es correspondem \u00e0 linguagem prof\u00e9tica do tipo\/antitipo.<\/p>\n<p>&nbsp; &nbsp; &nbsp;O Senhor diz que \"ent\u00e3o haver\u00e1 grandes terremotos em v\u00e1rios lugares, e pestil\u00eancia e fome, e terrores do c\u00e9u, e grandes sinais\". \"Imediatamente, depois da tribula\u00e7\u00e3o daqueles dias, o sol se escurecer\u00e1, a lua se tingir\u00e1 com a cor de sangue e as estrelas cair\u00e3o do c\u00e9u\". O sol na Sagrada Escritura \u00e9 o s\u00edmbolo da verdade religiosa, a doutrina, a lua do mundo natural, o que \u00e9 mundano em oposi\u00e7\u00e3o ao que \u00e9 espiritual (n\u00e3o em v\u00e3o, a cor prateada da lua est\u00e1 sempre relacionada \u00e0 bruxaria e ao paganismo).<\/p>\n<p>&nbsp; &nbsp; &nbsp;D\u00e9cadas atr\u00e1s, quando Nossa Senhora apareceu em F\u00e1tima, aconteceu um milagre que causou medo em todas as pessoas presentes, e esse milagre foi o Milagre do Sol.<\/p>\n<p>&nbsp; &nbsp; &nbsp;At\u00e9 mesmo os jornais publicaram depoimentos de testemunhas que disseram ter visto uma atividade solar extraordin\u00e1ria, como o Sol parecendo \"dan\u00e7ar\" ou ziguezaguear no c\u00e9u, avan\u00e7ar em dire\u00e7\u00e3o \u00e0 Terra e ser ofuscado com uma apar\u00eancia prateada.<\/p>\n<p>&nbsp; &nbsp; &nbsp;Muitas testemunhas relataram que, ap\u00f3s um per\u00edodo de chuva, as nuvens escuras se abriram, revelando o Sol como um disco opaco e girat\u00f3rio no c\u00e9u. Ele foi descrito como sendo significativamente mais escuro do que o normal. Em seguida, foi relatado que o Sol se inclinou em dire\u00e7\u00e3o \u00e0 Terra antes de voltar em ziguezague para sua posi\u00e7\u00e3o normal. Testemunhas relataram que suas roupas, antes molhadas, ficaram \"repentina e completamente secas, assim como o ch\u00e3o \u00famido e lamacento, antes encharcado por causa da chuva que ca\u00eda\". Nem todas as testemunhas relataram ter visto o Sol \"dan\u00e7ar\". Algumas pessoas viram apenas a mudan\u00e7a de cor do sol. V\u00e1rias pessoas n\u00e3o viram nada.<\/p>\n<p>&nbsp; &nbsp; &nbsp;Um advogado presente na \u00e9poca, chamado Almeida Garrett, disse: \"O disco do sol n\u00e3o permaneceu im\u00f3vel. Isso n\u00e3o era o brilho de um corpo celeste, pois ele girava sobre si mesmo em um turbilh\u00e3o louco quando, de repente, um clamor foi ouvido por todas as pessoas. O sol, rodopiando, parecia se soltar do firmamento e avan\u00e7ar amea\u00e7adoramente sobre a Terra, como se fosse nos esmagar com seu enorme peso de fogo. A sensa\u00e7\u00e3o durante esses momentos foi terr\u00edvel.\"<\/p>\n<p>&nbsp; &nbsp; &nbsp;Um padre chamado Joaquim Louren\u00e7o relatou: \"Sinto-me incapaz de descrever o que vi. Olhei fixamente para o sol, que parecia p\u00e1lido e n\u00e3o machucava meus olhos. Parecendo uma bola de neve, girando sobre si mesma, de repente pareceu descer em zigue-zague, amea\u00e7ando a terra. Apavorado, corri e me escondi entre as pessoas, que estavam chorando e esperando o fim do mundo a qualquer momento.\"<\/p>\n<p>&nbsp; &nbsp; &nbsp;De qualquer forma, h\u00e1 muitos outros relatos que podem ser encontrados em v\u00e1rios livros sobre F\u00e1tima, mas estou inclinado a pensar que o que Nossa Senhora estava tentando comunicar n\u00e3o era apenas a magnific\u00eancia e o poder de Deus sobre a cria\u00e7\u00e3o, mas uma mensagem visual que acompanhava a mensagem verbal que Ela deu aos pastorinhos: \"O medo que voc\u00eas est\u00e3o sentindo agora, quando pensam que o sol vai cair, \u00e9 o mesmo medo que as pessoas sentir\u00e3o no futuro, quando virem seu sol espiritual (a Doutrina da Igreja, toda a sua f\u00e9) parecer que est\u00e1 prestes a cair, eclipsado por uma cor prateada mundana (uma cor argentina). Algumas pessoas ver\u00e3o tudo, algumas pessoas ver\u00e3o apenas essa cor mundana desfigurando e obnubilando a doutrina e algumas pessoas n\u00e3o ver\u00e3o nada. S\u00e3o Jos\u00e9 tamb\u00e9m estar\u00e1 l\u00e1 protegendo a Igreja, como sempre fez, e, se voc\u00ea perseverar vigiando e orando, Deus restaurar\u00e1 suas roupas e dar\u00e1 novamente aos fi\u00e9is a dignidade das roupas secas, como deu a Ad\u00e3o e Eva roupas dignas ap\u00f3s a queda\". De qualquer forma, essa \u00e9 apenas minha interpreta\u00e7\u00e3o pessoal.<\/p>\n<p>&nbsp; &nbsp; &nbsp;Para concluir, h\u00e1 alguns dias algu\u00e9m me disse: \"Padre, n\u00e3o entendo como as pessoas n\u00e3o conseguem ver o que est\u00e1 acontecendo\"... Eu tamb\u00e9m n\u00e3o entendo... nem o ap\u00f3stolo entendeu e \u00e9 por isso que ele o chamou de: O mist\u00e9rio da iniquidade. Nossa miss\u00e3o \u00e9 estarmos atentos aos sinais dos tempos (\"<em>Vigilate itaque<\/em>\" - \"Vigiai, pois\") e continue lutando com coragem pela verdade, apesar dos problemas, do medo e dos sofrimentos, lembrando-se sempre de que a busca pela verdade depende da salva\u00e7\u00e3o individual do homem.<\/p>\n<p>&nbsp; &nbsp; &nbsp;\"<em>Militia est vita hominis super terram<\/em>\". (A vida do homem na Terra \u00e9 uma campanha militar cont\u00ednua).<\/p>\t\t\t\t\t\t\t\t<\/div>\n\t\t\t\t<\/div>\n\t\t\t\t<\/div>\n\t\t\t\t<\/div>","protected":false},"excerpt":{"rendered":"<p>A crise na Igreja e Nossa Senhora de F\u00e1tima \"Dum autem irent emere venit sponsus et quae paratae erant intraverunt cum eo ad nuptias et clausa est ianua. Novissime veniunt et reliquae virgines dicentes domine domine ... <a class=\"continue_reading\" href=\"https:\/\/societyofthemostholyredeemer.org\/pt\/2024\/12\/02\/elementor-4911\/\">Continuar lendo <span class=\"meta-nav\"><i class=\"fa fa-caret-right\" aria-hidden=\"true\"><\/i><\/span><\/a><\/p>","protected":false},"author":2,"featured_media":4924,"comment_status":"open","ping_status":"open","sticky":false,"template":"","format":"standard","meta":{"_acf_changed":false,"footnotes":""},"categories":[42],"tags":[],"class_list":["post-4911","post","type-post","status-publish","format-standard","has-post-thumbnail","hentry","category-sermons"],"acf":[],"_links":{"self":[{"href":"https:\/\/societyofthemostholyredeemer.org\/pt\/wp-json\/wp\/v2\/posts\/4911","targetHints":{"allow":["GET"]}}],"collection":[{"href":"https:\/\/societyofthemostholyredeemer.org\/pt\/wp-json\/wp\/v2\/posts"}],"about":[{"href":"https:\/\/societyofthemostholyredeemer.org\/pt\/wp-json\/wp\/v2\/types\/post"}],"author":[{"embeddable":true,"href":"https:\/\/societyofthemostholyredeemer.org\/pt\/wp-json\/wp\/v2\/users\/2"}],"replies":[{"embeddable":true,"href":"https:\/\/societyofthemostholyredeemer.org\/pt\/wp-json\/wp\/v2\/comments?post=4911"}],"version-history":[{"count":21,"href":"https:\/\/societyofthemostholyredeemer.org\/pt\/wp-json\/wp\/v2\/posts\/4911\/revisions"}],"predecessor-version":[{"id":5050,"href":"https:\/\/societyofthemostholyredeemer.org\/pt\/wp-json\/wp\/v2\/posts\/4911\/revisions\/5050"}],"wp:featuredmedia":[{"embeddable":true,"href":"https:\/\/societyofthemostholyredeemer.org\/pt\/wp-json\/wp\/v2\/media\/4924"}],"wp:attachment":[{"href":"https:\/\/societyofthemostholyredeemer.org\/pt\/wp-json\/wp\/v2\/media?parent=4911"}],"wp:term":[{"taxonomy":"category","embeddable":true,"href":"https:\/\/societyofthemostholyredeemer.org\/pt\/wp-json\/wp\/v2\/categories?post=4911"},{"taxonomy":"post_tag","embeddable":true,"href":"https:\/\/societyofthemostholyredeemer.org\/pt\/wp-json\/wp\/v2\/tags?post=4911"}],"curies":[{"name":"wp","href":"https:\/\/api.w.org\/{rel}","templated":true}]}}