{"id":4989,"date":"2024-12-03T21:36:20","date_gmt":"2024-12-03T21:36:20","guid":{"rendered":"https:\/\/societyofthemostholyredeemer.org\/?p=4989"},"modified":"2024-12-07T01:37:39","modified_gmt":"2024-12-07T01:37:39","slug":"morning-meditation-wednesday-in-the-first-week-of-advent","status":"publish","type":"post","link":"https:\/\/societyofthemostholyredeemer.org\/pt\/2024\/12\/03\/morning-meditation-wednesday-in-the-first-week-of-advent\/","title":{"rendered":"MEDITA\u00c7\u00c3O MATINAL: QUARTA-FEIRA DA PRIMEIRA SEMANA DO ADVENTO"},"content":{"rendered":"<div data-elementor-type=\"wp-post\" data-elementor-id=\"4989\" class=\"elementor elementor-4989\" data-elementor-post-type=\"post\">\n\t\t\t\t<div class=\"elementor-element elementor-element-f5026ed e-con-full e-flex e-con e-parent\" data-id=\"f5026ed\" data-element_type=\"container\" data-e-type=\"container\">\n\t\t\t\t<div class=\"elementor-element elementor-element-352f8fe elementor-widget elementor-widget-text-editor\" data-id=\"352f8fe\" data-element_type=\"widget\" data-e-type=\"widget\" data-widget_type=\"text-editor.default\">\n\t\t\t\t<div class=\"elementor-widget-container\">\n\t\t\t\t\t\t\t\t\t<p><b>Medita\u00e7\u00e3o matinal I: O grande pensamento da eternidade<\/b><\/p>\n<p><span style=\"text-align: var(--text-align);\">&nbsp; &nbsp; &nbsp;Foi assim que Santo Agostinho designou o pensamento da eternidade: \"O Grande Pensamento\". <\/span><em style=\"text-align: var(--text-align);\">Magna Cogitatio<\/em><span style=\"text-align: var(--text-align);\">. Foi esse pensamento que induziu tantos solit\u00e1rios a se retirarem para os desertos; tantos religiosos, at\u00e9 mesmo reis e rainhas, a se fecharem em claustros; e tantos m\u00e1rtires a sacrificarem suas vidas em meio a tormentos, a fim de adquirirem uma eternidade feliz no C\u00e9u e evitarem uma eternidade miser\u00e1vel no inferno. O bem-aventurado Jo\u00e3o de \u00c1vila converteu uma certa senhora com estas duas palavras: \"Reflita\", disse ele a ela, \"sobre estas duas palavras: <\/span><em style=\"text-align: var(--text-align);\">Sempre <\/em><span style=\"text-align: var(--text-align);\">e <\/span><em style=\"text-align: var(--text-align);\">Nunca<\/em><span style=\"text-align: var(--text-align);\">.\" Certo monge desceu a uma sepultura para meditar continuamente na eternidade, e repetia constantemente: \"\u00d3 eternidade! Eternidade!\"<\/span><\/p>\n<p>&nbsp; &nbsp; &nbsp;Quantas vezes, meu Deus, mereci a eternidade do inferno! Oh, se eu nunca tivesse Te ofendido! Conceda-me a tristeza por meus pecados; tenha compaix\u00e3o de mim. <br>&nbsp; &nbsp; &nbsp; O mesmo Bem-aventurado Jo\u00e3o de \u00c1vila diz que aquele que acredita na eternidade e n\u00e3o se torna um santo deve ser confinado como um louco. Quando chegarmos \u00e0 eternidade, n\u00e3o haver\u00e1 d\u00favida de que estaremos em uma casa mais ou menos c\u00f4moda, mais ou menos arejada: a quest\u00e3o ser\u00e1 se estaremos em um pal\u00e1cio transbordante de del\u00edcias ou em um abismo de tormentos sem fim. E por quanto tempo? N\u00e3o por quarenta ou cinquenta anos, mas para sempre, enquanto Deus for Deus. Os santos, para obter a salva\u00e7\u00e3o, achavam pouco dedicar toda a sua vida \u00e0 ora\u00e7\u00e3o, \u00e0 penit\u00eancia e \u00e0 pr\u00e1tica de boas obras. E o que fazemos para o mesmo fim?<br>&nbsp; &nbsp; &nbsp;\u00d3 meu Deus! Muitos anos de minha vida j\u00e1 se passaram; a morte est\u00e1 pr\u00f3xima, e o que tenho feito at\u00e9 agora por Ti? D\u00ea-me luz e for\u00e7a para dedicar o restante de meus dias ao Teu servi\u00e7o. Infelizmente, eu Te ofendi demais; desejo, de agora em diante, amar-Te.<\/p>\t\t\t\t\t\t\t\t<\/div>\n\t\t\t\t<\/div>\n\t\t\t\t<\/div>\n\t\t<div class=\"elementor-element elementor-element-526990f e-con-full e-flex e-con e-parent\" data-id=\"526990f\" data-element_type=\"container\" data-e-type=\"container\">\n\t\t\t\t<div class=\"elementor-element elementor-element-0c29029 elementor-widget elementor-widget-text-editor\" data-id=\"0c29029\" data-element_type=\"widget\" data-e-type=\"widget\" data-widget_type=\"text-editor.default\">\n\t\t\t\t<div class=\"elementor-widget-container\">\n\t\t\t\t\t\t\t\t\t<p>&nbsp; &nbsp; &nbsp;Voc\u00ea encontrar\u00e1 medita\u00e7\u00f5es e leituras para outros dias do ano na se\u00e7\u00e3o&nbsp;<a href=\"https:\/\/societyofthemostholyredeemer.org\/pt\/daily-meditations\/\">Medita\u00e7\u00f5es di\u00e1rias<\/a>&nbsp;se\u00e7\u00e3o deste site.<\/p>\t\t\t\t\t\t\t\t<\/div>\n\t\t\t\t<\/div>\n\t\t\t\t<\/div>\n\t\t\t\t<\/div>","protected":false},"excerpt":{"rendered":"<p>Medita\u00e7\u00e3o matinal I: O grande pensamento da eternidade Assim Santo Agostinho designou o pensamento da eternidade: \"O Grande Pensamento\" - Magna Cogitatio. Foi esse pensamento que induziu tantos solit\u00e1rios a se retirarem para os desertos; tantos ... <a class=\"continue_reading\" href=\"https:\/\/societyofthemostholyredeemer.org\/pt\/2024\/12\/03\/morning-meditation-wednesday-in-the-first-week-of-advent\/\">Continuar lendo <span class=\"meta-nav\"><i class=\"fa fa-caret-right\" aria-hidden=\"true\"><\/i><\/span><\/a><\/p>","protected":false},"author":2,"featured_media":4939,"comment_status":"open","ping_status":"open","sticky":false,"template":"","format":"standard","meta":{"_acf_changed":false,"footnotes":""},"categories":[41],"tags":[],"class_list":["post-4989","post","type-post","status-publish","format-standard","has-post-thumbnail","hentry","category-daily-meditations"],"acf":[],"_links":{"self":[{"href":"https:\/\/societyofthemostholyredeemer.org\/pt\/wp-json\/wp\/v2\/posts\/4989","targetHints":{"allow":["GET"]}}],"collection":[{"href":"https:\/\/societyofthemostholyredeemer.org\/pt\/wp-json\/wp\/v2\/posts"}],"about":[{"href":"https:\/\/societyofthemostholyredeemer.org\/pt\/wp-json\/wp\/v2\/types\/post"}],"author":[{"embeddable":true,"href":"https:\/\/societyofthemostholyredeemer.org\/pt\/wp-json\/wp\/v2\/users\/2"}],"replies":[{"embeddable":true,"href":"https:\/\/societyofthemostholyredeemer.org\/pt\/wp-json\/wp\/v2\/comments?post=4989"}],"version-history":[{"count":15,"href":"https:\/\/societyofthemostholyredeemer.org\/pt\/wp-json\/wp\/v2\/posts\/4989\/revisions"}],"predecessor-version":[{"id":5153,"href":"https:\/\/societyofthemostholyredeemer.org\/pt\/wp-json\/wp\/v2\/posts\/4989\/revisions\/5153"}],"wp:featuredmedia":[{"embeddable":true,"href":"https:\/\/societyofthemostholyredeemer.org\/pt\/wp-json\/wp\/v2\/media\/4939"}],"wp:attachment":[{"href":"https:\/\/societyofthemostholyredeemer.org\/pt\/wp-json\/wp\/v2\/media?parent=4989"}],"wp:term":[{"taxonomy":"category","embeddable":true,"href":"https:\/\/societyofthemostholyredeemer.org\/pt\/wp-json\/wp\/v2\/categories?post=4989"},{"taxonomy":"post_tag","embeddable":true,"href":"https:\/\/societyofthemostholyredeemer.org\/pt\/wp-json\/wp\/v2\/tags?post=4989"}],"curies":[{"name":"wp","href":"https:\/\/api.w.org\/{rel}","templated":true}]}}