{"id":5131,"date":"2024-12-07T01:24:04","date_gmt":"2024-12-07T01:24:04","guid":{"rendered":"https:\/\/societyofthemostholyredeemer.org\/?p=5131"},"modified":"2024-12-07T01:33:32","modified_gmt":"2024-12-07T01:33:32","slug":"morning-meditation-saturday-in-the-first-week-of-advent","status":"publish","type":"post","link":"https:\/\/societyofthemostholyredeemer.org\/pt\/2024\/12\/07\/morning-meditation-saturday-in-the-first-week-of-advent\/","title":{"rendered":"MEDITA\u00c7\u00c3O MATINAL: S\u00c1BADO DA PRIMEIRA SEMANA DO ADVENTO"},"content":{"rendered":"<div data-elementor-type=\"wp-post\" data-elementor-id=\"5131\" class=\"elementor elementor-5131\" data-elementor-post-type=\"post\">\n\t\t\t\t<div class=\"elementor-element elementor-element-af23199 e-flex e-con-boxed e-con e-parent\" data-id=\"af23199\" data-element_type=\"container\" data-e-type=\"container\">\n\t\t\t\t\t<div class=\"e-con-inner\">\n\t\t\t\t<div class=\"elementor-element elementor-element-07a6dfa elementor-widget__width-inherit elementor-widget elementor-widget-text-editor\" data-id=\"07a6dfa\" data-element_type=\"widget\" data-e-type=\"widget\" data-widget_type=\"text-editor.default\">\n\t\t\t\t<div class=\"elementor-widget-container\">\n\t\t\t\t\t\t\t\t\t<p><b>Medita\u00e7\u00e3o matinal I: O poder da intercess\u00e3o de Maria<\/b><\/p><p>\u00a0 \u00a0 \u00a0S\u00e3o Bernardo nos diz que Maria recebeu uma dupla plenitude de gra\u00e7a. A primeira foi na Encarna\u00e7\u00e3o do Verbo que se fez Homem em seu sant\u00edssimo ventre; a segunda, na plenitude da gra\u00e7a que recebemos de Deus por meio de suas ora\u00e7\u00f5es. Portanto, todo bem que recebemos de Deus \u00e9 recebido por meio da intercess\u00e3o de Maria! Se as ora\u00e7\u00f5es dos santos s\u00e3o t\u00e3o poderosas para Deus, qu\u00e3o grande deve ser o poder das ora\u00e7\u00f5es de Sua M\u00e3e. As primeiras s\u00e3o as ora\u00e7\u00f5es de <em>servidores<\/em>e o \u00faltimo as ora\u00e7\u00f5es de um <em>M\u00e3e<\/em>! As ora\u00e7\u00f5es de Maria t\u00eam a for\u00e7a de um comando com Jesus Cristo. Por isso, \u00e9 imposs\u00edvel que o Filho n\u00e3o conceda uma gra\u00e7a que a M\u00e3e pede. \"Alegre-se, alegre-se, \u00f3 Maria\", diz S\u00e3o Met\u00f3dio, \"voc\u00ea tem seu Filho como devedor. Todos n\u00f3s somos devedores a Ele, mas Ele \u00e9 devedor somente a voc\u00ea\". Aben\u00e7oada, ent\u00e3o, \u00e9 a pessoa por quem Maria reza!<br \/>\u00a0 \u00a0 \u00a0\u00d3 grande M\u00e3e de Deus, rogai a Jesus por mim! Contemple as mis\u00e9rias de minha alma e tenha piedade de mim. Reze e nunca deixe de rezar at\u00e9 me ver a salvo no Para\u00edso. \u00d3 Maria, voc\u00ea \u00e9 minha esperan\u00e7a; n\u00e3o me abandone. Santa M\u00e3e de Deus, rogai por mim.<\/p>\t\t\t\t\t\t\t\t<\/div>\n\t\t\t\t<\/div>\n\t\t\t\t\t<\/div>\n\t\t\t\t<\/div>\n\t\t<div class=\"elementor-element elementor-element-431cb58 e-flex e-con-boxed e-con e-parent\" data-id=\"431cb58\" data-element_type=\"container\" data-e-type=\"container\">\n\t\t\t\t\t<div class=\"e-con-inner\">\n\t\t\t\t<div class=\"elementor-element elementor-element-5cb6543 elementor-widget__width-inherit elementor-widget elementor-widget-text-editor\" data-id=\"5cb6543\" data-element_type=\"widget\" data-e-type=\"widget\" data-widget_type=\"text-editor.default\">\n\t\t\t\t<div class=\"elementor-widget-container\">\n\t\t\t\t\t\t\t\t\t<p>\u00a0 \u00a0 \u00a0Voc\u00ea encontrar\u00e1 medita\u00e7\u00f5es e leituras para outros dias do ano na se\u00e7\u00e3o <a href=\"https:\/\/societyofthemostholyredeemer.org\/pt\/daily-meditations\/\">Medita\u00e7\u00f5es di\u00e1rias<\/a>\u00a0se\u00e7\u00e3o deste site.<\/p>\t\t\t\t\t\t\t\t<\/div>\n\t\t\t\t<\/div>\n\t\t\t\t\t<\/div>\n\t\t\t\t<\/div>\n\t\t\t\t<\/div>","protected":false},"excerpt":{"rendered":"<p>Medita\u00e7\u00e3o matinal I: O poder da intercess\u00e3o de Maria S\u00e3o Bernardo nos diz que Maria recebeu uma dupla plenitude de gra\u00e7a. A primeira foi na Encarna\u00e7\u00e3o do Verbo que se fez Homem em sua sant\u00edssima ... <a class=\"continue_reading\" href=\"https:\/\/societyofthemostholyredeemer.org\/pt\/2024\/12\/07\/morning-meditation-saturday-in-the-first-week-of-advent\/\">Continuar lendo <span class=\"meta-nav\"><i class=\"fa fa-caret-right\" aria-hidden=\"true\"><\/i><\/span><\/a><\/p>","protected":false},"author":3,"featured_media":4939,"comment_status":"open","ping_status":"open","sticky":false,"template":"","format":"standard","meta":{"_acf_changed":false,"footnotes":""},"categories":[41],"tags":[],"class_list":["post-5131","post","type-post","status-publish","format-standard","has-post-thumbnail","hentry","category-daily-meditations"],"acf":[],"_links":{"self":[{"href":"https:\/\/societyofthemostholyredeemer.org\/pt\/wp-json\/wp\/v2\/posts\/5131","targetHints":{"allow":["GET"]}}],"collection":[{"href":"https:\/\/societyofthemostholyredeemer.org\/pt\/wp-json\/wp\/v2\/posts"}],"about":[{"href":"https:\/\/societyofthemostholyredeemer.org\/pt\/wp-json\/wp\/v2\/types\/post"}],"author":[{"embeddable":true,"href":"https:\/\/societyofthemostholyredeemer.org\/pt\/wp-json\/wp\/v2\/users\/3"}],"replies":[{"embeddable":true,"href":"https:\/\/societyofthemostholyredeemer.org\/pt\/wp-json\/wp\/v2\/comments?post=5131"}],"version-history":[{"count":10,"href":"https:\/\/societyofthemostholyredeemer.org\/pt\/wp-json\/wp\/v2\/posts\/5131\/revisions"}],"predecessor-version":[{"id":5150,"href":"https:\/\/societyofthemostholyredeemer.org\/pt\/wp-json\/wp\/v2\/posts\/5131\/revisions\/5150"}],"wp:featuredmedia":[{"embeddable":true,"href":"https:\/\/societyofthemostholyredeemer.org\/pt\/wp-json\/wp\/v2\/media\/4939"}],"wp:attachment":[{"href":"https:\/\/societyofthemostholyredeemer.org\/pt\/wp-json\/wp\/v2\/media?parent=5131"}],"wp:term":[{"taxonomy":"category","embeddable":true,"href":"https:\/\/societyofthemostholyredeemer.org\/pt\/wp-json\/wp\/v2\/categories?post=5131"},{"taxonomy":"post_tag","embeddable":true,"href":"https:\/\/societyofthemostholyredeemer.org\/pt\/wp-json\/wp\/v2\/tags?post=5131"}],"curies":[{"name":"wp","href":"https:\/\/api.w.org\/{rel}","templated":true}]}}