{"id":5157,"date":"2024-12-07T20:30:15","date_gmt":"2024-12-07T20:30:15","guid":{"rendered":"https:\/\/societyofthemostholyredeemer.org\/?p=5157"},"modified":"2024-12-07T23:20:26","modified_gmt":"2024-12-07T23:20:26","slug":"vigil-of-the-immaculate-conception","status":"publish","type":"post","link":"https:\/\/societyofthemostholyredeemer.org\/pt\/2024\/12\/07\/vigil-of-the-immaculate-conception\/","title":{"rendered":"7 DE DEZEMBRO: FESTA DE S\u00c3O AMBR\u00d3SIO AMBR\u00d3SIO COM COMEMORA\u00c7\u00c3O DA VIG\u00cdLIA DA IMACULADA CONCEI\u00c7\u00c3O"},"content":{"rendered":"<div data-elementor-type=\"wp-post\" data-elementor-id=\"5157\" class=\"elementor elementor-5157\" data-elementor-post-type=\"post\">\n\t\t\t\t<div class=\"elementor-element elementor-element-c427b70 e-con-full e-flex e-con e-parent\" data-id=\"c427b70\" data-element_type=\"container\" data-e-type=\"container\">\n\t\t\t\t<div class=\"elementor-element elementor-element-72b2e4e elementor-widget elementor-widget-text-editor\" data-id=\"72b2e4e\" data-element_type=\"widget\" data-e-type=\"widget\" data-widget_type=\"text-editor.default\">\n\t\t\t\t<div class=\"elementor-widget-container\">\n\t\t\t\t\t\t\t\t\t<p><img fetchpriority=\"high\" decoding=\"async\" class=\"size-full wp-image-5160 aligncenter\" src=\"https:\/\/societyofthemostholyredeemer.org\/wp-content\/uploads\/2024\/12\/St.-Anne-and-St.-Joachim.jpeg\" alt=\"\" width=\"720\" height=\"1166\" srcset=\"https:\/\/societyofthemostholyredeemer.org\/wp-content\/uploads\/2024\/12\/St.-Anne-and-St.-Joachim.jpeg 720w, https:\/\/societyofthemostholyredeemer.org\/wp-content\/uploads\/2024\/12\/St.-Anne-and-St.-Joachim-185x300.jpeg 185w, https:\/\/societyofthemostholyredeemer.org\/wp-content\/uploads\/2024\/12\/St.-Anne-and-St.-Joachim-632x1024.jpeg 632w, https:\/\/societyofthemostholyredeemer.org\/wp-content\/uploads\/2024\/12\/St.-Anne-and-St.-Joachim-7x12.jpeg 7w\" sizes=\"(max-width: 720px) 100vw, 720px\" \/><\/p><p>\u00a0 \u00a0 \u00a0No Rito Romano, o termo \"<i>vig\u00edlia<\/i>\" (vig\u00edlia) significa tradicionalmente um dia penitencial de prepara\u00e7\u00e3o para uma festa importante. A missa n\u00e3o tem a <i>Gl\u00f3ria <\/i>nem o <i>Credo<\/i>, o <i>Aleluia <\/i>\u00e9 simplesmente omitido antes do Evangelho, e n\u00e3o substitu\u00eddo por um <i>Trato<\/i>e \"<i>Benedicamus Domino<\/i>\" \u00e9 dito no final, no lugar de \"<i>Ite, missa est<\/i>\".<br \/>\u00a0 \u00a0 \u00a0A pr\u00e1tica de levantar-se para orar no meio da noite \u00e9 \"t\u00e3o antiga quanto a pr\u00f3pria igreja\"<sup>1<\/sup>. Pode ter sido inspirado pelo exemplo de Jesus Cristo de orar a noite toda. H\u00e1 evid\u00eancias dessa pr\u00e1tica desde os primeiros anos do s\u00e9culo II. Pl\u00ednio, o Jovem, relatou em cerca de 112 d.C. que os crist\u00e3os se reuniam em um determinado dia antes do amanhecer, cantavam hinos a Cristo como a um deus e compartilhavam uma refei\u00e7\u00e3o. <br \/>\u00a0 \u00a0 \u00a0Durante os s\u00e9culos III e IV, al\u00e9m da celebra\u00e7\u00e3o da missa, era costume realizar uma vig\u00edlia, um servi\u00e7o de ora\u00e7\u00e3o em tr\u00eas partes, como vig\u00edlia noturna em prepara\u00e7\u00e3o para a festa. Iniciada \u00e0 noite, a vig\u00edlia terminava somente na manh\u00e3 seguinte. Sua forma era flex\u00edvel, envolvendo leituras, canto de salmos, homilias, cantos e v\u00e1rias ora\u00e7\u00f5es, seguidas pela missa. Isso se desenvolveu nas celebra\u00e7\u00f5es mon\u00e1sticas, ainda chamadas de \"vig\u00edlias\" na Regra de S\u00e3o Bento, da hora can\u00f4nica que mais tarde recebeu o nome de matinas.<br \/>\u00a0 \u00a0 \u00a0A celebra\u00e7\u00e3o de hoje da Vig\u00edlia da Imaculada Concei\u00e7\u00e3o ilustra um exemplo da diferen\u00e7a entre o calend\u00e1rio pr\u00e9-1955 e os mais recentes. Embora a festa de Santo Ambr\u00f3sio seja celebrada em toda a Igreja nesse dia e, junto com ela, a comemora\u00e7\u00e3o do domingo anterior do Advento, a liturgia pr\u00e9-1955 tamb\u00e9m comemora a vig\u00edlia da Imaculada Concei\u00e7\u00e3o da Bem-Aventurada Virgem Maria. Descrito no Missal Di\u00e1rio de Santo Andr\u00e9 (Dom Gaspar Lefebvre, O.S.B., 1945):<br \/>\u00a0 \u00a0 \u00a0\"Esta vig\u00edlia foi estendida em 1879 por Le\u00e3o XIII, a toda a Igreja. Neste dia, pe\u00e7amos \u00e0 Virgem Imaculada que purifique ainda mais nossos cora\u00e7\u00f5es para a solenidade de amanh\u00e3.\"<br \/>\u00a0 \u00a0 \u00a0N\u00f3s, que seguimos esse calend\u00e1rio, nos preparamos para a gloriosa festa observando um dia de jejum e abstin\u00eancia total.<br \/>\u00a0 \u00a0 \u00a0\u00c9 interessante notar que a Igreja celebra a festa de Santo Ambr\u00f3sio - bispo de Mil\u00e3o, pai e doutor da Igreja - nesta data, o anivers\u00e1rio de sua consagra\u00e7\u00e3o episcopal, e n\u00e3o na data de sua morte da vida terrena, em 4 de abril de 397. Dom Gueranger, em <em>O Ano Lit\u00fargico<\/em>Em sua opini\u00e3o, essa coloca\u00e7\u00e3o no calend\u00e1rio \u00e9 apropriada, pois \"a estrada que nos leva a Bel\u00e9m n\u00e3o poderia ser perfumada por nada t\u00e3o perfumado quanto essa festa de Santo Ambr\u00f3sio\". Um privil\u00e9gio ser colocado ao lado de seu colega bispo e opositor do arianismo, S\u00e3o Nicolau, e \"unir sua voz\" com seu colega bispo e Doutor da Igreja, S\u00e3o Pedro Cris\u00f3logo, mas talvez, acima de tudo, reconhecer seu amor pela Sant\u00edssima Virgem Maria. Dom Gueranger escreve que Santo Ambr\u00f3sio merece \"ser considerado uma das testemunhas mais proeminentes das tradi\u00e7\u00f5es primitivas que respeitam os privil\u00e9gios e a dignidade da santa M\u00e3e de Deus...\", incluindo \"a isen\u00e7\u00e3o de Maria de toda mancha de pecado\". Essa combina\u00e7\u00e3o de Festa e Vig\u00edlia ilustra a riqueza das liturgias anteriores a 1955.<br \/>\u00a0 \u00a0 \u00a0Infelizmente, em 1955, o Papa Pio XII suprimiu as vig\u00edlias da Imaculada Concei\u00e7\u00e3o, da Epifania, de Todos os Santos e todas as vig\u00edlias dos ap\u00f3stolos, exceto a dos Santos Pedro e Paulo.<br \/>\u00a0 \u00a0 \u00a0N\u00f3s, como verdadeiros filhos de Santo Afonso Maria Lig\u00f3rio, somos moralmente obrigados a ter o mesmo amor que Ele tinha pela Imaculada Concei\u00e7\u00e3o de Nossa Senhora, continuando a observar este privil\u00e9gio de uma prepara\u00e7\u00e3o penitencial para sua festa com uma Vig\u00edlia.<\/p>\t\t\t\t\t\t\t\t<\/div>\n\t\t\t\t<\/div>\n\t\t\t\t<\/div>\n\t\t<div class=\"elementor-element elementor-element-9302689 e-flex e-con-boxed e-con e-parent\" data-id=\"9302689\" data-element_type=\"container\" data-e-type=\"container\">\n\t\t\t\t\t<div class=\"e-con-inner\">\n\t\t\t\t<div class=\"elementor-element elementor-element-119f47e elementor-widget elementor-widget-text-editor\" data-id=\"119f47e\" data-element_type=\"widget\" data-e-type=\"widget\" data-widget_type=\"text-editor.default\">\n\t\t\t\t<div class=\"elementor-widget-container\">\n\t\t\t\t\t\t\t\t\t<ol><li>Monges Beneditinos da Abadia de Buckfast, \"Divine Office: Matins - Prayer at Night\", Homiletic and Pastoral Review, pp.361-367, Joseph F. Wagner, Inc., Nova York, NY, janeiro de 1925<\/li><\/ol>\t\t\t\t\t\t\t\t<\/div>\n\t\t\t\t<\/div>\n\t\t\t\t\t<\/div>\n\t\t\t\t<\/div>\n\t\t\t\t<\/div>","protected":false},"excerpt":{"rendered":"<p>\u00a0 \u00a0 \u00a0No Rito Romano, o termo \"vigilia\" (vig\u00edlia) significa tradicionalmente um dia penitencial de prepara\u00e7\u00e3o para uma festa importante. A missa n\u00e3o tem nem o Gl\u00f3ria nem o Credo, o Aleluia \u00e9 simplesmente omitido antes do Evangelho, n\u00e3o substitu\u00eddo ... <a class=\"continue_reading\" href=\"https:\/\/societyofthemostholyredeemer.org\/pt\/2024\/12\/07\/vigil-of-the-immaculate-conception\/\">Continuar lendo <span class=\"meta-nav\"><i class=\"fa fa-caret-right\" aria-hidden=\"true\"><\/i><\/span><\/a><\/p>","protected":false},"author":2,"featured_media":5160,"comment_status":"open","ping_status":"open","sticky":false,"template":"","format":"standard","meta":{"_acf_changed":false,"footnotes":""},"categories":[1],"tags":[],"class_list":["post-5157","post","type-post","status-publish","format-standard","has-post-thumbnail","hentry","category-uncategorized"],"acf":[],"_links":{"self":[{"href":"https:\/\/societyofthemostholyredeemer.org\/pt\/wp-json\/wp\/v2\/posts\/5157","targetHints":{"allow":["GET"]}}],"collection":[{"href":"https:\/\/societyofthemostholyredeemer.org\/pt\/wp-json\/wp\/v2\/posts"}],"about":[{"href":"https:\/\/societyofthemostholyredeemer.org\/pt\/wp-json\/wp\/v2\/types\/post"}],"author":[{"embeddable":true,"href":"https:\/\/societyofthemostholyredeemer.org\/pt\/wp-json\/wp\/v2\/users\/2"}],"replies":[{"embeddable":true,"href":"https:\/\/societyofthemostholyredeemer.org\/pt\/wp-json\/wp\/v2\/comments?post=5157"}],"version-history":[{"count":26,"href":"https:\/\/societyofthemostholyredeemer.org\/pt\/wp-json\/wp\/v2\/posts\/5157\/revisions"}],"predecessor-version":[{"id":5189,"href":"https:\/\/societyofthemostholyredeemer.org\/pt\/wp-json\/wp\/v2\/posts\/5157\/revisions\/5189"}],"wp:featuredmedia":[{"embeddable":true,"href":"https:\/\/societyofthemostholyredeemer.org\/pt\/wp-json\/wp\/v2\/media\/5160"}],"wp:attachment":[{"href":"https:\/\/societyofthemostholyredeemer.org\/pt\/wp-json\/wp\/v2\/media?parent=5157"}],"wp:term":[{"taxonomy":"category","embeddable":true,"href":"https:\/\/societyofthemostholyredeemer.org\/pt\/wp-json\/wp\/v2\/categories?post=5157"},{"taxonomy":"post_tag","embeddable":true,"href":"https:\/\/societyofthemostholyredeemer.org\/pt\/wp-json\/wp\/v2\/tags?post=5157"}],"curies":[{"name":"wp","href":"https:\/\/api.w.org\/{rel}","templated":true}]}}