{"id":5231,"date":"2024-12-08T23:12:03","date_gmt":"2024-12-08T23:12:03","guid":{"rendered":"https:\/\/societyofthemostholyredeemer.org\/?p=5231"},"modified":"2024-12-08T23:18:37","modified_gmt":"2024-12-08T23:18:37","slug":"morning-meditation-monday-in-the-second-week-of-advent","status":"publish","type":"post","link":"https:\/\/societyofthemostholyredeemer.org\/pt\/2024\/12\/08\/morning-meditation-monday-in-the-second-week-of-advent\/","title":{"rendered":"MEDITA\u00c7\u00c3O MATINAL: SEGUNDA-FEIRA DA SEGUNDA SEMANA DO ADVENTO"},"content":{"rendered":"<div data-elementor-type=\"wp-post\" data-elementor-id=\"5231\" class=\"elementor elementor-5231\" data-elementor-post-type=\"post\">\n\t\t\t\t<div class=\"elementor-element elementor-element-d58e862 e-flex e-con-boxed e-con e-parent\" data-id=\"d58e862\" data-element_type=\"container\" data-e-type=\"container\">\n\t\t\t\t\t<div class=\"e-con-inner\">\n\t\t\t\t<div class=\"elementor-element elementor-element-1f9930f elementor-widget__width-inherit elementor-widget elementor-widget-text-editor\" data-id=\"1f9930f\" data-element_type=\"widget\" data-e-type=\"widget\" data-widget_type=\"text-editor.default\">\n\t\t\t\t<div class=\"elementor-widget-container\">\n\t\t\t\t\t\t\t\t\t<p><b>Medita\u00e7\u00e3o matinal: Considera\u00e7\u00f5es sobre o Estado Religioso - I<\/b><\/p><p>\u00a0 \u00a0 \u00a0<em>Considere que a salva\u00e7\u00e3o \u00e9 garantida \u00e0s almas que entram no estado religioso.<\/em><\/p><p>\u00a0 \u00a0 Deus nos colocou no mundo e nos mant\u00e9m aqui em vida, n\u00e3o para adquirir os bens perec\u00edveis da Terra, mas os bens eternos do C\u00e9u. <em>O fim \u00e9 a vida eterna<\/em>. - (Rom. vi., 22). Mas o infort\u00fanio \u00e9 que, no mundo, os homens pensam muito pouco, se \u00e9 que pensam, na vida eterna, e s\u00f3 sonham em adquirir honras e prazeres, e essa \u00e9 a raz\u00e3o pela qual tantas almas perecem.<\/p><p><b>Medita\u00e7\u00e3o I:<\/b> <br \/>\u00a0 \u00a0 \u00a0Para entender a import\u00e2ncia de nossa salva\u00e7\u00e3o eterna, basta ter f\u00e9 e considerar que temos apenas uma alma e que, se ela se perder, tudo estar\u00e1 perdido, mesmo que um homem seja senhor de todo o mundo. <em>Que aproveita ao homem ganhar o mundo inteiro, se vier a perder a sua alma?<\/em> - (Mat. xvi., 26). Essa grande m\u00e1xima do Evangelho tem induzido muitos jovens a se fecharem em claustros, outros a viverem em desertos e outros a entregarem suas vidas por Jesus Cristo. Pois, diziam eles, de que nos serve possuir o mundo inteiro e todos os bens deste mundo nesta vida presente, que logo terminar\u00e1, para depois sermos condenados e miser\u00e1veis na vida futura, que nunca ter\u00e1 fim? Todos aqueles homens ricos, todos aqueles pr\u00edncipes e imperadores que agora est\u00e3o no inferno - o que eles t\u00eam agora de tudo o que desfrutaram nesta vida, a n\u00e3o ser um tormento maior e um desespero maior? Seres miser\u00e1veis! Eles agora se lamentam e dizem: <em>Todas essas coisas passaram como uma sombra<\/em>. - (Sabedoria v., 9). Para eles, tudo passou como uma sombra, como um sonho, e a lamenta\u00e7\u00e3o que \u00e9 seu destino j\u00e1 dura muitos anos e durar\u00e1 por toda a eternidade. <em>A moda deste mundo passa<\/em>. - (1 Cor. vii., 51). Este mundo \u00e9 uma cena que dura pouco tempo; feliz aquele que desempenha nessa cena o papel que mais tarde o far\u00e1 feliz na vida que nunca ter\u00e1 fim. Quando ele estiver satisfeito, honrado e for um pr\u00edncipe no Para\u00edso, enquanto Deus for Deus, pouco se importar\u00e1 com o fato de ter estado neste mundo - pobre, desprezado e em tribula\u00e7\u00e3o. Foi somente para esse fim que Deus nos colocou nesta terra e nos mant\u00e9m aqui em vida, n\u00e3o para adquirir bens transit\u00f3rios, mas eternos: <em>O fim \u00e9 a vida eterna<\/em>.<br \/>\u00a0 \u00a0 \u00a0\u00d3 meu Deus! Como mereci esta grande miseric\u00f3rdia, que, tendo deixado tantos outros para viver no meio do mundo, Tu quiseste chamar a mim, que Te ofendi mais do que os outros e mereci, mais do que eles, ser privado de Tua luz divina, para desfrutar da honra de viver como um amigo em Tua pr\u00f3pria casa! \u00d3 Senhor, faze com que eu possa compreender essa gra\u00e7a extraordin\u00e1ria que me concedeste, para que eu possa sempre Te agradecer por ela, como pretendo e espero fazer sempre durante minha vida e por toda a eternidade, e n\u00e3o permitas que eu seja ingrato por ela. J\u00e1 que o Senhor foi t\u00e3o liberal comigo e, em Seu amor, preferiu-me aos outros, \u00e9 justo que eu O sirva e O ame mais do que os outros.<\/p>\t\t\t\t\t\t\t\t<\/div>\n\t\t\t\t<\/div>\n\t\t\t\t\t<\/div>\n\t\t\t\t<\/div>\n\t\t<div class=\"elementor-element elementor-element-16507e6 e-flex e-con-boxed e-con e-parent\" data-id=\"16507e6\" data-element_type=\"container\" data-e-type=\"container\">\n\t\t\t\t\t<div class=\"e-con-inner\">\n\t\t\t\t<div class=\"elementor-element elementor-element-3e21465 elementor-widget elementor-widget-text-editor\" data-id=\"3e21465\" data-element_type=\"widget\" data-e-type=\"widget\" data-widget_type=\"text-editor.default\">\n\t\t\t\t<div class=\"elementor-widget-container\">\n\t\t\t\t\t\t\t\t\t<p>\u00a0 \u00a0 \u00a0Voc\u00ea encontrar\u00e1 medita\u00e7\u00f5es e leituras para outros dias do ano na se\u00e7\u00e3o <a href=\"https:\/\/societyofthemostholyredeemer.org\/pt\/daily-meditations\/\">Medita\u00e7\u00f5es di\u00e1rias<\/a>\u00a0se\u00e7\u00e3o deste site.<\/p>\t\t\t\t\t\t\t\t<\/div>\n\t\t\t\t<\/div>\n\t\t\t\t\t<\/div>\n\t\t\t\t<\/div>\n\t\t\t\t<\/div>","protected":false},"excerpt":{"rendered":"<p>Medita\u00e7\u00e3o matinal: Considera\u00e7\u00f5es sobre o estado religioso - Considero que a salva\u00e7\u00e3o \u00e9 garantida \u00e0s almas que entram no estado religioso.     Deus nos colocou no mundo e nos mant\u00e9m aqui na vida, n\u00e3o para ... <a class=\"continue_reading\" href=\"https:\/\/societyofthemostholyredeemer.org\/pt\/2024\/12\/08\/morning-meditation-monday-in-the-second-week-of-advent\/\">Continuar lendo <span class=\"meta-nav\"><i class=\"fa fa-caret-right\" aria-hidden=\"true\"><\/i><\/span><\/a><\/p>","protected":false},"author":3,"featured_media":4939,"comment_status":"open","ping_status":"open","sticky":false,"template":"","format":"standard","meta":{"_acf_changed":false,"footnotes":""},"categories":[41],"tags":[],"class_list":["post-5231","post","type-post","status-publish","format-standard","has-post-thumbnail","hentry","category-daily-meditations"],"acf":[],"_links":{"self":[{"href":"https:\/\/societyofthemostholyredeemer.org\/pt\/wp-json\/wp\/v2\/posts\/5231","targetHints":{"allow":["GET"]}}],"collection":[{"href":"https:\/\/societyofthemostholyredeemer.org\/pt\/wp-json\/wp\/v2\/posts"}],"about":[{"href":"https:\/\/societyofthemostholyredeemer.org\/pt\/wp-json\/wp\/v2\/types\/post"}],"author":[{"embeddable":true,"href":"https:\/\/societyofthemostholyredeemer.org\/pt\/wp-json\/wp\/v2\/users\/3"}],"replies":[{"embeddable":true,"href":"https:\/\/societyofthemostholyredeemer.org\/pt\/wp-json\/wp\/v2\/comments?post=5231"}],"version-history":[{"count":16,"href":"https:\/\/societyofthemostholyredeemer.org\/pt\/wp-json\/wp\/v2\/posts\/5231\/revisions"}],"predecessor-version":[{"id":5247,"href":"https:\/\/societyofthemostholyredeemer.org\/pt\/wp-json\/wp\/v2\/posts\/5231\/revisions\/5247"}],"wp:featuredmedia":[{"embeddable":true,"href":"https:\/\/societyofthemostholyredeemer.org\/pt\/wp-json\/wp\/v2\/media\/4939"}],"wp:attachment":[{"href":"https:\/\/societyofthemostholyredeemer.org\/pt\/wp-json\/wp\/v2\/media?parent=5231"}],"wp:term":[{"taxonomy":"category","embeddable":true,"href":"https:\/\/societyofthemostholyredeemer.org\/pt\/wp-json\/wp\/v2\/categories?post=5231"},{"taxonomy":"post_tag","embeddable":true,"href":"https:\/\/societyofthemostholyredeemer.org\/pt\/wp-json\/wp\/v2\/tags?post=5231"}],"curies":[{"name":"wp","href":"https:\/\/api.w.org\/{rel}","templated":true}]}}