{"id":5251,"date":"2024-12-10T01:23:37","date_gmt":"2024-12-10T01:23:37","guid":{"rendered":"https:\/\/societyofthemostholyredeemer.org\/?p=5251"},"modified":"2024-12-10T01:28:31","modified_gmt":"2024-12-10T01:28:31","slug":"morning-meditation-tuesday-in-the-second-week-of-advent","status":"publish","type":"post","link":"https:\/\/societyofthemostholyredeemer.org\/pt\/2024\/12\/10\/morning-meditation-tuesday-in-the-second-week-of-advent\/","title":{"rendered":"MEDITA\u00c7\u00c3O MATINAL: TER\u00c7A-FEIRA DA SEGUNDA SEMANA DO ADVENTO"},"content":{"rendered":"<div data-elementor-type=\"wp-post\" data-elementor-id=\"5251\" class=\"elementor elementor-5251\" data-elementor-post-type=\"post\">\n\t\t\t\t<div class=\"elementor-element elementor-element-38f681b e-flex e-con-boxed e-con e-parent\" data-id=\"38f681b\" data-element_type=\"container\" data-e-type=\"container\">\n\t\t\t\t\t<div class=\"e-con-inner\">\n\t\t\t\t<div class=\"elementor-element elementor-element-ea8d303 elementor-widget elementor-widget-text-editor\" data-id=\"ea8d303\" data-element_type=\"widget\" data-e-type=\"widget\" data-widget_type=\"text-editor.default\">\n\t\t\t\t<div class=\"elementor-widget-container\">\n\t\t\t\t\t\t\t\t\t<p><b>Medita\u00e7\u00e3o matinal: Considera\u00e7\u00f5es sobre o Estado Religioso - II<\/b><br \/>\u00a0 \u00a0 \u00a0<em>Considere a morte feliz de um religioso.<\/em><br \/>\u00a0 \u00a0 \u00a0<em>Bem-aventurados os mortos que morrem no Senhor<\/em>. - (Apoc. xiv., 13). E quem s\u00e3o esses <em>bem-aventurados os mortos que morrem no Senhor<\/em> se n\u00e3o religiosos, que, no final de suas vidas, j\u00e1 se encontram mortos para o mundo, uma vez que, por seus votos, j\u00e1 se desligaram do mundo e de todos os seus bens. Deixo tudo e escolho somente a Ti como meu Tesouro, \u00f3 pur\u00edssimo Cordeiro de Deus e meu mais ardente Amante!<\/p><p><b>Medita\u00e7\u00e3o I: <\/b><br \/>\u00a0 \u00a0 \u00a0Pense, meu irm\u00e3o, em sua satisfa\u00e7\u00e3o se, seguindo sua voca\u00e7\u00e3o, voc\u00ea tiver a sorte de morrer na Casa de Deus. O diabo certamente lhe dir\u00e1 que, se voc\u00ea se retirar para a Casa de Deus, talvez depois se arrependa de ter deixado sua pr\u00f3pria casa e seu pr\u00f3prio pa\u00eds, e de ter privado seus pais das vantagens que eles poderiam esperar de voc\u00ea. Mas pergunte a si mesmo: Ser\u00e1 que, \u00e0 beira da morte, vou me arrepender ou vou me alegrar por ter seguido minha resolu\u00e7\u00e3o? Pe\u00e7o-lhe, portanto, que se imagine j\u00e1 \u00e0 beira da morte, prestes a comparecer perante o Tribunal de Jesus Cristo. Reflita sobre o que, quando reduzido a esse estado, voc\u00ea gostaria de ter feito. Talvez ter agradado a seus pais, ter trabalhado para sua pr\u00f3pria fam\u00edlia e seu pa\u00eds, e ent\u00e3o morrer cercado de irm\u00e3os, sobrinhos e parentes em sua pr\u00f3pria casa com o t\u00edtulo de pastor, p\u00e1roco, c\u00f4nego, bispo ou ministro de Estado, tendo feito sua pr\u00f3pria vontade? Ou, por outro lado, morrer na Casa de Deus, assistido por seus bons irm\u00e3os na religi\u00e3o, que o encorajariam na passagem para a eternidade, depois de ter vivido muitos anos na religi\u00e3o, humilde, mortificado, pobre, longe dos pais, privado de sua pr\u00f3pria vontade e sob obedi\u00eancia, e desapegado de tudo no mundo - tudo o que torna a morte doce e agrad\u00e1vel? \"Aquele que est\u00e1 acostumado a se privar das del\u00edcias do mundo\", diz S\u00e3o Bernardo, \"n\u00e3o se arrepender\u00e1 de t\u00ea-lo feito quando tiver que deix\u00e1-lo\". O papa Hon\u00f3rio II, ao morrer, desejou ter permanecido em seu mosteiro, ocupado em lavar os pratos, e n\u00e3o ter sido papa. Filipe II, ao morrer, desejou ter sido um irm\u00e3o leigo em alguma ordem religiosa, com a inten\u00e7\u00e3o de servir a Deus, e n\u00e3o ter sido rei. Filipe III, tamb\u00e9m rei da Espanha, disse quando estava morrendo: \"Ah, se eu tivesse estado em um deserto, para servir a Deus, e nunca tivesse sido um monarca! Pois, se fosse esse o caso, agora eu deveria comparecer com mais confian\u00e7a perante o Tribunal de Jesus Cristo\".<br \/>\u00a0 \u00a0 \u00a0\u00d3 meu Senhor Jesus Cristo! Que, para obter uma morte feliz para mim, escolheste uma morte t\u00e3o amarga para Ti mesmo - j\u00e1 que me amaste a tal ponto que me escolheste para seguir mais de perto Tua vida santa, para me ter assim mais intimamente unido ao Teu amoroso Cora\u00e7\u00e3o, liga-me, eu Te pe\u00e7o, inteiramente a Ti com as doces cordas do Teu amor, para que eu n\u00e3o possa mais me separar de Ti. \u00d3 meu amado Redentor! Desejo ser grato a Ti e corresponder \u00e0 Tua gra\u00e7a, mas temo que minha fraqueza me torne infiel. \u00d3 meu Jesus, n\u00e3o permita que isso aconte\u00e7a. Que eu morra em vez de abandon\u00e1-Lo ou esquecer a afei\u00e7\u00e3o especial que Tu tens demonstrado por mim.<\/p>\t\t\t\t\t\t\t\t<\/div>\n\t\t\t\t<\/div>\n\t\t\t\t\t<\/div>\n\t\t\t\t<\/div>\n\t\t<div class=\"elementor-element elementor-element-9539342 e-flex e-con-boxed e-con e-parent\" data-id=\"9539342\" data-element_type=\"container\" data-e-type=\"container\">\n\t\t\t\t\t<div class=\"e-con-inner\">\n\t\t\t\t<div class=\"elementor-element elementor-element-4b41362 elementor-widget__width-inherit elementor-widget elementor-widget-text-editor\" data-id=\"4b41362\" data-element_type=\"widget\" data-e-type=\"widget\" data-widget_type=\"text-editor.default\">\n\t\t\t\t<div class=\"elementor-widget-container\">\n\t\t\t\t\t\t\t\t\t<p>\u00a0 \u00a0 \u00a0Voc\u00ea encontrar\u00e1 medita\u00e7\u00f5es e leituras para outros dias do ano na se\u00e7\u00e3o <a href=\"https:\/\/societyofthemostholyredeemer.org\/pt\/daily-meditations\/\">Medita\u00e7\u00f5es di\u00e1rias<\/a>\u00a0se\u00e7\u00e3o deste site.<\/p>\t\t\t\t\t\t\t\t<\/div>\n\t\t\t\t<\/div>\n\t\t\t\t\t<\/div>\n\t\t\t\t<\/div>\n\t\t\t\t<\/div>","protected":false},"excerpt":{"rendered":"<p>Medita\u00e7\u00e3o matinal: Considera\u00e7\u00f5es sobre o Estado Religioso - II Considere a morte feliz de um religioso. Bem-aventurados os mortos que morrem no Senhor. - (Apoc. xiv., 13). E quem s\u00e3o esses mortos aben\u00e7oados que morrem no Senhor ... <a class=\"continue_reading\" href=\"https:\/\/societyofthemostholyredeemer.org\/pt\/2024\/12\/10\/morning-meditation-tuesday-in-the-second-week-of-advent\/\">Continuar lendo <span class=\"meta-nav\"><i class=\"fa fa-caret-right\" aria-hidden=\"true\"><\/i><\/span><\/a><\/p>","protected":false},"author":3,"featured_media":4939,"comment_status":"open","ping_status":"open","sticky":false,"template":"","format":"standard","meta":{"_acf_changed":false,"footnotes":""},"categories":[41],"tags":[],"class_list":["post-5251","post","type-post","status-publish","format-standard","has-post-thumbnail","hentry","category-daily-meditations"],"acf":[],"_links":{"self":[{"href":"https:\/\/societyofthemostholyredeemer.org\/pt\/wp-json\/wp\/v2\/posts\/5251","targetHints":{"allow":["GET"]}}],"collection":[{"href":"https:\/\/societyofthemostholyredeemer.org\/pt\/wp-json\/wp\/v2\/posts"}],"about":[{"href":"https:\/\/societyofthemostholyredeemer.org\/pt\/wp-json\/wp\/v2\/types\/post"}],"author":[{"embeddable":true,"href":"https:\/\/societyofthemostholyredeemer.org\/pt\/wp-json\/wp\/v2\/users\/3"}],"replies":[{"embeddable":true,"href":"https:\/\/societyofthemostholyredeemer.org\/pt\/wp-json\/wp\/v2\/comments?post=5251"}],"version-history":[{"count":5,"href":"https:\/\/societyofthemostholyredeemer.org\/pt\/wp-json\/wp\/v2\/posts\/5251\/revisions"}],"predecessor-version":[{"id":5257,"href":"https:\/\/societyofthemostholyredeemer.org\/pt\/wp-json\/wp\/v2\/posts\/5251\/revisions\/5257"}],"wp:featuredmedia":[{"embeddable":true,"href":"https:\/\/societyofthemostholyredeemer.org\/pt\/wp-json\/wp\/v2\/media\/4939"}],"wp:attachment":[{"href":"https:\/\/societyofthemostholyredeemer.org\/pt\/wp-json\/wp\/v2\/media?parent=5251"}],"wp:term":[{"taxonomy":"category","embeddable":true,"href":"https:\/\/societyofthemostholyredeemer.org\/pt\/wp-json\/wp\/v2\/categories?post=5251"},{"taxonomy":"post_tag","embeddable":true,"href":"https:\/\/societyofthemostholyredeemer.org\/pt\/wp-json\/wp\/v2\/tags?post=5251"}],"curies":[{"name":"wp","href":"https:\/\/api.w.org\/{rel}","templated":true}]}}