{"id":5328,"date":"2024-12-14T00:23:59","date_gmt":"2024-12-14T00:23:59","guid":{"rendered":"https:\/\/societyofthemostholyredeemer.org\/?p=5328"},"modified":"2024-12-14T00:29:46","modified_gmt":"2024-12-14T00:29:46","slug":"morning-meditation-saturday-in-the-second-week-of-advent","status":"publish","type":"post","link":"https:\/\/societyofthemostholyredeemer.org\/pt\/2024\/12\/14\/morning-meditation-saturday-in-the-second-week-of-advent\/","title":{"rendered":"MEDITA\u00c7\u00c3O MATINAL: S\u00c1BADO DA SEGUNDA SEMANA DO ADVENTO"},"content":{"rendered":"<div data-elementor-type=\"wp-post\" data-elementor-id=\"5328\" class=\"elementor elementor-5328\" data-elementor-post-type=\"post\">\n\t\t\t\t<div class=\"elementor-element elementor-element-e46e516 e-flex e-con-boxed e-con e-parent\" data-id=\"e46e516\" data-element_type=\"container\" data-e-type=\"container\">\n\t\t\t\t\t<div class=\"e-con-inner\">\n\t\t\t\t<div class=\"elementor-element elementor-element-625e929 elementor-widget__width-inherit elementor-widget elementor-widget-text-editor\" data-id=\"625e929\" data-element_type=\"widget\" data-e-type=\"widget\" data-widget_type=\"text-editor.default\">\n\t\t\t\t<div class=\"elementor-widget-container\">\n\t\t\t\t\t\t\t\t\t<p><b>Medita\u00e7\u00e3o matinal: A oferta que Maria fez de si mesma a Deus foi imediata e sem demora<\/b><br \/>\u00a0 \u00a0 \u00a0<em>Levante-se, apresse-se, meu amor, minha pomba, minha linda, e venha!<\/em> - (Cant. ii., 10). Maria compreendeu bem a voz de Deus que a chamava a se dedicar ao Seu amor. E assim iluminada, ela imediatamente se ofereceu ao seu Senhor. Eis que, \u00f3 Maria, eu hoje me apresento a ti e, em uni\u00e3o contigo, renuncio a todas as criaturas e me dedico inteiramente ao amor do meu Criador.<\/p><p><b>Medita\u00e7\u00e3o I: <\/b><br \/>\u00a0 \u00a0 \u00a0<em>Ouve, filha, e v\u00ea, e inclina os teus ouvidos; e esquece o teu povo e a casa de teu pai<\/em>. - (Sl. xliv., 11). A santa Virgem obedeceu a esse chamado divino com prontid\u00e3o e generosidade. Desde o primeiro momento em que a crian\u00e7a celestial foi santificada no ventre de sua m\u00e3e, que foi no instante de sua Imaculada Concei\u00e7\u00e3o, ela recebeu o perfeito uso da raz\u00e3o e come\u00e7ou a merecer. E imediatamente, como um anjo revelou a Santa Br\u00edgida, nossa Rainha decidiu sacrificar sua vontade a Deus e dar a Ele todo o seu amor por toda a sua vida.<br \/>\u00a0 \u00a0 \u00a0Maria, ao saber que seus santos pais, S\u00e3o Joaquim e Santa Ana, a haviam consagrado a Deus por meio de votos, pediu-lhes com sinceridade que a levassem ao Templo e cumprissem sua promessa. Aos tr\u00eas anos de idade, como nos conta Santo Epif\u00e2nio - uma idade em que as crian\u00e7as s\u00e3o mais desejosas e precisam mais dos cuidados de seus pais - Maria desejou consagrar-se a Deus.<br \/>\u00a0 \u00a0 \u00a0Vejam, ent\u00e3o, Joaquim e Ana sacrificando generosamente a Deus o tesouro mais precioso que possu\u00edam no mundo e o tesouro mais querido de seus cora\u00e7\u00f5es. Eles partiram de Nazar\u00e9 levando consigo sua amada filhinha, pois de outra forma ela n\u00e3o poderia fazer uma viagem t\u00e3o longa como a de Nazar\u00e9 a Jerusal\u00e9m, uma dist\u00e2ncia de oitenta quil\u00f4metros. Eles foram acompanhados por poucos parentes, mas coros de anjos escoltaram e serviram a pequena Virgem Imaculada, que estava prestes a se consagrar \u00e0 Majestade Divina. <em>Qu\u00e3o belos s\u00e3o seus passos. . . \u00d3 filha do pr\u00edncipe<\/em>. - (Cant. vii., 1). \"Oh, qu\u00e3o belo\", devem ter cantado os anjos, \"qu\u00e3o aceit\u00e1vel a Deus \u00e9 cada passo que voc\u00ea d\u00e1 no caminho para se apresentar e se oferecer a Ele, \u00f3 nobre filha, amad\u00edssima de nosso Senhor comum!\"<br \/>\u00a0 \u00a0 \u00a0\u00d3 amada M\u00e3e de Deus, amant\u00edssima filha, Maria, que te apresentaste no Templo e, com prontid\u00e3o e sem reservas, te consagraste \u00e0 gl\u00f3ria e ao amor de Deus; oxal\u00e1 eu pudesse oferecer-te hoje os primeiros anos de minha vida, para dedicar-me sem reservas ao teu servi\u00e7o, minha santa e dulc\u00edssima Senhora! Mas agora \u00e9 tarde demais para fazer isso, pois perdi muitos anos a servi\u00e7o do mundo. Ai daquele tempo em que eu n\u00e3o a amava! Mas \u00e9 melhor come\u00e7ar agora, finalmente, do que n\u00e3o come\u00e7ar. \u00d3 Maria, hoje eu me apresento a ti e, em uni\u00e3o contigo, renuncio a todas as criaturas e me dedico inteiramente ao amor do meu Criador. Ajude minha fraqueza com sua poderosa intercess\u00e3o.<\/p>\t\t\t\t\t\t\t\t<\/div>\n\t\t\t\t<\/div>\n\t\t\t\t\t<\/div>\n\t\t\t\t<\/div>\n\t\t<div class=\"elementor-element elementor-element-1322c3a e-flex e-con-boxed e-con e-parent\" data-id=\"1322c3a\" data-element_type=\"container\" data-e-type=\"container\">\n\t\t\t\t\t<div class=\"e-con-inner\">\n\t\t\t\t<div class=\"elementor-element elementor-element-a3b1185 elementor-widget elementor-widget-text-editor\" data-id=\"a3b1185\" data-element_type=\"widget\" data-e-type=\"widget\" data-widget_type=\"text-editor.default\">\n\t\t\t\t<div class=\"elementor-widget-container\">\n\t\t\t\t\t\t\t\t\t<p>\u00a0 \u00a0 \u00a0Voc\u00ea encontrar\u00e1 medita\u00e7\u00f5es e leituras para outros dias do ano na se\u00e7\u00e3o\u00a0<a href=\"https:\/\/societyofthemostholyredeemer.org\/pt\/daily-meditations\/\">Medita\u00e7\u00f5es di\u00e1rias<\/a>\u00a0se\u00e7\u00e3o deste site.<\/p>\t\t\t\t\t\t\t\t<\/div>\n\t\t\t\t<\/div>\n\t\t\t\t\t<\/div>\n\t\t\t\t<\/div>\n\t\t\t\t<\/div>","protected":false},"excerpt":{"rendered":"<p>Medita\u00e7\u00e3o matinal: A oferta que Maria fez de si mesma a Deus foi imediata e sem demora Levante-se, apresse-se, meu amor, minha pomba, minha bela, e venha! - (Cant. ii., 10). Maria entendeu bem a voz de Deus chamando ... <a class=\"continue_reading\" href=\"https:\/\/societyofthemostholyredeemer.org\/pt\/2024\/12\/14\/morning-meditation-saturday-in-the-second-week-of-advent\/\">Continuar lendo <span class=\"meta-nav\"><i class=\"fa fa-caret-right\" aria-hidden=\"true\"><\/i><\/span><\/a><\/p>","protected":false},"author":3,"featured_media":4939,"comment_status":"open","ping_status":"open","sticky":false,"template":"","format":"standard","meta":{"_acf_changed":false,"footnotes":""},"categories":[41],"tags":[],"class_list":["post-5328","post","type-post","status-publish","format-standard","has-post-thumbnail","hentry","category-daily-meditations"],"acf":[],"_links":{"self":[{"href":"https:\/\/societyofthemostholyredeemer.org\/pt\/wp-json\/wp\/v2\/posts\/5328","targetHints":{"allow":["GET"]}}],"collection":[{"href":"https:\/\/societyofthemostholyredeemer.org\/pt\/wp-json\/wp\/v2\/posts"}],"about":[{"href":"https:\/\/societyofthemostholyredeemer.org\/pt\/wp-json\/wp\/v2\/types\/post"}],"author":[{"embeddable":true,"href":"https:\/\/societyofthemostholyredeemer.org\/pt\/wp-json\/wp\/v2\/users\/3"}],"replies":[{"embeddable":true,"href":"https:\/\/societyofthemostholyredeemer.org\/pt\/wp-json\/wp\/v2\/comments?post=5328"}],"version-history":[{"count":7,"href":"https:\/\/societyofthemostholyredeemer.org\/pt\/wp-json\/wp\/v2\/posts\/5328\/revisions"}],"predecessor-version":[{"id":5335,"href":"https:\/\/societyofthemostholyredeemer.org\/pt\/wp-json\/wp\/v2\/posts\/5328\/revisions\/5335"}],"wp:featuredmedia":[{"embeddable":true,"href":"https:\/\/societyofthemostholyredeemer.org\/pt\/wp-json\/wp\/v2\/media\/4939"}],"wp:attachment":[{"href":"https:\/\/societyofthemostholyredeemer.org\/pt\/wp-json\/wp\/v2\/media?parent=5328"}],"wp:term":[{"taxonomy":"category","embeddable":true,"href":"https:\/\/societyofthemostholyredeemer.org\/pt\/wp-json\/wp\/v2\/categories?post=5328"},{"taxonomy":"post_tag","embeddable":true,"href":"https:\/\/societyofthemostholyredeemer.org\/pt\/wp-json\/wp\/v2\/tags?post=5328"}],"curies":[{"name":"wp","href":"https:\/\/api.w.org\/{rel}","templated":true}]}}