{"id":5349,"date":"2024-12-16T02:57:19","date_gmt":"2024-12-16T02:57:19","guid":{"rendered":"https:\/\/societyofthemostholyredeemer.org\/?p=5349"},"modified":"2024-12-16T03:06:46","modified_gmt":"2024-12-16T03:06:46","slug":"morning-meditation-monday-in-the-third-week-of-advent","status":"publish","type":"post","link":"https:\/\/societyofthemostholyredeemer.org\/pt\/2024\/12\/16\/morning-meditation-monday-in-the-third-week-of-advent\/","title":{"rendered":"MEDITA\u00c7\u00c3O MATINAL: SEGUNDA-FEIRA DA TERCEIRA SEMANA DO ADVENTO"},"content":{"rendered":"<div data-elementor-type=\"wp-post\" data-elementor-id=\"5349\" class=\"elementor elementor-5349\" data-elementor-post-type=\"post\">\n\t\t\t\t<div class=\"elementor-element elementor-element-489fcd1 e-flex e-con-boxed e-con e-parent\" data-id=\"489fcd1\" data-element_type=\"container\" data-e-type=\"container\">\n\t\t\t\t\t<div class=\"e-con-inner\">\n\t\t\t\t<div class=\"elementor-element elementor-element-4db1ede elementor-widget__width-inherit elementor-widget elementor-widget-text-editor\" data-id=\"4db1ede\" data-element_type=\"widget\" data-e-type=\"widget\" data-widget_type=\"text-editor.default\">\n\t\t\t\t<div class=\"elementor-widget-container\">\n\t\t\t\t\t\t\t\t\t<p><b>Medita\u00e7\u00e3o matinal: Considera\u00e7\u00f5es sobre o Estado Religioso - VI<\/b><br \/>\u00a0 \u00a0 \u00a0<em>Considere a paz que Deus d\u00e1 aos bons religiosos.<\/em> <br \/>\u00a0 \u00a0 \u00a0Santa Teresa costumava dizer que uma gota de consolo celestial vale mais do que todos os prazeres do mundo. Oh, que contentamento n\u00e3o encontra aquele que, tendo deixado tudo para Deus, \u00e9 capaz de dizer com S\u00e3o Francisco: \"Deus meus et omnia!\" - Meu Deus e meu Tudo! - livre da escravid\u00e3o do mundo e desfrutando da liberdade dos filhos de Deus.<\/p><p><b>Medita\u00e7\u00e3o I: <\/b><br \/>\u00a0 \u00a0 \u00a0As promessas de Deus n\u00e3o podem falhar. Deus disse: <em>Todo aquele que tiver deixado casa, ou irm\u00e3os, ou irm\u00e3s, ou pai ou m\u00e3e, ou mulher, ou filhos, ou terras, por amor do meu nome, receber\u00e1 cem vezes tanto, e possuir\u00e1 a vida eterna.<\/em> - (Mt. xix., 29). Ou seja, cem vezes mais nesta terra e vida eterna no c\u00e9u.<br \/>\u00a0 \u00a0 \u00a0A paz da alma \u00e9 de maior valor do que todos os reinos do mundo. E de que adianta ter dom\u00ednio sobre o mundo inteiro sem paz interior? \u00c9 melhor ser o campon\u00eas mais pobre da terra e estar satisfeito do que ser o senhor do mundo inteiro e viver uma vida descontente. Mas quem pode dar essa paz? O mundo? Oh n\u00e3o, a paz \u00e9 uma b\u00ean\u00e7\u00e3o obtida somente de Deus. \"\u00d3 Deus!\", ora a Igreja, \"d\u00e1 aos Teus servos a paz que o mundo n\u00e3o pode dar\". Ele \u00e9 chamado de <em>Deus de toda consola\u00e7\u00e3o<\/em>. - (2 Cor. i., 3). Mas se Deus \u00e9 o \u00fanico Doador da paz, a quem, pense voc\u00ea, Ele dar\u00e1 essa paz sen\u00e3o \u00e0queles que deixam tudo e se desapegam de todas as criaturas, a fim de se entregarem inteiramente ao seu Criador? E, portanto, vemos bons religiosos fechados em suas celas, mortificados, desprezados e pobres, mas vivendo uma vida mais satisfeita do que os grandes do mundo, com todas as riquezas, as pompas e as divers\u00f5es que desfrutam.<br \/>\u00a0 \u00a0 \u00a0Santa Escol\u00e1stica disse que se os homens conhecessem a paz que os bons religiosos desfrutam, o mundo inteiro se tornaria um mosteiro; e Santa Maria Madalena de Pazzi disse que se os homens soubessem disso, escalariam os muros para entrar nos mosteiros. O cora\u00e7\u00e3o humano, tendo sido criado para um Bem infinito, as criaturas finitas n\u00e3o podem satisfaz\u00ea-lo. Somente Deus, que \u00e9 um Bem infinito, pode ser um Deus de Deus. Somente Deus, que \u00e9 um Bem infinito, pode satisfaz\u00ea-lo: <em>Deleite-se no Senhor e ele lhe conceder\u00e1 o pedido de seu cora\u00e7\u00e3o.<\/em> - (Sl. xxxvi., 4). Oh, n\u00e3o; um bom religioso unido a Deus n\u00e3o inveja nenhum dos pr\u00edncipes do mundo que possuem reinos, riquezas e honras. \"Que os ricos\", dir\u00e1 ele com S\u00e3o Paulino, \"tenham suas riquezas, os reis tenham seus reinos, para mim Cristo \u00e9 meu reino e minha gl\u00f3ria\". Ele ver\u00e1 os amantes do mundo se gloriarem tolamente na pompa e na vaidade; mas ele, procurando se desapegar mais das coisas terrenas e se unir mais intimamente a Deus, viver\u00e1 contente nesta vida, e pode muito bem dizer: <em>Alguns confiam em carros e outros em cavalos, mas n\u00f3s invocamos o nome do Senhor, nosso Deus<\/em>. - (Sl. xix., 8).<br \/>\u00a0 \u00a0 \u00a0\u00d3 Senhor e meu Deus, meu Tudo! Sei que somente Tu podes me deixar satisfeito nesta vida e na pr\u00f3xima. Mas n\u00e3o Te amarei para minha pr\u00f3pria satisfa\u00e7\u00e3o; eu Te amarei para satisfazer Teu divino Cora\u00e7\u00e3o. Desejo que essa seja minha paz, minha \u00fanica satisfa\u00e7\u00e3o durante toda a minha vida, para unir minha vontade \u00e0 Tua santa vontade, mesmo que para isso eu tenha que sofrer dor. Tu \u00e9s o meu Deus, eu sou a Tua criatura.<\/p>\t\t\t\t\t\t\t\t<\/div>\n\t\t\t\t<\/div>\n\t\t\t\t\t<\/div>\n\t\t\t\t<\/div>\n\t\t<div class=\"elementor-element elementor-element-64f7afe e-flex e-con-boxed e-con e-parent\" data-id=\"64f7afe\" data-element_type=\"container\" data-e-type=\"container\">\n\t\t\t\t\t<div class=\"e-con-inner\">\n\t\t\t\t<div class=\"elementor-element elementor-element-956a2e3 elementor-widget elementor-widget-text-editor\" data-id=\"956a2e3\" data-element_type=\"widget\" data-e-type=\"widget\" data-widget_type=\"text-editor.default\">\n\t\t\t\t<div class=\"elementor-widget-container\">\n\t\t\t\t\t\t\t\t\t<p>\u00a0 \u00a0 \u00a0Voc\u00ea encontrar\u00e1 medita\u00e7\u00f5es e leituras para outros dias do ano na se\u00e7\u00e3o\u00a0<a href=\"https:\/\/societyofthemostholyredeemer.org\/pt\/daily-meditations\/\">Medita\u00e7\u00f5es di\u00e1rias<\/a>\u00a0se\u00e7\u00e3o deste site.<\/p>\t\t\t\t\t\t\t\t<\/div>\n\t\t\t\t<\/div>\n\t\t\t\t\t<\/div>\n\t\t\t\t<\/div>\n\t\t\t\t<\/div>","protected":false},"excerpt":{"rendered":"<p>Medita\u00e7\u00e3o matinal: Considera\u00e7\u00f5es sobre o Estado Religioso - VI Considere a paz que Deus d\u00e1 aos bons religiosos. Santa Teresa costumava dizer que uma gota de consola\u00e7\u00e3o celestial vale mais do que todos os prazeres do mundo. Oh, ... <a class=\"continue_reading\" href=\"https:\/\/societyofthemostholyredeemer.org\/pt\/2024\/12\/16\/morning-meditation-monday-in-the-third-week-of-advent\/\">Continuar lendo <span class=\"meta-nav\"><i class=\"fa fa-caret-right\" aria-hidden=\"true\"><\/i><\/span><\/a><\/p>","protected":false},"author":3,"featured_media":4939,"comment_status":"open","ping_status":"open","sticky":false,"template":"","format":"standard","meta":{"_acf_changed":false,"footnotes":""},"categories":[41],"tags":[],"class_list":["post-5349","post","type-post","status-publish","format-standard","has-post-thumbnail","hentry","category-daily-meditations"],"acf":[],"_links":{"self":[{"href":"https:\/\/societyofthemostholyredeemer.org\/pt\/wp-json\/wp\/v2\/posts\/5349","targetHints":{"allow":["GET"]}}],"collection":[{"href":"https:\/\/societyofthemostholyredeemer.org\/pt\/wp-json\/wp\/v2\/posts"}],"about":[{"href":"https:\/\/societyofthemostholyredeemer.org\/pt\/wp-json\/wp\/v2\/types\/post"}],"author":[{"embeddable":true,"href":"https:\/\/societyofthemostholyredeemer.org\/pt\/wp-json\/wp\/v2\/users\/3"}],"replies":[{"embeddable":true,"href":"https:\/\/societyofthemostholyredeemer.org\/pt\/wp-json\/wp\/v2\/comments?post=5349"}],"version-history":[{"count":8,"href":"https:\/\/societyofthemostholyredeemer.org\/pt\/wp-json\/wp\/v2\/posts\/5349\/revisions"}],"predecessor-version":[{"id":5357,"href":"https:\/\/societyofthemostholyredeemer.org\/pt\/wp-json\/wp\/v2\/posts\/5349\/revisions\/5357"}],"wp:featuredmedia":[{"embeddable":true,"href":"https:\/\/societyofthemostholyredeemer.org\/pt\/wp-json\/wp\/v2\/media\/4939"}],"wp:attachment":[{"href":"https:\/\/societyofthemostholyredeemer.org\/pt\/wp-json\/wp\/v2\/media?parent=5349"}],"wp:term":[{"taxonomy":"category","embeddable":true,"href":"https:\/\/societyofthemostholyredeemer.org\/pt\/wp-json\/wp\/v2\/categories?post=5349"},{"taxonomy":"post_tag","embeddable":true,"href":"https:\/\/societyofthemostholyredeemer.org\/pt\/wp-json\/wp\/v2\/tags?post=5349"}],"curies":[{"name":"wp","href":"https:\/\/api.w.org\/{rel}","templated":true}]}}