{"id":5747,"date":"2024-12-24T02:23:45","date_gmt":"2024-12-24T02:23:45","guid":{"rendered":"https:\/\/societyofthemostholyredeemer.org\/?p=5747"},"modified":"2024-12-24T03:05:50","modified_gmt":"2024-12-24T03:05:50","slug":"elementor-5747","status":"publish","type":"post","link":"https:\/\/societyofthemostholyredeemer.org\/pt\/2024\/12\/24\/elementor-5747\/","title":{"rendered":"MEDITA\u00c7\u00c3O MATINAL: 24 DE DEZEMBRO, V\u00c9SPERA DE NATAL"},"content":{"rendered":"<div data-elementor-type=\"wp-post\" data-elementor-id=\"5747\" class=\"elementor elementor-5747\" data-elementor-post-type=\"post\">\n\t\t\t\t<div class=\"elementor-element elementor-element-4b36d2a e-flex e-con-boxed e-con e-parent\" data-id=\"4b36d2a\" data-element_type=\"container\" data-e-type=\"container\">\n\t\t\t\t\t<div class=\"e-con-inner\">\n\t\t\t\t<div class=\"elementor-element elementor-element-e9bc7d0 elementor-widget__width-inherit elementor-widget elementor-widget-text-editor\" data-id=\"e9bc7d0\" data-element_type=\"widget\" data-e-type=\"widget\" data-widget_type=\"text-editor.default\">\n\t\t\t\t<div class=\"elementor-widget-container\">\n\t\t\t\t\t\t\t\t\t<p><b>Medita\u00e7\u00e3o matinal: Jesus vem para lan\u00e7ar fogo sobre a terra<\/b><\/p><p><em>\u00a0 \u00a0 \u00a0Eu vim para lan\u00e7ar fogo sobre a terra, e o que quero sen\u00e3o que ele se acenda?<\/em> - (Lucas xii., 49). <br \/>\u00a0 \u00a0 \u00a0Antes da vinda do Messias, quem amava a Deus na Terra? Ele era conhecido, de fato, em um canto do mundo, ou seja, na Judeia; e mesmo l\u00e1, qu\u00e3o poucos O amavam quando Ele veio! Ainda hoje, s\u00e3o poucos os que pensam em preparar seus cora\u00e7\u00f5es para que Jesus nas\u00e7a neles! O que voc\u00ea acha? Deseja ser classificado entre os ingratos?<\/p><p><b>Medita\u00e7\u00e3o I: <\/b><br \/>\u00a0 \u00a0 \u00a0Os judeus solenizaram um dia chamado por eles de <em>Die ignis - o dia do fogo<\/em>O dia de Natal \u00e9 chamado de \"Dia de Natal\", em mem\u00f3ria do fogo com o qual Neemias consumiu o sacrif\u00edcio ao retornar do cativeiro da Babil\u00f4nia. Mesmo assim, e de fato com mais raz\u00e3o, o dia de Natal deveria ser chamado de <em>Dia de Fogo<\/em> no qual um Deus vem como uma pequena crian\u00e7a para lan\u00e7ar o fogo do amor no cora\u00e7\u00e3o dos homens.<br \/><em>Eu vim para lan\u00e7ar fogo sobre a terra<\/em>Assim falou Jesus Cristo. Antes da vinda do Messias, quem amava a Deus na Terra? Alguns adoravam o sol, outros os brutos, outros as pr\u00f3prias pedras e outros ainda criaturas mais vis. Poucos anos ap\u00f3s o nascimento do Redentor, Deus passou a ser mais amado pelos homens do que antes, desde a cria\u00e7\u00e3o do homem. Ah, na verdade, todo homem, ao ver um Deus vestido de carne e que escolheu levar uma vida t\u00e3o dif\u00edcil e sofrer uma morte t\u00e3o ignominiosa, deve se inflamar de amor por um Deus t\u00e3o amoroso! <em>Oh, se voc\u00ea rasgasse os c\u00e9us e descesse; se os montes se derretessem diante de sua presen\u00e7a (...) se as \u00e1guas ardessem em fogo<\/em>. - (Is. lxiv., 1). Oh, certamente o Senhor acenderia uma fornalha tal no cora\u00e7\u00e3o humano que at\u00e9 mesmo as almas mais congeladas captariam a chama de Seu amor aben\u00e7oado! E, de fato, ap\u00f3s a Encarna\u00e7\u00e3o do Filho de Deus, qu\u00e3o brilhantemente o fogo do amor divino ardeu nas almas amorosas! Quantos jovens, quantos nobres e at\u00e9 mesmo monarcas deixaram riquezas, honras e at\u00e9 mesmo reinos para buscar o deserto do claustro, para que l\u00e1, na pobreza e na obscura reclus\u00e3o, pudessem se entregar sem reservas ao amor de seu Salvador! Quantos m\u00e1rtires partiram alegres, divertindo-se em seu caminho para os tormentos e a morte! Quantas jovens virgens recusaram as m\u00e3os oferecidas pelos grandes do mundo para irem e morrerem por Jesus Cristo e, assim, retribu\u00edrem em alguma medida a afei\u00e7\u00e3o de um Deus que se rebaixou para assumir a carne humana e morrer por amor a eles!<br \/>\u00a0 \u00a0 \u00a0\u00d3 Jesus. Voc\u00ea n\u00e3o poupou nada para induzir os homens a am\u00e1-Lo! \u00d3 Verbo Encarnado, Tu foste feito Homem para acender o amor divino em nossos cora\u00e7\u00f5es. Eu Te amo, \u00f3 Verbo Encarnado! Eu Te amo, \u00f3 soberano Bem! N\u00e3o permita que eu me separe de Ti! N\u00e3o permita que eu me separe de Ti!<\/p>\t\t\t\t\t\t\t\t<\/div>\n\t\t\t\t<\/div>\n\t\t\t\t\t<\/div>\n\t\t\t\t<\/div>\n\t\t<div class=\"elementor-element elementor-element-b6d9529 e-flex e-con-boxed e-con e-parent\" data-id=\"b6d9529\" data-element_type=\"container\" data-e-type=\"container\">\n\t\t\t\t\t<div class=\"e-con-inner\">\n\t\t\t\t<div class=\"elementor-element elementor-element-dc46a5d elementor-widget elementor-widget-text-editor\" data-id=\"dc46a5d\" data-element_type=\"widget\" data-e-type=\"widget\" data-widget_type=\"text-editor.default\">\n\t\t\t\t<div class=\"elementor-widget-container\">\n\t\t\t\t\t\t\t\t\t<p>\u00a0 \u00a0 \u00a0Voc\u00ea encontrar\u00e1 medita\u00e7\u00f5es e leituras para outros dias do ano na se\u00e7\u00e3o\u00a0<a href=\"https:\/\/societyofthemostholyredeemer.org\/pt\/daily-meditations\/\">Medita\u00e7\u00f5es di\u00e1rias<\/a> se\u00e7\u00e3o deste site.<\/p>\t\t\t\t\t\t\t\t<\/div>\n\t\t\t\t<\/div>\n\t\t\t\t\t<\/div>\n\t\t\t\t<\/div>\n\t\t\t\t<\/div>","protected":false},"excerpt":{"rendered":"<p>Medita\u00e7\u00e3o matinal: Jesus vem para lan\u00e7ar fogo sobre a terra Eu vim lan\u00e7ar fogo sobre a terra, e que quero eu sen\u00e3o que se acenda? - (Lucas xii., 49).      Antes da vinda de ... <a class=\"continue_reading\" href=\"https:\/\/societyofthemostholyredeemer.org\/pt\/2024\/12\/24\/elementor-5747\/\">Continuar lendo <span class=\"meta-nav\"><i class=\"fa fa-caret-right\" aria-hidden=\"true\"><\/i><\/span><\/a><\/p>","protected":false},"author":3,"featured_media":4939,"comment_status":"open","ping_status":"open","sticky":false,"template":"","format":"standard","meta":{"_acf_changed":false,"footnotes":""},"categories":[41],"tags":[],"class_list":["post-5747","post","type-post","status-publish","format-standard","has-post-thumbnail","hentry","category-daily-meditations"],"acf":[],"_links":{"self":[{"href":"https:\/\/societyofthemostholyredeemer.org\/pt\/wp-json\/wp\/v2\/posts\/5747","targetHints":{"allow":["GET"]}}],"collection":[{"href":"https:\/\/societyofthemostholyredeemer.org\/pt\/wp-json\/wp\/v2\/posts"}],"about":[{"href":"https:\/\/societyofthemostholyredeemer.org\/pt\/wp-json\/wp\/v2\/types\/post"}],"author":[{"embeddable":true,"href":"https:\/\/societyofthemostholyredeemer.org\/pt\/wp-json\/wp\/v2\/users\/3"}],"replies":[{"embeddable":true,"href":"https:\/\/societyofthemostholyredeemer.org\/pt\/wp-json\/wp\/v2\/comments?post=5747"}],"version-history":[{"count":15,"href":"https:\/\/societyofthemostholyredeemer.org\/pt\/wp-json\/wp\/v2\/posts\/5747\/revisions"}],"predecessor-version":[{"id":5765,"href":"https:\/\/societyofthemostholyredeemer.org\/pt\/wp-json\/wp\/v2\/posts\/5747\/revisions\/5765"}],"wp:featuredmedia":[{"embeddable":true,"href":"https:\/\/societyofthemostholyredeemer.org\/pt\/wp-json\/wp\/v2\/media\/4939"}],"wp:attachment":[{"href":"https:\/\/societyofthemostholyredeemer.org\/pt\/wp-json\/wp\/v2\/media?parent=5747"}],"wp:term":[{"taxonomy":"category","embeddable":true,"href":"https:\/\/societyofthemostholyredeemer.org\/pt\/wp-json\/wp\/v2\/categories?post=5747"},{"taxonomy":"post_tag","embeddable":true,"href":"https:\/\/societyofthemostholyredeemer.org\/pt\/wp-json\/wp\/v2\/tags?post=5747"}],"curies":[{"name":"wp","href":"https:\/\/api.w.org\/{rel}","templated":true}]}}