{"id":6335,"date":"2025-02-01T01:06:42","date_gmt":"2025-02-01T01:06:42","guid":{"rendered":"https:\/\/societyofthemostholyredeemer.org\/?p=6335"},"modified":"2026-02-01T00:26:54","modified_gmt":"2026-02-01T00:26:54","slug":"february-2025-calendar","status":"publish","type":"post","link":"https:\/\/societyofthemostholyredeemer.org\/pt\/2025\/02\/01\/february-2025-calendar\/","title":{"rendered":"CALEND\u00c1RIO DE FEVEREIRO DE 2025"},"content":{"rendered":"<div data-elementor-type=\"wp-post\" data-elementor-id=\"6335\" class=\"elementor elementor-6335\" data-elementor-post-type=\"post\">\n\t\t\t\t<div class=\"elementor-element elementor-element-87b90d9 e-flex e-con-boxed e-con e-parent\" data-id=\"87b90d9\" data-element_type=\"container\" data-e-type=\"container\">\n\t\t\t\t\t<div class=\"e-con-inner\">\n\t\t\t\t<div class=\"elementor-element elementor-element-cbc045f elementor-widget__width-inherit elementor-widget elementor-widget-text-editor\" data-id=\"cbc045f\" data-element_type=\"widget\" data-e-type=\"widget\" data-widget_type=\"text-editor.default\">\n\t\t\t\t<div class=\"elementor-widget-container\">\n\t\t\t\t\t\t\t\t\t<p>\u00a0 \u00a0 \u00a0O calend\u00e1rio de fevereiro j\u00e1 foi publicado. N\u00f3s o incentivamos a observar e apreciar a riqueza da liturgia significativa das celebra\u00e7\u00f5es lit\u00fargicas pr\u00e9-1955, sua clareza e forma abrangente de apresentar - por meio das m\u00e3os do sacerdote - nossas ora\u00e7\u00f5es ao Senhor, em unidade com todas as inten\u00e7\u00f5es e ora\u00e7\u00f5es tradicionais que a Santa Madre Igreja nos instrui a recordar em todas as missas do m\u00eas. A liturgia pr\u00e9-Bugnini \u00e9, sem d\u00favida, a melhor e mais coerente maneira de defender nossa f\u00e9 cat\u00f3lica tradicional nos dias de hoje.<\/p><p>\u00a0 \u00a0 \u00a0Neste m\u00eas, comemoramos a conclus\u00e3o do <em>sanit\u00e1rio<\/em> A celebra\u00e7\u00e3o do Natal* com a Festa da Purifica\u00e7\u00e3o no domingo, 2 de fevereiro.  As velas s\u00e3o aben\u00e7oadas, e a liturgia relembra a Apresenta\u00e7\u00e3o de Nosso Senhor no Templo e a Purifica\u00e7\u00e3o da Sant\u00edssima Virgem no 40\u00ba dia ap\u00f3s a Natividade.  No m\u00eas de fevereiro, tamb\u00e9m honramos a Sant\u00edssima Virgem Maria sob dois de seus muitos t\u00edtulos: em 2 de fevereiro, relembrando suas apari\u00e7\u00f5es \u00e0 Irm\u00e3 Concepcionista, Madre Mariana de Jesus Torres, em Quito, Equador, sob o t\u00edtulo de <em>Nossa Senhora do Bom Sucesso<\/em> (1594-1634); e em 11 de fevereiro, a festa de <em>Nossa Senhora de Lourdes<\/em> comemorando suas apari\u00e7\u00f5es a Santa Bernadete Soubirous em Massabielle, Fran\u00e7a (1858).<\/p><p>\u00a0 \u00a0 \u00a0Voc\u00ea notar\u00e1 que a Septuagesima come\u00e7a em 16 de fevereiro, o que permite que todos os seis domingos ap\u00f3s a Epifania sejam celebrados nessa primeira parte do ano, com o sexto domingo ap\u00f3s a Epifania antecipado para o s\u00e1bado, 15 de fevereiro.  Al\u00e9m disso, os Redentoristas t\u00eam o privil\u00e9gio de celebrar uma missa em honra do Sant\u00edssimo Redentor em 23 de fevereiro.<\/p>\t\t\t\t\t\t\t\t<\/div>\n\t\t\t\t<\/div>\n\t\t\t\t\t<\/div>\n\t\t\t\t<\/div>\n\t\t<div class=\"elementor-element elementor-element-ab7d0c7 e-flex e-con-boxed e-con e-parent\" data-id=\"ab7d0c7\" data-element_type=\"container\" data-e-type=\"container\">\n\t\t\t\t\t<div class=\"e-con-inner\">\n\t\t\t\t<div class=\"elementor-element elementor-element-19676bd elementor-widget elementor-widget-text-editor\" data-id=\"19676bd\" data-element_type=\"widget\" data-e-type=\"widget\" data-widget_type=\"text-editor.default\">\n\t\t\t\t<div class=\"elementor-widget-container\">\n\t\t\t\t\t\t\t\t\t<h6>* De acordo com o Missal Di\u00e1rio de Santo Andr\u00e9, Dom Gaspar Lefebvre, O.S.B., 1945, p. 125. Observe que o <i>temporal <\/i>A \u00e9poca do Natal termina com a oitava da Epifania, em 13 de janeiro.<\/h6>\t\t\t\t\t\t\t\t<\/div>\n\t\t\t\t<\/div>\n\t\t\t\t\t<\/div>\n\t\t\t\t<\/div>\n\t\t<div class=\"elementor-element elementor-element-2ca3ca4 e-flex e-con-boxed e-con e-parent\" data-id=\"2ca3ca4\" data-element_type=\"container\" data-e-type=\"container\">\n\t\t\t\t\t<div class=\"e-con-inner\">\n\t\t\t\t<div class=\"elementor-element elementor-element-e1b4946 elementor-widget elementor-widget-text-editor\" data-id=\"e1b4946\" data-element_type=\"widget\" data-e-type=\"widget\" data-widget_type=\"text-editor.default\">\n\t\t\t\t<div class=\"elementor-widget-container\">\n\t\t\t\t\t\t\t\t\t<p>\u00a0 \u00a0 \u00a0Se quiser ver as p\u00e1ginas de calend\u00e1rio de outros meses do ano atual ou de anos anteriores, voc\u00ea poder\u00e1 exibir a p\u00e1gina\u00a0<a href=\"https:\/\/societyofthemostholyredeemer.org\/pt\/liturgical-calendars\/\">Calend\u00e1rios Lit\u00fargicos<\/a>\u00a0se\u00e7\u00e3o do nosso site.<\/p>\t\t\t\t\t\t\t\t<\/div>\n\t\t\t\t<\/div>\n\t\t\t\t\t<\/div>\n\t\t\t\t<\/div>\n\t\t<div class=\"elementor-element elementor-element-94334f6 e-flex e-con-boxed e-con e-parent\" data-id=\"94334f6\" data-element_type=\"container\" data-e-type=\"container\">\n\t\t\t\t\t<div class=\"e-con-inner\">\n\t\t\t\t<div class=\"elementor-element elementor-element-a891921 elementor-widget elementor-widget-gallery\" data-id=\"a891921\" data-element_type=\"widget\" data-e-type=\"widget\" data-settings=\"{&quot;columns&quot;:1,&quot;lazyload&quot;:&quot;yes&quot;,&quot;gallery_layout&quot;:&quot;grid&quot;,&quot;columns_tablet&quot;:2,&quot;columns_mobile&quot;:1,&quot;gap&quot;:{&quot;unit&quot;:&quot;px&quot;,&quot;size&quot;:10,&quot;sizes&quot;:[]},&quot;gap_tablet&quot;:{&quot;unit&quot;:&quot;px&quot;,&quot;size&quot;:10,&quot;sizes&quot;:[]},&quot;gap_mobile&quot;:{&quot;unit&quot;:&quot;px&quot;,&quot;size&quot;:10,&quot;sizes&quot;:[]},&quot;link_to&quot;:&quot;file&quot;,&quot;aspect_ratio&quot;:&quot;3:2&quot;,&quot;overlay_background&quot;:&quot;yes&quot;,&quot;content_hover_animation&quot;:&quot;fade-in&quot;}\" data-widget_type=\"gallery.default\">\n\t\t\t\t<div class=\"elementor-widget-container\">\n\t\t\t\t\t\t\t<div class=\"elementor-gallery__container\">\n\t\t\t\t\t\t\t<a class=\"e-gallery-item elementor-gallery-item elementor-animated-content\" href=\"https:\/\/societyofthemostholyredeemer.org\/wp-content\/uploads\/2025\/02\/2025_2_Feb_new-scaled.jpg\" data-elementor-open-lightbox=\"yes\" data-elementor-lightbox-slideshow=\"a891921\" data-e-action-hash=\"#elementor-action%3Aaction%3Dlightbox%26settings%3DeyJpZCI6NjM1MSwidXJsIjoiaHR0cHM6XC9cL3NvY2lldHlvZnRoZW1vc3Rob2x5cmVkZWVtZXIub3JnXC93cC1jb250ZW50XC91cGxvYWRzXC8yMDI1XC8wMlwvMjAyNV8yX0ZlYl9uZXctc2NhbGVkLmpwZyIsInNsaWRlc2hvdyI6ImE4OTE5MjEifQ%3D%3D\">\n\t\t\t\t\t<div class=\"e-gallery-image elementor-gallery-item__image\" data-thumbnail=\"https:\/\/societyofthemostholyredeemer.org\/wp-content\/uploads\/2025\/02\/2025_2_Feb_new-300x207.jpg\" data-width=\"300\" data-height=\"207\" aria-label=\"\" role=\"img\" ><\/div>\n\t\t\t\t\t\t\t\t\t\t\t<div class=\"elementor-gallery-item__overlay\"><\/div>\n\t\t\t\t\t\t\t\t\t\t\t\t\t\t<\/a>\n\t\t\t\t\t<\/div>\n\t\t\t\t\t<\/div>\n\t\t\t\t<\/div>\n\t\t\t\t\t<\/div>\n\t\t\t\t<\/div>\n\t\t\t\t<\/div>","protected":false},"excerpt":{"rendered":"<p>The February calendar has been posted. We encourage you to notice and appreciate the richness of the meaningful liturgy of the pre-1955 liturgical celebrations, its clarity and encompassing way of presenting \u2013through the hands of the priest\u2013 our prayers to &hellip; <a class=\"continue_reading\" href=\"https:\/\/societyofthemostholyredeemer.org\/pt\/2025\/02\/01\/february-2025-calendar\/\">Continuar lendo <span class=\"meta-nav\"><i class=\"fa fa-caret-right\" aria-hidden=\"true\"><\/i><\/span><\/a><\/p>","protected":false},"author":3,"featured_media":6155,"comment_status":"open","ping_status":"open","sticky":false,"template":"","format":"standard","meta":{"_acf_changed":false,"footnotes":""},"categories":[25],"tags":[],"class_list":["post-6335","post","type-post","status-publish","format-standard","has-post-thumbnail","hentry","category-liturgical-calendar"],"acf":[],"_links":{"self":[{"href":"https:\/\/societyofthemostholyredeemer.org\/pt\/wp-json\/wp\/v2\/posts\/6335","targetHints":{"allow":["GET"]}}],"collection":[{"href":"https:\/\/societyofthemostholyredeemer.org\/pt\/wp-json\/wp\/v2\/posts"}],"about":[{"href":"https:\/\/societyofthemostholyredeemer.org\/pt\/wp-json\/wp\/v2\/types\/post"}],"author":[{"embeddable":true,"href":"https:\/\/societyofthemostholyredeemer.org\/pt\/wp-json\/wp\/v2\/users\/3"}],"replies":[{"embeddable":true,"href":"https:\/\/societyofthemostholyredeemer.org\/pt\/wp-json\/wp\/v2\/comments?post=6335"}],"version-history":[{"count":12,"href":"https:\/\/societyofthemostholyredeemer.org\/pt\/wp-json\/wp\/v2\/posts\/6335\/revisions"}],"predecessor-version":[{"id":12331,"href":"https:\/\/societyofthemostholyredeemer.org\/pt\/wp-json\/wp\/v2\/posts\/6335\/revisions\/12331"}],"wp:featuredmedia":[{"embeddable":true,"href":"https:\/\/societyofthemostholyredeemer.org\/pt\/wp-json\/wp\/v2\/media\/6155"}],"wp:attachment":[{"href":"https:\/\/societyofthemostholyredeemer.org\/pt\/wp-json\/wp\/v2\/media?parent=6335"}],"wp:term":[{"taxonomy":"category","embeddable":true,"href":"https:\/\/societyofthemostholyredeemer.org\/pt\/wp-json\/wp\/v2\/categories?post=6335"},{"taxonomy":"post_tag","embeddable":true,"href":"https:\/\/societyofthemostholyredeemer.org\/pt\/wp-json\/wp\/v2\/tags?post=6335"}],"curies":[{"name":"wp","href":"https:\/\/api.w.org\/{rel}","templated":true}]}}