{"id":7042,"date":"2025-03-02T01:29:30","date_gmt":"2025-03-02T01:29:30","guid":{"rendered":"https:\/\/societyofthemostholyredeemer.org\/?p=7042"},"modified":"2025-04-08T00:30:30","modified_gmt":"2025-04-08T00:30:30","slug":"march-2025-calendar","status":"publish","type":"post","link":"https:\/\/societyofthemostholyredeemer.org\/pt\/2025\/03\/02\/march-2025-calendar\/","title":{"rendered":"CALEND\u00c1RIO DE MAR\u00c7O DE 2025"},"content":{"rendered":"<div data-elementor-type=\"wp-post\" data-elementor-id=\"7042\" class=\"elementor elementor-7042\" data-elementor-post-type=\"post\">\n\t\t\t\t<div class=\"elementor-element elementor-element-732e06f e-flex e-con-boxed e-con e-parent\" data-id=\"732e06f\" data-element_type=\"container\" data-e-type=\"container\">\n\t\t\t\t\t<div class=\"e-con-inner\">\n\t\t\t\t<div class=\"elementor-element elementor-element-f33ecb8 elementor-widget__width-inherit elementor-widget elementor-widget-text-editor\" data-id=\"f33ecb8\" data-element_type=\"widget\" data-e-type=\"widget\" data-widget_type=\"text-editor.default\">\n\t\t\t\t<div class=\"elementor-widget-container\">\n\t\t\t\t\t\t\t\t\t<p>\u00a0 \u00a0 \u00a0O calend\u00e1rio de mar\u00e7o j\u00e1 foi publicado. N\u00f3s o incentivamos a observar e apreciar a riqueza da liturgia significativa das celebra\u00e7\u00f5es lit\u00fargicas pr\u00e9-1955, sua clareza e forma abrangente de apresentar - por meio das m\u00e3os do sacerdote - nossas ora\u00e7\u00f5es ao Senhor, em unidade com todas as inten\u00e7\u00f5es e ora\u00e7\u00f5es tradicionais que a Santa Madre Igreja nos instrui a recordar em todas as missas do m\u00eas. A liturgia pr\u00e9-Bugnini \u00e9, sem d\u00favida, a melhor e mais coerente maneira de defender nossa f\u00e9 cat\u00f3lica tradicional nos dias de hoje.<\/p><p>\u00a0 \u00a0 \u00a0Neste m\u00eas dedicado a S\u00e3o Jos\u00e9, conclu\u00edmos nossa prepara\u00e7\u00e3o para a Quaresma com a Festa da Sagrada Face de Jesus (ter\u00e7a-feira, 4 de mar\u00e7o) e iniciamos o per\u00edodo penitencial em 5 de mar\u00e7o, Quarta-feira de Cinzas. Nossa aten\u00e7\u00e3o tamb\u00e9m est\u00e1 voltada especialmente para a Festa de S\u00e3o Jos\u00e9, Esposo da Bem-Aventurada Virgem Maria (19 de mar\u00e7o) e a Festa da Anuncia\u00e7\u00e3o da Bem-Aventurada Virgem Maria (25 de mar\u00e7o). Al\u00e9m disso, nossa Sociedade celebra a Festa de S\u00e3o Clemente Hofbauer, C.Ss.R., em 15 de mar\u00e7o.<\/p>\t\t\t\t\t\t\t\t<\/div>\n\t\t\t\t<\/div>\n\t\t\t\t\t<\/div>\n\t\t\t\t<\/div>\n\t\t<div class=\"elementor-element elementor-element-81782df e-flex e-con-boxed e-con e-parent\" data-id=\"81782df\" data-element_type=\"container\" data-e-type=\"container\">\n\t\t\t\t\t<div class=\"e-con-inner\">\n\t\t\t\t<div class=\"elementor-element elementor-element-d790e7e elementor-widget elementor-widget-text-editor\" data-id=\"d790e7e\" data-element_type=\"widget\" data-e-type=\"widget\" data-widget_type=\"text-editor.default\">\n\t\t\t\t<div class=\"elementor-widget-container\">\n\t\t\t\t\t\t\t\t\t<p>\u00a0 \u00a0 \u00a0Se quiser ver as p\u00e1ginas de calend\u00e1rio de outros meses do ano atual ou de anos anteriores, voc\u00ea poder\u00e1 exibir a p\u00e1gina\u00a0<a href=\"https:\/\/societyofthemostholyredeemer.org\/pt\/liturgical-calendars\/\">Calend\u00e1rios Lit\u00fargicos<\/a>\u00a0se\u00e7\u00e3o do nosso site.<\/p>\t\t\t\t\t\t\t\t<\/div>\n\t\t\t\t<\/div>\n\t\t\t\t\t<\/div>\n\t\t\t\t<\/div>\n\t\t<div class=\"elementor-element elementor-element-2c90a36 e-flex e-con-boxed e-con e-parent\" data-id=\"2c90a36\" data-element_type=\"container\" data-e-type=\"container\">\n\t\t\t\t\t<div class=\"e-con-inner\">\n\t\t\t\t<div class=\"elementor-element elementor-element-e6d830c elementor-widget elementor-widget-gallery\" data-id=\"e6d830c\" data-element_type=\"widget\" data-e-type=\"widget\" data-settings=\"{&quot;columns&quot;:1,&quot;lazyload&quot;:&quot;yes&quot;,&quot;gallery_layout&quot;:&quot;grid&quot;,&quot;columns_tablet&quot;:2,&quot;columns_mobile&quot;:1,&quot;gap&quot;:{&quot;unit&quot;:&quot;px&quot;,&quot;size&quot;:10,&quot;sizes&quot;:[]},&quot;gap_tablet&quot;:{&quot;unit&quot;:&quot;px&quot;,&quot;size&quot;:10,&quot;sizes&quot;:[]},&quot;gap_mobile&quot;:{&quot;unit&quot;:&quot;px&quot;,&quot;size&quot;:10,&quot;sizes&quot;:[]},&quot;link_to&quot;:&quot;file&quot;,&quot;aspect_ratio&quot;:&quot;3:2&quot;,&quot;overlay_background&quot;:&quot;yes&quot;,&quot;content_hover_animation&quot;:&quot;fade-in&quot;}\" data-widget_type=\"gallery.default\">\n\t\t\t\t<div class=\"elementor-widget-container\">\n\t\t\t\t\t\t\t<div class=\"elementor-gallery__container\">\n\t\t\t\t\t\t\t<a class=\"e-gallery-item elementor-gallery-item elementor-animated-content\" href=\"https:\/\/societyofthemostholyredeemer.org\/wp-content\/uploads\/2025\/01\/2025_3_March-scaled.jpg\" data-elementor-open-lightbox=\"yes\" data-elementor-lightbox-slideshow=\"e6d830c\" data-e-action-hash=\"#elementor-action%3Aaction%3Dlightbox%26settings%3DeyJpZCI6NjIwNCwidXJsIjoiaHR0cHM6XC9cL3NvY2lldHlvZnRoZW1vc3Rob2x5cmVkZWVtZXIub3JnXC93cC1jb250ZW50XC91cGxvYWRzXC8yMDI1XC8wMVwvMjAyNV8zX01hcmNoLXNjYWxlZC5qcGciLCJzbGlkZXNob3ciOiJlNmQ4MzBjIn0%3D\">\n\t\t\t\t\t<div class=\"e-gallery-image elementor-gallery-item__image\" data-thumbnail=\"https:\/\/societyofthemostholyredeemer.org\/wp-content\/uploads\/2025\/01\/2025_3_March-300x207.jpg\" data-width=\"300\" data-height=\"207\" aria-label=\"\" role=\"img\" ><\/div>\n\t\t\t\t\t\t\t\t\t\t\t<div class=\"elementor-gallery-item__overlay\"><\/div>\n\t\t\t\t\t\t\t\t\t\t\t\t\t\t<\/a>\n\t\t\t\t\t<\/div>\n\t\t\t\t\t<\/div>\n\t\t\t\t<\/div>\n\t\t\t\t\t<\/div>\n\t\t\t\t<\/div>\n\t\t\t\t<\/div>","protected":false},"excerpt":{"rendered":"<p>O calend\u00e1rio de mar\u00e7o j\u00e1 foi publicado. Incentivamos voc\u00ea a observar e apreciar a riqueza da liturgia significativa das celebra\u00e7\u00f5es lit\u00fargicas anteriores a 1955, sua clareza e maneira abrangente de apresentar - por meio das m\u00e3os do sacerdote - nossas ora\u00e7\u00f5es a ... <a class=\"continue_reading\" href=\"https:\/\/societyofthemostholyredeemer.org\/pt\/2025\/03\/02\/march-2025-calendar\/\">Continuar lendo <span class=\"meta-nav\"><i class=\"fa fa-caret-right\" aria-hidden=\"true\"><\/i><\/span><\/a><\/p>","protected":false},"author":3,"featured_media":7043,"comment_status":"open","ping_status":"open","sticky":false,"template":"","format":"standard","meta":{"_acf_changed":false,"footnotes":""},"categories":[25],"tags":[],"class_list":["post-7042","post","type-post","status-publish","format-standard","has-post-thumbnail","hentry","category-liturgical-calendar"],"acf":[],"_links":{"self":[{"href":"https:\/\/societyofthemostholyredeemer.org\/pt\/wp-json\/wp\/v2\/posts\/7042","targetHints":{"allow":["GET"]}}],"collection":[{"href":"https:\/\/societyofthemostholyredeemer.org\/pt\/wp-json\/wp\/v2\/posts"}],"about":[{"href":"https:\/\/societyofthemostholyredeemer.org\/pt\/wp-json\/wp\/v2\/types\/post"}],"author":[{"embeddable":true,"href":"https:\/\/societyofthemostholyredeemer.org\/pt\/wp-json\/wp\/v2\/users\/3"}],"replies":[{"embeddable":true,"href":"https:\/\/societyofthemostholyredeemer.org\/pt\/wp-json\/wp\/v2\/comments?post=7042"}],"version-history":[{"count":5,"href":"https:\/\/societyofthemostholyredeemer.org\/pt\/wp-json\/wp\/v2\/posts\/7042\/revisions"}],"predecessor-version":[{"id":7048,"href":"https:\/\/societyofthemostholyredeemer.org\/pt\/wp-json\/wp\/v2\/posts\/7042\/revisions\/7048"}],"wp:featuredmedia":[{"embeddable":true,"href":"https:\/\/societyofthemostholyredeemer.org\/pt\/wp-json\/wp\/v2\/media\/7043"}],"wp:attachment":[{"href":"https:\/\/societyofthemostholyredeemer.org\/pt\/wp-json\/wp\/v2\/media?parent=7042"}],"wp:term":[{"taxonomy":"category","embeddable":true,"href":"https:\/\/societyofthemostholyredeemer.org\/pt\/wp-json\/wp\/v2\/categories?post=7042"},{"taxonomy":"post_tag","embeddable":true,"href":"https:\/\/societyofthemostholyredeemer.org\/pt\/wp-json\/wp\/v2\/tags?post=7042"}],"curies":[{"name":"wp","href":"https:\/\/api.w.org\/{rel}","templated":true}]}}