{"id":7896,"date":"2025-04-08T00:33:18","date_gmt":"2025-04-08T00:33:18","guid":{"rendered":"https:\/\/societyofthemostholyredeemer.org\/?p=7896"},"modified":"2026-04-01T17:57:14","modified_gmt":"2026-04-01T17:57:14","slug":"april-2025-calendar","status":"publish","type":"post","link":"https:\/\/societyofthemostholyredeemer.org\/pt\/2025\/04\/08\/april-2025-calendar\/","title":{"rendered":"CALEND\u00c1RIO DE ABRIL DE 2025"},"content":{"rendered":"<div data-elementor-type=\"wp-post\" data-elementor-id=\"7896\" class=\"elementor elementor-7896\" data-elementor-post-type=\"post\">\n\t\t\t\t<div class=\"elementor-element elementor-element-732e06f e-flex e-con-boxed e-con e-parent\" data-id=\"732e06f\" data-element_type=\"container\" data-e-type=\"container\">\n\t\t\t\t\t<div class=\"e-con-inner\">\n\t\t\t\t<div class=\"elementor-element elementor-element-f33ecb8 elementor-widget__width-inherit elementor-widget elementor-widget-text-editor\" data-id=\"f33ecb8\" data-element_type=\"widget\" data-e-type=\"widget\" data-widget_type=\"text-editor.default\">\n\t\t\t\t<div class=\"elementor-widget-container\">\n\t\t\t\t\t\t\t\t\t<p>\u00a0 \u00a0 \u00a0O calend\u00e1rio de abril j\u00e1 foi publicado. N\u00f3s o incentivamos a observar e apreciar a riqueza da liturgia significativa das celebra\u00e7\u00f5es lit\u00fargicas pr\u00e9-1955, sua clareza e forma abrangente de apresentar - por meio das m\u00e3os do sacerdote - nossas ora\u00e7\u00f5es ao Senhor, em unidade com todas as inten\u00e7\u00f5es e ora\u00e7\u00f5es tradicionais que a Santa Madre Igreja nos instrui a recordar em todas as missas do m\u00eas. A liturgia pr\u00e9-Bugnini \u00e9, sem d\u00favida, a melhor e mais coerente maneira de defender nossa f\u00e9 cat\u00f3lica tradicional nos dias de hoje.<\/p><p>\u00a0 \u00a0 \u00a0Neste m\u00eas dedicado a <em>Cristo, nosso Redentor<\/em>Na Semana Santa, entramos no per\u00edodo sombrio e solene do Passiontide em 6 de abril, aprofundando nossa prepara\u00e7\u00e3o para a gloriosa e triunfante Ressurrei\u00e7\u00e3o de nosso Senhor Jesus Cristo em 20 de abril. \u00c9 durante a Semana Santa e o Tempo Pascal que a liturgia pr\u00e9-1955 \u00e9 notavelmente diferente das revis\u00f5es subsequentes.<\/p><p>\u00a0 \u00a0 \u00a0Nossa aten\u00e7\u00e3o tamb\u00e9m est\u00e1 voltada para a Sant\u00edssima Virgem Maria, onde a Igreja comemora suas Sete Dores na sexta-feira da Semana da Paix\u00e3o (11 de abril) e a honra sob o t\u00edtulo de Nossa Senhora do Bom Conselho (26 de abril).  Al\u00e9m disso, para aqueles que foram consagrados de acordo com a f\u00f3rmula da Verdadeira Devo\u00e7\u00e3o de S\u00e3o Lu\u00eds Maria de Montfort, uma indulg\u00eancia plen\u00e1ria \u00e9 concedida para a recita\u00e7\u00e3o da ora\u00e7\u00e3o de consagra\u00e7\u00e3o em seu dia de festa, 28 de abril.<\/p>\t\t\t\t\t\t\t\t<\/div>\n\t\t\t\t<\/div>\n\t\t\t\t\t<\/div>\n\t\t\t\t<\/div>\n\t\t<div class=\"elementor-element elementor-element-81782df e-flex e-con-boxed e-con e-parent\" data-id=\"81782df\" data-element_type=\"container\" data-e-type=\"container\">\n\t\t\t\t\t<div class=\"e-con-inner\">\n\t\t\t\t<div class=\"elementor-element elementor-element-d790e7e elementor-widget elementor-widget-text-editor\" data-id=\"d790e7e\" data-element_type=\"widget\" data-e-type=\"widget\" data-widget_type=\"text-editor.default\">\n\t\t\t\t<div class=\"elementor-widget-container\">\n\t\t\t\t\t\t\t\t\t<p>\u00a0 \u00a0 \u00a0Se quiser ver as p\u00e1ginas de calend\u00e1rio de outros meses do ano atual ou de anos anteriores, voc\u00ea poder\u00e1 exibir a p\u00e1gina\u00a0<a href=\"https:\/\/societyofthemostholyredeemer.org\/pt\/liturgical-calendars\/\">Calend\u00e1rios Lit\u00fargicos<\/a>\u00a0se\u00e7\u00e3o do nosso site.<\/p>\t\t\t\t\t\t\t\t<\/div>\n\t\t\t\t<\/div>\n\t\t\t\t\t<\/div>\n\t\t\t\t<\/div>\n\t\t<div class=\"elementor-element elementor-element-2c90a36 e-flex e-con-boxed e-con e-parent\" data-id=\"2c90a36\" data-element_type=\"container\" data-e-type=\"container\">\n\t\t\t\t\t<div class=\"e-con-inner\">\n\t\t\t\t<div class=\"elementor-element elementor-element-e6d830c elementor-widget elementor-widget-gallery\" data-id=\"e6d830c\" data-element_type=\"widget\" data-e-type=\"widget\" data-settings=\"{&quot;columns&quot;:1,&quot;lazyload&quot;:&quot;yes&quot;,&quot;gallery_layout&quot;:&quot;grid&quot;,&quot;columns_tablet&quot;:2,&quot;columns_mobile&quot;:1,&quot;gap&quot;:{&quot;unit&quot;:&quot;px&quot;,&quot;size&quot;:10,&quot;sizes&quot;:[]},&quot;gap_tablet&quot;:{&quot;unit&quot;:&quot;px&quot;,&quot;size&quot;:10,&quot;sizes&quot;:[]},&quot;gap_mobile&quot;:{&quot;unit&quot;:&quot;px&quot;,&quot;size&quot;:10,&quot;sizes&quot;:[]},&quot;link_to&quot;:&quot;file&quot;,&quot;aspect_ratio&quot;:&quot;3:2&quot;,&quot;overlay_background&quot;:&quot;yes&quot;,&quot;content_hover_animation&quot;:&quot;fade-in&quot;}\" data-widget_type=\"gallery.default\">\n\t\t\t\t<div class=\"elementor-widget-container\">\n\t\t\t\t\t\t\t<div class=\"elementor-gallery__container\">\n\t\t\t\t\t\t\t<a class=\"e-gallery-item elementor-gallery-item elementor-animated-content\" href=\"https:\/\/societyofthemostholyredeemer.org\/wp-content\/uploads\/2025\/04\/2025_4_Apr_new-scaled.jpg\" data-elementor-open-lightbox=\"yes\" data-elementor-lightbox-slideshow=\"e6d830c\" data-e-action-hash=\"#elementor-action%3Aaction%3Dlightbox%26settings%3DeyJpZCI6NzkwMCwidXJsIjoiaHR0cHM6XC9cL3NvY2lldHlvZnRoZW1vc3Rob2x5cmVkZWVtZXIub3JnXC93cC1jb250ZW50XC91cGxvYWRzXC8yMDI1XC8wNFwvMjAyNV80X0Fwcl9uZXctc2NhbGVkLmpwZyIsInNsaWRlc2hvdyI6ImU2ZDgzMGMifQ%3D%3D\">\n\t\t\t\t\t<div class=\"e-gallery-image elementor-gallery-item__image\" data-thumbnail=\"https:\/\/societyofthemostholyredeemer.org\/wp-content\/uploads\/2025\/04\/2025_4_Apr_new-300x207.jpg\" data-width=\"300\" data-height=\"207\" aria-label=\"\" role=\"img\" ><\/div>\n\t\t\t\t\t\t\t\t\t\t\t<div class=\"elementor-gallery-item__overlay\"><\/div>\n\t\t\t\t\t\t\t\t\t\t\t\t\t\t<\/a>\n\t\t\t\t\t<\/div>\n\t\t\t\t\t<\/div>\n\t\t\t\t<\/div>\n\t\t\t\t\t<\/div>\n\t\t\t\t<\/div>\n\t\t\t\t<\/div>","protected":false},"excerpt":{"rendered":"<p>O calend\u00e1rio de abril j\u00e1 foi publicado. Incentivamos voc\u00ea a observar e apreciar a riqueza da liturgia significativa das celebra\u00e7\u00f5es lit\u00fargicas anteriores a 1955, sua clareza e maneira abrangente de apresentar - por meio das m\u00e3os do sacerdote - nossas ora\u00e7\u00f5es a ... <a class=\"continue_reading\" href=\"https:\/\/societyofthemostholyredeemer.org\/pt\/2025\/04\/08\/april-2025-calendar\/\">Continuar lendo <span class=\"meta-nav\"><i class=\"fa fa-caret-right\" aria-hidden=\"true\"><\/i><\/span><\/a><\/p>","protected":false},"author":3,"featured_media":7897,"comment_status":"open","ping_status":"open","sticky":false,"template":"","format":"standard","meta":{"_acf_changed":false,"footnotes":""},"categories":[25],"tags":[],"class_list":["post-7896","post","type-post","status-publish","format-standard","has-post-thumbnail","hentry","category-liturgical-calendar"],"acf":[],"_links":{"self":[{"href":"https:\/\/societyofthemostholyredeemer.org\/pt\/wp-json\/wp\/v2\/posts\/7896","targetHints":{"allow":["GET"]}}],"collection":[{"href":"https:\/\/societyofthemostholyredeemer.org\/pt\/wp-json\/wp\/v2\/posts"}],"about":[{"href":"https:\/\/societyofthemostholyredeemer.org\/pt\/wp-json\/wp\/v2\/types\/post"}],"author":[{"embeddable":true,"href":"https:\/\/societyofthemostholyredeemer.org\/pt\/wp-json\/wp\/v2\/users\/3"}],"replies":[{"embeddable":true,"href":"https:\/\/societyofthemostholyredeemer.org\/pt\/wp-json\/wp\/v2\/comments?post=7896"}],"version-history":[{"count":5,"href":"https:\/\/societyofthemostholyredeemer.org\/pt\/wp-json\/wp\/v2\/posts\/7896\/revisions"}],"predecessor-version":[{"id":8393,"href":"https:\/\/societyofthemostholyredeemer.org\/pt\/wp-json\/wp\/v2\/posts\/7896\/revisions\/8393"}],"wp:featuredmedia":[{"embeddable":true,"href":"https:\/\/societyofthemostholyredeemer.org\/pt\/wp-json\/wp\/v2\/media\/7897"}],"wp:attachment":[{"href":"https:\/\/societyofthemostholyredeemer.org\/pt\/wp-json\/wp\/v2\/media?parent=7896"}],"wp:term":[{"taxonomy":"category","embeddable":true,"href":"https:\/\/societyofthemostholyredeemer.org\/pt\/wp-json\/wp\/v2\/categories?post=7896"},{"taxonomy":"post_tag","embeddable":true,"href":"https:\/\/societyofthemostholyredeemer.org\/pt\/wp-json\/wp\/v2\/tags?post=7896"}],"curies":[{"name":"wp","href":"https:\/\/api.w.org\/{rel}","templated":true}]}}