{"id":8328,"date":"2025-04-29T01:38:58","date_gmt":"2025-04-29T01:38:58","guid":{"rendered":"https:\/\/societyofthemostholyredeemer.org\/?p=8328"},"modified":"2025-06-19T00:07:26","modified_gmt":"2025-06-19T00:07:26","slug":"preparing-for-the-patronage-of-st-joseph","status":"publish","type":"post","link":"https:\/\/societyofthemostholyredeemer.org\/pt\/2025\/04\/29\/preparing-for-the-patronage-of-st-joseph\/","title":{"rendered":"PREPARANDO-SE PARA O PATROC\u00cdNIO DE ST. JOSEPH"},"content":{"rendered":"<div data-elementor-type=\"wp-post\" data-elementor-id=\"8328\" class=\"elementor elementor-8328\" data-elementor-post-type=\"post\">\n\t\t\t\t<div class=\"elementor-element elementor-element-0444b93 e-flex e-con-boxed e-con e-parent\" data-id=\"0444b93\" data-element_type=\"container\" data-e-type=\"container\">\n\t\t\t\t\t<div class=\"e-con-inner\">\n\t\t\t\t<div class=\"elementor-element elementor-element-9a7965a elementor-widget__width-inherit elementor-widget elementor-widget-text-editor\" data-id=\"9a7965a\" data-element_type=\"widget\" data-e-type=\"widget\" data-widget_type=\"text-editor.default\">\n\t\t\t\t<div class=\"elementor-widget-container\">\n\t\t\t\t\t\t\t\t\t<p>\u00a0 \u00a0 \u00a0No calend\u00e1rio lit\u00fargico anterior a 1955, o <em>Solenidade de S\u00e3o Jos\u00e9, Esposo da Bem-Aventurada Virgem Maria, Confessor e Patrono da Igreja Universal<\/em>A festa da P\u00e1scoa, que ocorre na terceira quarta-feira ap\u00f3s a P\u00e1scoa.  A festa tem o grau de Dupla de Primeira Classe com uma Oitava Comum.  A Society of the Most Holy Redeemer se prepara para a solenidade - celebrada em 7 de maio deste ano - com uma novena que come\u00e7a em 28 de abril.  Aqui est\u00e1 uma <a href=\"https:\/\/societyofthemostholyredeemer.org\/pt\/prayers-to-st-joseph\/\">link para algumas ora\u00e7\u00f5es<\/a> em homenagem a S\u00e3o Jos\u00e9, que pode ser usada como uma novena, ou a novena \"milagrosa\", <a href=\"https:\/\/societyofthemostholyredeemer.org\/pt\/miraculous-30-day-novena-to-st-joseph\/\">encontrado aqui<\/a>O produto pode ser usado por nove dias.<\/p><p>\u00a0 \u00a0 \u00a0Este ano, n\u00f3s, membros da Sociedade, estamos usando o <a href=\"https:\/\/societyofthemostholyredeemer.org\/pt\/seven-sorrows-and-seven-joys-of-st-joseph\/\">\"Devo\u00e7\u00e3o \u00e0s Sete Dores e \u00e0s Sete Alegrias de S\u00e3o Jos\u00e9\"<\/a> e o incentivamos a se juntar a n\u00f3s.  Precisamos da prote\u00e7\u00e3o de S\u00e3o Jos\u00e9 ainda mais este ano, pois Roma est\u00e1 se preparando para um conclave papal.  S\u00e3o Jos\u00e9, ore por n\u00f3s e obtenha para n\u00f3s um papa santo.<\/p>\t\t\t\t\t\t\t\t<\/div>\n\t\t\t\t<\/div>\n\t\t\t\t\t<\/div>\n\t\t\t\t<\/div>\n\t\t\t\t<\/div>","protected":false},"excerpt":{"rendered":"<p>No calend\u00e1rio lit\u00fargico anterior a 1955, a Solenidade de S\u00e3o Jos\u00e9, Esposo da Bem-Aventurada Virgem Maria, Confessor e Patrono da Igreja Universal, ocorre na terceira quarta-feira ap\u00f3s a P\u00e1scoa.  A festa tem a classifica\u00e7\u00e3o de Duplo do Primeiro ... <a class=\"continue_reading\" href=\"https:\/\/societyofthemostholyredeemer.org\/pt\/2025\/04\/29\/preparing-for-the-patronage-of-st-joseph\/\">Continuar lendo <span class=\"meta-nav\"><i class=\"fa fa-caret-right\" aria-hidden=\"true\"><\/i><\/span><\/a><\/p>","protected":false},"author":3,"featured_media":8264,"comment_status":"open","ping_status":"open","sticky":false,"template":"","format":"standard","meta":{"_acf_changed":false,"footnotes":""},"categories":[39],"tags":[],"class_list":["post-8328","post","type-post","status-publish","format-standard","has-post-thumbnail","hentry","category-novenas"],"acf":[],"_links":{"self":[{"href":"https:\/\/societyofthemostholyredeemer.org\/pt\/wp-json\/wp\/v2\/posts\/8328","targetHints":{"allow":["GET"]}}],"collection":[{"href":"https:\/\/societyofthemostholyredeemer.org\/pt\/wp-json\/wp\/v2\/posts"}],"about":[{"href":"https:\/\/societyofthemostholyredeemer.org\/pt\/wp-json\/wp\/v2\/types\/post"}],"author":[{"embeddable":true,"href":"https:\/\/societyofthemostholyredeemer.org\/pt\/wp-json\/wp\/v2\/users\/3"}],"replies":[{"embeddable":true,"href":"https:\/\/societyofthemostholyredeemer.org\/pt\/wp-json\/wp\/v2\/comments?post=8328"}],"version-history":[{"count":11,"href":"https:\/\/societyofthemostholyredeemer.org\/pt\/wp-json\/wp\/v2\/posts\/8328\/revisions"}],"predecessor-version":[{"id":9609,"href":"https:\/\/societyofthemostholyredeemer.org\/pt\/wp-json\/wp\/v2\/posts\/8328\/revisions\/9609"}],"wp:featuredmedia":[{"embeddable":true,"href":"https:\/\/societyofthemostholyredeemer.org\/pt\/wp-json\/wp\/v2\/media\/8264"}],"wp:attachment":[{"href":"https:\/\/societyofthemostholyredeemer.org\/pt\/wp-json\/wp\/v2\/media?parent=8328"}],"wp:term":[{"taxonomy":"category","embeddable":true,"href":"https:\/\/societyofthemostholyredeemer.org\/pt\/wp-json\/wp\/v2\/categories?post=8328"},{"taxonomy":"post_tag","embeddable":true,"href":"https:\/\/societyofthemostholyredeemer.org\/pt\/wp-json\/wp\/v2\/tags?post=8328"}],"curies":[{"name":"wp","href":"https:\/\/api.w.org\/{rel}","templated":true}]}}