{"id":8743,"date":"2025-05-14T19:33:58","date_gmt":"2025-05-14T19:33:58","guid":{"rendered":"https:\/\/societyofthemostholyredeemer.org\/?p=8743"},"modified":"2025-05-14T19:55:06","modified_gmt":"2025-05-14T19:55:06","slug":"saint-joseph-so-much-more-than-a-worker","status":"publish","type":"post","link":"https:\/\/societyofthemostholyredeemer.org\/pt\/2025\/05\/14\/saint-joseph-so-much-more-than-a-worker\/","title":{"rendered":"S\u00c3O JOS\u00c9: MUITO MAIS DO QUE UM TRABALHADOR"},"content":{"rendered":"<div data-elementor-type=\"wp-post\" data-elementor-id=\"8743\" class=\"elementor elementor-8743\" data-elementor-post-type=\"post\">\n\t\t\t\t<div class=\"elementor-element elementor-element-cdac05d e-flex e-con-boxed e-con e-parent\" data-id=\"cdac05d\" data-element_type=\"container\" data-e-type=\"container\">\n\t\t\t\t\t<div class=\"e-con-inner\">\n\t\t\t\t<div class=\"elementor-element elementor-element-719957d elementor-widget elementor-widget-text-editor\" data-id=\"719957d\" data-element_type=\"widget\" data-e-type=\"widget\" data-widget_type=\"text-editor.default\">\n\t\t\t\t<div class=\"elementor-widget-container\">\n\t\t\t\t\t\t\t\t\t<p>\u00a0 \u00a0 \u00a0No calend\u00e1rio lit\u00fargico anterior a 1955, hoje (14 de maio) \u00e9 o Dia da Oitava da <em>Patronato de S\u00e3o Jos\u00e9<\/em>.  Para os padres que seguem esse calend\u00e1rio, o <em>Solenidade de S\u00e3o Jos\u00e9, Esposo da Bem-Aventurada Virgem Maria e Patrono da Igreja Universal<\/em> tem sido comemorada todos os dias ap\u00f3s a terceira quarta-feira depois da festa da P\u00e1scoa.  Aqueles que seguem um calend\u00e1rio posterior comemoram <em>S\u00e3o Jos\u00e9 Oper\u00e1rio<\/em> em 1\u00ba de maio, o mesmo dia em que os comunistas sa\u00fadam o \"trabalhador\" gen\u00e9rico e os pag\u00e3os celebram seu festival de Beltane.<\/p><p>\u00a0 \u00a0 \u00a0Se algu\u00e9m tivesse que apontar um \u00fanico evento que demonstrasse a prontid\u00e3o para a revolu\u00e7\u00e3o do Conc\u00edlio Vaticano II, a substitui\u00e7\u00e3o da Festa do Patroc\u00ednio de S\u00e3o Jos\u00e9 teria que ser considerada.<\/p><p><u>Uma breve hist\u00f3ria das festas:<\/u><\/p><p>\u00a0 \u00a0 \u00a0De acordo com Dom Gueranger no <em>Ano Lit\u00fargico<\/em>Em 1847, o Papa Pio IX estabeleceu a Festa do Patroc\u00ednio por meio de um Decreto Apost\u00f3lico datado de 10 de setembro de 1847.  Essa devo\u00e7\u00e3o a S\u00e3o Jos\u00e9, j\u00e1 permitida aos carmelitas e a v\u00e1rias dioceses em todo o mundo h\u00e1 mais de um s\u00e9culo, deveria ser mantida em toda a Igreja Universal.  Dom Gueranger escreveu:<\/p><p style=\"padding-left: 40px;\">\"A Igreja estava \u00e0s v\u00e9speras de severas prova\u00e7\u00f5es; e seu glorioso Pont\u00edfice, Pio IX, por um instinto sagrado, foi levado a atrair sobre o rebanho a ele confiado a poderosa prote\u00e7\u00e3o de S\u00e3o Jos\u00e9, que certamente nunca teve maiores mis\u00e9rias e perigos para evitar do mundo do que aqueles que amea\u00e7am a era atual.\"<\/p><p>\u00a0 \u00a0 \u00a0A festa tinha a classifica\u00e7\u00e3o de Duplo da Primeira Classe.  Tamb\u00e9m era uma festa m\u00f3vel - a ser celebrada no terceiro domingo ap\u00f3s a P\u00e1scoa (posteriormente alterada pelo Papa S\u00e3o Pio X para a terceira quarta-feira ap\u00f3s a P\u00e1scoa, que tamb\u00e9m acrescentou a oitava comum).  S\u00e3o Jos\u00e9 foi o \u00fanico santo, com exce\u00e7\u00e3o da Sant\u00edssima Virgem Maria, a ser privilegiado com um dia de festa vinculado \u00e0 P\u00e1scoa.  E essa honra exclusiva parece justa, dada a participa\u00e7\u00e3o \u00edntima de S\u00e3o Jos\u00e9 na hist\u00f3ria da Reden\u00e7\u00e3o.<\/p><p>\u00a0 \u00a0 \u00a0Durante o pontificado de Pio XII, a Solenidade do Padroado foi removida e substitu\u00edda pela Festa de S\u00e3o Jos\u00e9 Oper\u00e1rio, na data fixa de 1\u00ba de maio.  Da Wikip\u00e9dia:<\/p><p style=\"padding-left: 40px;\">\u00a0 \u00a0 \u00a0\"Em 1955, o Papa Pio XII introduziu em seu lugar [ou seja, a Solenidade do Patroc\u00ednio] a festa de <em>S\u00e3o Jos\u00e9 Oper\u00e1rio<\/em> em 1\u00ba de maio no Calend\u00e1rio Romano Geral como uma contrapartida eclesi\u00e1stica ao Dia Internacional dos Trabalhadores no mesmo dia.  Isso reflete o status de S\u00e3o Jos\u00e9 como patrono dos trabalhadores.  Pio XII estabeleceu a festa tanto para honrar S\u00e3o Jos\u00e9 quanto para conscientizar as pessoas sobre a dignidade do trabalho humano.\"<\/p><p><u>A mudan\u00e7a do dia da festa \u00e9 importante?<\/u><\/p><p>\u00a0 \u00a0 \u00a0A dignidade exaltada de S\u00e3o Jos\u00e9 deriva do papel singular para o qual Deus, o Pai, o escolheu dentre todos os outros homens: ser o protetor da Bem-Aventurada Virgem Maria e exercer os direitos e as responsabilidades da paternidade sobre o Filho de Deus feito homem.  Trabalhar era uma parte necess\u00e1ria de seu papel como provedor da Sagrada Fam\u00edlia, mas n\u00e3o era uma caracter\u00edstica que o definia.  Todos os homens s\u00e3o obrigados, desde a Queda de Ad\u00e3o, a trabalhar.  O<em> Ladainha de S\u00e3o Jos\u00e9<\/em> cont\u00e9m outros t\u00edtulos gloriosos sob os quais a Igreja o honra, muitos dos quais se aplicam exclusivamente a ele.  S\u00e3o Jos\u00e9 \u00e9 muito mais do que um trabalhador.<\/p><p>\u00a0 \u00a0 \u00a0Foi uma extens\u00e3o l\u00f3gica escolher o protetor da Sagrada Fam\u00edlia para ser o protetor da Igreja Universal.  Os perigos para a Igreja em 1955 eram ainda maiores do que os de 1847, quando a festa do Padroado foi estabelecida, e ainda assim a nova festa desviou a aten\u00e7\u00e3o da supervis\u00e3o paterna de S\u00e3o Jos\u00e9 e a colocou para competir com os inimigos da Igreja usando sua data, seu idioma e suas instala\u00e7\u00f5es.  Ao fixar a data da celebra\u00e7\u00e3o festiva, ela retomou uma prerrogativa anteriormente concedida a S\u00e3o Jos\u00e9.  Ela removeu o elemento sobrenatural da interven\u00e7\u00e3o celestial e se concentrou no elemento humano da dignidade do trabalho e do trabalhador.  Essa mudan\u00e7a no dia da festa poderia ter surgido da mesma fonte ideol\u00f3gica que levaria, alguns anos depois, o Vaticano II a exaltar \"a dignidade do homem\"?<\/p><p>\u00a0 \u00a0 \u00a0Pode-se especular que, ao remover a festa do Patroc\u00ednio de S\u00e3o Jos\u00e9, a prote\u00e7\u00e3o que S\u00e3o Jos\u00e9 vinha oferecendo tamb\u00e9m foi removida.  Ser\u00e1 que o Conc\u00edlio Vaticano II teria sido realizado se a Igreja tivesse continuado a invocar a prote\u00e7\u00e3o de S\u00e3o Jos\u00e9 em todos os seus atributos, mas especialmente como patrono da Igreja Universal?<\/p><p>\u00a0 \u00a0 \u00a0Pode-se tamb\u00e9m conjecturar que o fato de louvar S\u00e3o Jos\u00e9 apenas como um trabalhador minimizou e obscureceu o aspecto do patriarcado.  Afinal de contas, os comunistas n\u00e3o fazem distin\u00e7\u00e3o entre homens e mulheres em sua idealiza\u00e7\u00e3o do trabalhador e, de fato, enfatizam a igualdade entre os sexos.  Ser\u00e1 que \u00e9 mera coincid\u00eancia o fato de o papel do pai ter sido menosprezado e a estrutura da fam\u00edlia nuclear ter sido desfeita nos tempos modernos?<\/p><p>\u00a0 \u00a0 \u00a0Outro ponto referente ao dia 1\u00ba de maio merece ser mencionado.  Antes de 1955, o primeiro de maio j\u00e1 era um dia de festa importante na Igreja Universal: o dos Ap\u00f3stolos Filipe e Tiago, dois dos pastores originais da Igreja que derramaram seu sangue em defesa da f\u00e9.  A tradi\u00e7\u00e3o considera o dia 1\u00ba de maio como o anivers\u00e1rio da translada\u00e7\u00e3o de seus corpos para Roma.  Ser\u00e1 que a homenagem a esses dois ap\u00f3stolos nesse dia - e especialmente a S\u00e3o Tiago, que foi chamado nas Escrituras Sagradas de <em>Irm\u00e3o do Senhor<\/em> (Gal. i., 19 e em outros lugares) e recomendados por nosso Salvador para proteger a Igreja em Jerusal\u00e9m - fornecem um contrapeso \u00e0 observ\u00e2ncia comunista\/pag\u00e3 do dia 1\u00ba de maio?  Ser\u00e1 que colocar S\u00e3o Jos\u00e9 Oper\u00e1rio em seu lugar diminuiu a propaga\u00e7\u00e3o do comunismo, em todas as suas formas, em todo o mundo?<\/p><p>\u00a0 \u00a0 \u00a0O que \u00e9 certo \u00e9 que a crise de f\u00e9 e moral na Igreja continua inabal\u00e1vel desde a altera\u00e7\u00e3o da liturgia em 1955.  Fomos advertidos por Nossa Senhora; o pr\u00f3prio Papa Pio XII expressou sua preocupa\u00e7\u00e3o com isso e, ainda assim, permitiu que v\u00e1rias mudan\u00e7as ocorressem durante seu pontificado.  Oramos para que a revolu\u00e7\u00e3o na Igreja seja contida e suas Tradi\u00e7\u00f5es Sagradas sejam restauradas, incluindo os privil\u00e9gios especiais concedidos a S\u00e3o Jos\u00e9 e a outros santos que est\u00e3o refletidos na liturgia e no calend\u00e1rio tridentinos anteriores a 1955.\u00a0<\/p><p style=\"text-align: center;\"><em>SANTO JOS\u00c9, ESPOSO DA BEM-AVENTURADA VIRGEM MARIA E PATRONO DA IGREJA UNIVERSAL, ROGAI POR N\u00d3S!<\/em><\/p>\t\t\t\t\t\t\t\t<\/div>\n\t\t\t\t<\/div>\n\t\t\t\t\t<\/div>\n\t\t\t\t<\/div>\n\t\t\t\t<\/div>","protected":false},"excerpt":{"rendered":"<p>No calend\u00e1rio lit\u00fargico anterior a 1955, hoje (14 de maio) \u00e9 o Dia da Oitava do Patroc\u00ednio de S\u00e3o Jos\u00e9.  Para os sacerdotes que seguem esse calend\u00e1rio, a Solenidade de S\u00e3o Jos\u00e9, Esposo da Bem-Aventurada Virgem Maria e Patrono da ... <a class=\"continue_reading\" href=\"https:\/\/societyofthemostholyredeemer.org\/pt\/2025\/05\/14\/saint-joseph-so-much-more-than-a-worker\/\">Continuar lendo <span class=\"meta-nav\"><i class=\"fa fa-caret-right\" aria-hidden=\"true\"><\/i><\/span><\/a><\/p>","protected":false},"author":3,"featured_media":8264,"comment_status":"open","ping_status":"open","sticky":false,"template":"","format":"standard","meta":{"_acf_changed":false,"footnotes":""},"categories":[25],"tags":[],"class_list":["post-8743","post","type-post","status-publish","format-standard","has-post-thumbnail","hentry","category-liturgical-calendar"],"acf":[],"_links":{"self":[{"href":"https:\/\/societyofthemostholyredeemer.org\/pt\/wp-json\/wp\/v2\/posts\/8743","targetHints":{"allow":["GET"]}}],"collection":[{"href":"https:\/\/societyofthemostholyredeemer.org\/pt\/wp-json\/wp\/v2\/posts"}],"about":[{"href":"https:\/\/societyofthemostholyredeemer.org\/pt\/wp-json\/wp\/v2\/types\/post"}],"author":[{"embeddable":true,"href":"https:\/\/societyofthemostholyredeemer.org\/pt\/wp-json\/wp\/v2\/users\/3"}],"replies":[{"embeddable":true,"href":"https:\/\/societyofthemostholyredeemer.org\/pt\/wp-json\/wp\/v2\/comments?post=8743"}],"version-history":[{"count":5,"href":"https:\/\/societyofthemostholyredeemer.org\/pt\/wp-json\/wp\/v2\/posts\/8743\/revisions"}],"predecessor-version":[{"id":8749,"href":"https:\/\/societyofthemostholyredeemer.org\/pt\/wp-json\/wp\/v2\/posts\/8743\/revisions\/8749"}],"wp:featuredmedia":[{"embeddable":true,"href":"https:\/\/societyofthemostholyredeemer.org\/pt\/wp-json\/wp\/v2\/media\/8264"}],"wp:attachment":[{"href":"https:\/\/societyofthemostholyredeemer.org\/pt\/wp-json\/wp\/v2\/media?parent=8743"}],"wp:term":[{"taxonomy":"category","embeddable":true,"href":"https:\/\/societyofthemostholyredeemer.org\/pt\/wp-json\/wp\/v2\/categories?post=8743"},{"taxonomy":"post_tag","embeddable":true,"href":"https:\/\/societyofthemostholyredeemer.org\/pt\/wp-json\/wp\/v2\/tags?post=8743"}],"curies":[{"name":"wp","href":"https:\/\/api.w.org\/{rel}","templated":true}]}}