{"id":9028,"date":"2025-05-26T14:26:22","date_gmt":"2025-05-26T14:26:22","guid":{"rendered":"https:\/\/societyofthemostholyredeemer.org\/?p=9028"},"modified":"2025-06-02T15:28:41","modified_gmt":"2025-06-02T15:28:41","slug":"devotion-to-the-blessed-virgin-mary-completion","status":"publish","type":"post","link":"https:\/\/societyofthemostholyredeemer.org\/pt\/2025\/05\/26\/devotion-to-the-blessed-virgin-mary-completion\/","title":{"rendered":"DEVO\u00c7\u00c3O \u00c0 BEM-AVENTURADA VIRGEM MARIA, conclus\u00e3o"},"content":{"rendered":"<div data-elementor-type=\"wp-post\" data-elementor-id=\"9028\" class=\"elementor elementor-9028\" data-elementor-post-type=\"post\">\n\t\t\t\t<div class=\"elementor-element elementor-element-732e06f e-flex e-con-boxed e-con e-parent\" data-id=\"732e06f\" data-element_type=\"container\" data-e-type=\"container\">\n\t\t\t\t\t<div class=\"e-con-inner\">\n\t\t\t\t<div class=\"elementor-element elementor-element-f33ecb8 elementor-widget__width-inherit elementor-widget elementor-widget-text-editor\" data-id=\"f33ecb8\" data-element_type=\"widget\" data-e-type=\"widget\" data-widget_type=\"text-editor.default\">\n\t\t\t\t<div class=\"elementor-widget-container\">\n\t\t\t\t\t\t\t\t\t<p>\u00a0 \u00a0 \u00a0Conclu\u00edmos nossa s\u00e9rie de ora\u00e7\u00f5es e medita\u00e7\u00f5es em homenagem \u00e0 Sant\u00edssima Virgem Maria sob seus v\u00e1rios t\u00edtulos durante esta \u00faltima semana do m\u00eas de maio.<\/p>\t\t\t\t\t\t\t\t<\/div>\n\t\t\t\t<\/div>\n\t\t\t\t\t<\/div>\n\t\t\t\t<\/div>\n\t\t<div class=\"elementor-element elementor-element-1ac2ce4 e-flex e-con-boxed e-con e-parent\" data-id=\"1ac2ce4\" data-element_type=\"container\" data-e-type=\"container\">\n\t\t\t\t\t<div class=\"e-con-inner\">\n\t\t\t\t<div class=\"elementor-element elementor-element-f811bd5 elementor-widget__width-inherit elementor-widget elementor-widget-accordion\" data-id=\"f811bd5\" data-element_type=\"widget\" data-e-type=\"widget\" data-widget_type=\"accordion.default\">\n\t\t\t\t<div class=\"elementor-widget-container\">\n\t\t\t\t\t\t\t<div class=\"elementor-accordion\">\n\t\t\t\t\t\t\t<div class=\"elementor-accordion-item\">\n\t\t\t\t\t<div id=\"elementor-tab-title-2601\" class=\"elementor-tab-title\" data-tab=\"1\" role=\"button\" aria-controls=\"elementor-tab-content-2601\" aria-expanded=\"false\">\n\t\t\t\t\t\t\t\t\t\t\t\t\t<span class=\"elementor-accordion-icon elementor-accordion-icon-left\" aria-hidden=\"true\">\n\t\t\t\t\t\t\t\t\t\t\t\t\t\t\t<span class=\"elementor-accordion-icon-closed\"><i class=\"fas fa-plus\"><\/i><\/span>\n\t\t\t\t\t\t\t\t<span class=\"elementor-accordion-icon-opened\"><i class=\"fas fa-minus\"><\/i><\/span>\n\t\t\t\t\t\t\t\t\t\t\t\t\t\t<\/span>\n\t\t\t\t\t\t\t\t\t\t\t\t<a class=\"elementor-accordion-title\" tabindex=\"0\">26 a 31 de maio<\/a>\n\t\t\t\t\t<\/div>\n\t\t\t\t\t<div id=\"elementor-tab-content-2601\" class=\"elementor-tab-content elementor-clearfix\" data-tab=\"1\" role=\"region\" aria-labelledby=\"elementor-tab-title-2601\"><\/div>\n\t\t\t\t<\/div>\n\t\t\t\t\t\t\t<div class=\"elementor-accordion-item\">\n\t\t\t\t\t<div id=\"elementor-tab-title-2602\" class=\"elementor-tab-title\" data-tab=\"2\" role=\"button\" aria-controls=\"elementor-tab-content-2602\" aria-expanded=\"false\">\n\t\t\t\t\t\t\t\t\t\t\t\t\t<span class=\"elementor-accordion-icon elementor-accordion-icon-left\" aria-hidden=\"true\">\n\t\t\t\t\t\t\t\t\t\t\t\t\t\t\t<span class=\"elementor-accordion-icon-closed\"><i class=\"fas fa-plus\"><\/i><\/span>\n\t\t\t\t\t\t\t\t<span class=\"elementor-accordion-icon-opened\"><i class=\"fas fa-minus\"><\/i><\/span>\n\t\t\t\t\t\t\t\t\t\t\t\t\t\t<\/span>\n\t\t\t\t\t\t\t\t\t\t\t\t<a class=\"elementor-accordion-title\" tabindex=\"0\">31 DE MAIO - RAINHA DOS AP\u00d3STOLOS<\/a>\n\t\t\t\t\t<\/div>\n\t\t\t\t\t<div id=\"elementor-tab-content-2602\" class=\"elementor-tab-content elementor-clearfix\" data-tab=\"2\" role=\"region\" aria-labelledby=\"elementor-tab-title-2602\"><p style=\"text-align: center;\"><em>Regina Apostolorum - Rainha dos Ap\u00f3stolos<\/em><\/p><p>\u00a0 \u00a0 \u00a0Hoje, 31 de maio de 2025, \u00e9 o s\u00e1bado da oitava da Ascens\u00e3o e, tradicionalmente, \u00e9 o dia de homenagear Nossa Senhora Rainha dos Ap\u00f3stolos.  O dia 31<sup>st<\/sup> de maio \u00e9 tamb\u00e9m a Festa da Realeza da Bem-Aventurada Virgem Maria.  \u00c9 muito apropriado que este dia da semana dedicado a Nossa Senhora, no final do m\u00eas dedicado a Nossa Senhora, tenha ainda mais motivos para celebr\u00e1-la!<\/p><p>\u00a0 \u00a0 \u00a0O seguinte \u00e9 o correto <em>Coletar<\/em> da Missa de Nossa Senhora Rainha dos Ap\u00f3stolos:<\/p><p style=\"padding-left: 40px;\"><em>\u00a0 \u00a0 \u00a0\u00d3 Deus, que concedestes o Esp\u00edrito Santo aos Vossos Ap\u00f3stolos, que oraram de comum acordo com Maria, a M\u00e3e de Jesus: concedei-nos que, sob a prote\u00e7\u00e3o da mesma, Nossa M\u00e3e e Rainha dos Ap\u00f3stolos, possamos servir fielmente \u00e0 Vossa Majestade e difundir a gl\u00f3ria do Vosso Nome pela palavra e pelo exemplo.  Pelo mesmo Cristo, Nosso Senhor, que vive e reina para todo o sempre.  Am\u00e9m.<\/em><\/p><p><b>Considera\u00e7\u00f5es de <em>O novo m\u00eas de Maria<br \/><\/em><\/b>(Very Rev. P.R. Kenrick, 1841)<\/p><p style=\"text-align: center;\"><em>\"E um grande sinal apareceu no c\u00e9u.  Uma mulher vestida do sol, e a lua debaixo dos seus p\u00e9s, e uma coroa de doze estrelas sobre a sua cabe\u00e7a.\" <\/em>- (Apocalipse, xii., 1).<\/p><p>\u00a0 \u00a0 \u00a0Isso \u00e9 entendido por alguns santos Padres sobre a Sant\u00edssima Virgem.  Ela est\u00e1 vestida com o sol, por sua estreita rela\u00e7\u00e3o com Cristo, o sol da Justi\u00e7a; ela tem a lua sob seus p\u00e9s, pois \u00e9 o grande canal da miseric\u00f3rdia de Deus para o homem; e em sua cabe\u00e7a h\u00e1 uma coroa de doze estrelas, porque aquelas doze grandes luzes do mundo, os Ap\u00f3stolos, a reconhecem como sua Rainha e circundam sua cabe\u00e7a com uma nova coroa de gl\u00f3ria.  Como esses disc\u00edpulos escolhidos de Jesus Cristo devem ter amado Maria - a m\u00e3e de seu querido Mestre!  Com que rever\u00eancia eles a consideravam a M\u00e3e dEle, cujo poder eles haviam visto t\u00e3o frequente e maravilhosamente demonstrado e cuja natureza divina o pr\u00f3prio Pai lhes havia revelado por meio de Pedro!  Maria foi a mestra dos Ap\u00f3stolos, porque eles aprenderam com ela muitas das circunst\u00e2ncias que precederam e seguiram o nascimento de Cristo, as quais n\u00e3o poderiam ter conhecido de outra forma, exceto por revela\u00e7\u00e3o expressa.  Ela \u00e9 especialmente mencionada como tendo estado unida a eles em ora\u00e7\u00e3o e retiro, ap\u00f3s a Ascens\u00e3o de nosso Senhor, quando escolheram o ap\u00f3stolo Matias e quando o Esp\u00edrito Santo desceu sobre eles.  Podemos ter certeza de que, como o Esp\u00edrito Divino se comunica na propor\u00e7\u00e3o das disposi\u00e7\u00f5es daqueles que visita, Maria recebeu gra\u00e7as nessa ocasi\u00e3o, o que a tornou admirada pelo col\u00e9gio apost\u00f3lico, pelo maior zelo e const\u00e2ncia que manifestou.  Com tal exemplo diante de si, \u00e9 de se admirar que os ap\u00f3stolos tenham cooperado t\u00e3o fielmente com as gra\u00e7as que ent\u00e3o receberam; e que tenham sa\u00eddo para anunciar as boas novas da salva\u00e7\u00e3o, sem se intimidar com os perigos a que assim se expuseram.  Se, agora, eles s\u00e3o estrelas brilhantes e resplandecentes no c\u00e9u, devem muito de seu sucesso \u00e0 influ\u00eancia do exemplo de Maria e \u00e0 efic\u00e1cia de suas ora\u00e7\u00f5es.<\/p><p><b>Considera\u00e7\u00f5es sobre <\/b><em><b>A Ladainha Ilustrada de Loretto<\/b><br \/><\/em> (Rev. Pe. T.C. Pope, 1878)<\/p><p>CONSIDERA\u00c7\u00c3O II<br \/>\u00a0 \u00a0 \u00a0Os ap\u00f3stolos s\u00e3o chamados por Cristo, <em>Lux mundi, a luz do mundo<\/em>mas Maria \u00e9 digna de um nome mais glorioso e pode, em um sentido restrito, ser chamada de <em>Sol mundi - o Sol do mundo<\/em>; e por qu\u00ea?  Porque, para todos aqueles que a suplicam devotamente, ela obt\u00e9m a luz da gra\u00e7a e irradia com os raios de sua miseric\u00f3rdia todos aqueles que est\u00e3o envolvidos na escurid\u00e3o da adversidade.  A nuvem durante o dia e a coluna de fogo durante a noite, que guiaram os israelitas em sua jornada pelo deserto at\u00e9 a terra da promessa, podem ser consideradas como tipos de Maria, que, de dia e de noite, nos guia em nossa jornada pelo deserto deste mundo at\u00e9 nossa p\u00e1tria celestial.<\/p><p>CONSIDERA\u00c7\u00c3O III<br \/>\u00a0 \u00a0 \u00a0De fato, todos os Ap\u00f3stolos se submetem alegremente a Maria como sua Rainha e proclamam seus louvores, mas especialmente Jo\u00e3o, a quem ela foi designada como m\u00e3e, e Pedro, para quem, depois de ter negado Cristo tr\u00eas vezes, ela obteve gra\u00e7a e perd\u00e3o.  Mateus, com estas poucas palavras, <em>De qua natus est Jesus, qui vocatur Christus - De quem nasceu Jesus, que \u00e9 chamado o Cristo<\/em>O livro de Tom\u00e1s de Aquino, em seu livro, proclama o maior louvor a Maria.  Em seu sepultamento, Thomas fez um discurso admir\u00e1vel, exaltando os louvores de Maria.  Bartolomeu recitava todos os dias cem vezes, e novamente recitava todas as noites cem vezes, o <em>Sauda\u00e7\u00e3o Angelical<\/em>.  Tiago, o Velho, mesmo durante o tempo de vida de Maria, ergueu na Espanha uma capela em sua homenagem.  Mas por que citar tantos exemplos?  Todos os ap\u00f3stolos, em todas as \u00e9pocas, empregaram todos os esfor\u00e7os ao seu alcance para manifestar a honra que tinham por Maria.<\/p><p>ORA\u00c7\u00c3O (de <em>O novo m\u00eas de Maria<\/em>)<\/p><p style=\"padding-left: 40px;\"><em>\u00a0 \u00a0 \u00a0\u00d3 Maria, os Ap\u00f3stolos deixaram todas as coisas para a promo\u00e7\u00e3o da gl\u00f3ria de Deus; os confessores trabalharam incessantemente para o mesmo glorioso objetivo.  V\u00f3s superastes os Ap\u00f3stolos pela perfei\u00e7\u00e3o de vosso sacrif\u00edcio e pelo fervor de vosso zelo; superastes os confessores pela intrepidez com que confessastes Cristo, quando abandonado por todos e expirando na cruz.  \u00d3 Virgem sagrada, obt\u00e9m para mim uma por\u00e7\u00e3o do esp\u00edrito apost\u00f3lico, um zelo por minha pr\u00f3pria salva\u00e7\u00e3o e pela salva\u00e7\u00e3o de meus irm\u00e3os.  Fa\u00e7a com que eu me esforce, por todos os meios ao meu alcance, para estender o reino de seu divino Filho e ofere\u00e7a incessantemente minha ora\u00e7\u00e3o pela convers\u00e3o de todos os que ainda est\u00e3o sentados nas trevas e na sombra da morte, ou que est\u00e3o afastados do \u00fanico rebanho do \u00fanico Pastor, seu divino Filho.  Fa\u00e7a com que eu esteja sempre pronto a confessar Jesus Cristo, tanto por palavras quanto por obras, para que assim, por meio de sua poderosa intercess\u00e3o, (...) eu possa ser reconhecido por Ele, diante de Seu Pai Celestial.  Am\u00e9m.<\/em><\/p><p style=\"text-align: center;\">RAINHA DOS AP\u00d3STOLOS,<br \/>OREM POR N\u00d3S!<\/p><\/div>\n\t\t\t\t<\/div>\n\t\t\t\t\t\t\t<div class=\"elementor-accordion-item\">\n\t\t\t\t\t<div id=\"elementor-tab-title-2603\" class=\"elementor-tab-title\" data-tab=\"3\" role=\"button\" aria-controls=\"elementor-tab-content-2603\" aria-expanded=\"false\">\n\t\t\t\t\t\t\t\t\t\t\t\t\t<span class=\"elementor-accordion-icon elementor-accordion-icon-left\" aria-hidden=\"true\">\n\t\t\t\t\t\t\t\t\t\t\t\t\t\t\t<span class=\"elementor-accordion-icon-closed\"><i class=\"fas fa-plus\"><\/i><\/span>\n\t\t\t\t\t\t\t\t<span class=\"elementor-accordion-icon-opened\"><i class=\"fas fa-minus\"><\/i><\/span>\n\t\t\t\t\t\t\t\t\t\t\t\t\t\t<\/span>\n\t\t\t\t\t\t\t\t\t\t\t\t<a class=\"elementor-accordion-title\" tabindex=\"0\">30 DE MAIO - RAINHA DA PAZ<\/a>\n\t\t\t\t\t<\/div>\n\t\t\t\t\t<div id=\"elementor-tab-content-2603\" class=\"elementor-tab-content elementor-clearfix\" data-tab=\"3\" role=\"region\" aria-labelledby=\"elementor-tab-title-2603\"><p style=\"text-align: center;\"><em>Regina pacis - Rainha da Paz<\/em><\/p><p>\u00a0 \u00a0 \u00a0Esse t\u00edtulo esperan\u00e7oso e consolador foi acrescentado \u00e0 Ladainha de Loreto ap\u00f3s uma carta pastoral de 5 de maio de 1917 do Papa Bento XV, pedindo o fim da Primeira Guerra Mundial:<\/p><p style=\"padding-left: 40px;\">\u00a0 \u00a0 \u00a0\"Nossa voz de s\u00faplica sincera, invocando o fim do vasto conflito, o suic\u00eddio da Europa civilizada, foi ent\u00e3o e tem permanecido desde ent\u00e3o sem ser ouvida. (...) A Maria, ent\u00e3o, que \u00e9 a M\u00e3e da Miseric\u00f3rdia e onipotente pela gra\u00e7a, que o apelo amoroso e devoto suba de todos os cantos da terra - dos templos nobres e das capelas mais pequenas, dos pal\u00e1cios reais e das mans\u00f5es dos ricos como da cabana mais pobre - das plan\u00edcies e dos mares banhados de sangue. Que ele leve a Ela o grito angustiado das m\u00e3es e esposas, o lamento dos pequeninos inocentes, os suspiros de cada cora\u00e7\u00e3o generoso: que Sua mais terna e benigna solicitude possa ser movida e a paz que pedimos seja obtida para nosso mundo agitado.\"<\/p><p>\u00a0 \u00a0 \u00a0Conforme observado no <a href=\"https:\/\/societyofthemostholyredeemer.org\/pt\/2025\/05\/09\/devotion-to-the-blessed-virgin-mary-continued\/\">Postagem de 13 de maio<\/a> Sobre o t\u00edtulo mariano \"Rainha do Sant\u00edssimo Ros\u00e1rio\", essa a\u00e7\u00e3o do Papa parece ter sido um prel\u00fadio para as seis apari\u00e7\u00f5es da Sant\u00edssima Virgem Maria a tr\u00eas crian\u00e7as pastoras em uma \u00e1rea pr\u00f3xima a F\u00e1tima, Portugal, a primeira das quais ocorreu apenas 8 dias ap\u00f3s a carta pastoral.  No decorrer dessas visitas mensais consecutivas de Nossa Senhora em 1917, ela deixou claro que a paz mundial s\u00f3 viria por meio do triunfo de seu Imaculado Cora\u00e7\u00e3o:<\/p><p style=\"padding-left: 40px;\">\u00a0 \u00a0 \u00a0\"Pouco antes de Jacinta morrer, ela disse a L\u00facia: 'Falta pouco tempo para eu ir para o c\u00e9u, mas voc\u00ea deve ficar aqui embaixo para fazer o mundo saber que Nosso Senhor quer que a devo\u00e7\u00e3o ao Imaculado Cora\u00e7\u00e3o de Maria seja estabelecida no mundo (...). Diga a todos que Deus concede gra\u00e7as por meio do Imaculado Cora\u00e7\u00e3o de Maria. Diga-lhes que pe\u00e7am essas gra\u00e7as a ela e que o Cora\u00e7\u00e3o de Jesus deseja ser venerado junto com o Imaculado Cora\u00e7\u00e3o de Sua M\u00e3e. Pe\u00e7a a eles que pe\u00e7am PAZ ao Imaculado Cora\u00e7\u00e3o de Maria, pois o Senhor confiou a PAZ do mundo a ela'\".  (<em>Mensagem de Maria em F\u00e1tima<\/em>(O que \u00e9 o que \u00e9, Padre Lawrence G. Lovasik, S.V.D., Semin\u00e1rio da Miss\u00e3o do Sagrado Cora\u00e7\u00e3o, Girard, PA, 1951).<\/p><p>Aqui est\u00e1 uma ora\u00e7\u00e3o indulgenciada a Nossa Senhora Rainha da Paz:<\/p><p style=\"padding-left: 40px;\"><em>\u00a0 \u00a0 \u00a0Sant\u00edssima Virgem, M\u00e3e de Deus e nossa mais am\u00e1vel M\u00e3e, por vossa maternidade divina merecestes participar da prerrogativa de parentesco universal de vosso divino Filho; N\u00f3s, seus mais humildes servos e filhos devotados, nos sentimos confortados pelo pensamento de que, assim como agradou ao Redentor da humanidade ter sido anunciado pelos profetas e pelos anjos em Bel\u00e9m sob o glorioso t\u00edtulo de Rei da Paz, assim tamb\u00e9m deve ser agrad\u00e1vel e aceit\u00e1vel para voc\u00ea ouvir-se saudada e honrada por n\u00f3s sob o t\u00edtulo de Rainha da Paz, um t\u00edtulo t\u00e3o caro ao seu cora\u00e7\u00e3o materno; \u00e9 uma invoca\u00e7\u00e3o derramada com grande fervor de nossos cora\u00e7\u00f5es.  Que vossa poderosa intercess\u00e3o afaste de vosso povo todo \u00f3dio e disc\u00f3rdia, e dirija seus cora\u00e7\u00f5es nos caminhos da paz e da fraternidade, que Jesus Cristo veio ensinar e impor entre os homens para a prosperidade e seguran\u00e7a de todos, e nos quais os caminhos da santa Igreja n\u00e3o cessam de guiar nossos passos.  \u00d3 gloriosa Rainha, concedei-nos, \u00f3 gloriosa Rainha, considerar com olhos bondosos e coroar de \u00eaxito a paternal solicitude com que o Soberano Pont\u00edfice, o Vig\u00e1rio na terra de vosso divino Filho, procura continuamente reunir e unir as na\u00e7\u00f5es em torno do \u00fanico centro da f\u00e9 salvadora; concedei que tamb\u00e9m a n\u00f3s, em submiss\u00e3o filial ao nosso Pai comum, seja dado corresponder de todo o cora\u00e7\u00e3o aos seus salutares des\u00edgnios.  Ilumine os governantes de nosso pa\u00eds com rela\u00e7\u00e3o a esses mesmos des\u00edgnios; estimule e mantenha a paz e a conc\u00f3rdia em nossas fam\u00edlias, a paz em nossos cora\u00e7\u00f5es e a caridade crist\u00e3 em todo o mundo.  Am\u00e9m.<\/em> \u00a0(S. P. Ap. 5 de julho de 1927 e 12 de julho de 1932)<\/p><p style=\"text-align: center;\">RAINHA DA PAZ,<br \/>OREM POR N\u00d3S!<\/p><\/div>\n\t\t\t\t<\/div>\n\t\t\t\t\t\t\t<div class=\"elementor-accordion-item\">\n\t\t\t\t\t<div id=\"elementor-tab-title-2604\" class=\"elementor-tab-title\" data-tab=\"4\" role=\"button\" aria-controls=\"elementor-tab-content-2604\" aria-expanded=\"false\">\n\t\t\t\t\t\t\t\t\t\t\t\t\t<span class=\"elementor-accordion-icon elementor-accordion-icon-left\" aria-hidden=\"true\">\n\t\t\t\t\t\t\t\t\t\t\t\t\t\t\t<span class=\"elementor-accordion-icon-closed\"><i class=\"fas fa-plus\"><\/i><\/span>\n\t\t\t\t\t\t\t\t<span class=\"elementor-accordion-icon-opened\"><i class=\"fas fa-minus\"><\/i><\/span>\n\t\t\t\t\t\t\t\t\t\t\t\t\t\t<\/span>\n\t\t\t\t\t\t\t\t\t\t\t\t<a class=\"elementor-accordion-title\" tabindex=\"0\">29 DE MAIO - RAINHA ASSUMIDA NO C\u00c9U<\/a>\n\t\t\t\t\t<\/div>\n\t\t\t\t\t<div id=\"elementor-tab-content-2604\" class=\"elementor-tab-content elementor-clearfix\" data-tab=\"4\" role=\"region\" aria-labelledby=\"elementor-tab-title-2604\"><p style=\"text-align: center;\"><em>Regina in caelum assumpta - Rainha assumida no c\u00e9u<\/em><\/p><p style=\"text-align: center;\">\"Qu\u00e3o glorioso foi o Triunfo de Maria quando ela ascendeu ao C\u00e9u.  Qu\u00e3o exaltado foi o Trono ao qual ela foi elevada.\" <br \/>(Santo Afonso de Lig\u00f3rio,<em> As Gl\u00f3rias de Maria<\/em>)<\/p><p>\u00a0 \u00a0 \u00a0Esse excelente t\u00edtulo da Bem-Aventurada Virgem Maria tem certas semelhan\u00e7as com aquele que o precede imediatamente na Ladainha de Loreto: \"<em>Regina sine labe originali concepta<\/em> - Rainha concebida sem o pecado original\"; no entanto, a devo\u00e7\u00e3o a Nossa Senhora sob esse t\u00edtulo come\u00e7ou muito antes de a Igreja proclamar o respectivo dogma.  A Assun\u00e7\u00e3o de Santa Maria tem sido acreditada e ensinada pela Igreja desde a \u00e9poca dos Ap\u00f3stolos, que foram testemunhas de seu t\u00famulo vazio.  O t\u00edtulo <em>Regina in caelum assumpta<\/em> foi acrescentado \u00e0 Ladainha de Loreto em 1951 pelo Papa Pio XII.<\/p><p>\u00a0 \u00a0 \u00a0Na constitui\u00e7\u00e3o apost\u00f3lica <em>Munificentissimus Deus<\/em>A Declara\u00e7\u00e3o de F\u00e9, promulgada pelo Papa Pio XII em 1\u00ba de novembro de 1950, definiu a doutrina infal\u00edvel de que Maria, a santa M\u00e3e de Deus, foi assumida em corpo e alma no c\u00e9u.  Ele n\u00e3o faz nenhuma declara\u00e7\u00e3o sobre se ou como a Sant\u00edssima Virgem morreu.  A tradi\u00e7\u00e3o afirma que Nossa Senhora de fato morreu - para se conformar, o mais pr\u00f3ximo poss\u00edvel, \u00e0 vida de seu Divino Filho - mas sem dor ou degrada\u00e7\u00e3o de seu corpo virginal.  Santo Afonso escreveu dois discursos teol\u00f3gicos sobre a Assun\u00e7\u00e3o de Maria, o primeiro sobre a morte de Maria e o segundo sobre a entrada de Maria no c\u00e9u.  Ambos os escritos podem ser encontrados na obra asc\u00e9tica de Santo Afonso <em>As Gl\u00f3rias de Maria<\/em>.<\/p><p>\u00a0 \u00a0 \u00a0No calend\u00e1rio anterior a 1955, a Festa da Assun\u00e7\u00e3o \u00e9 uma Dupla de Primeira Classe com Vig\u00edlia e uma Oitava Comum.  Aqui est\u00e1 o calend\u00e1rio adequado <em>Coletar<\/em> da missa <em>Signum magnum<\/em>:<\/p><p style=\"padding-left: 40px;\"><em>\u00a0 \u00a0 \u00a0Deus Todo-Poderoso e Eterno, que levaste em corpo e alma para o c\u00e9u a Imaculada Virgem Maria, M\u00e3e de Teu Filho, concedei-nos que, mantendo firmemente o c\u00e9u como nossa meta, sejamos considerados dignos de nos unirmos a ela na gl\u00f3ria.  Pelo mesmo Jesus Cristo, nosso Senhor, que vive e reina, sem fim.  Am\u00e9m.<\/em><\/p><p>\u00a0 \u00a0 \u00a0Observe que alguns dos missais pr\u00e9-1955 ainda em uso foram publicados antes de 1950, e a missa encontrada nesses missais para a Festa da Assun\u00e7\u00e3o, 15 de agosto, \u00e9 <em>Gaudeamus omnes<\/em>.<\/p><p>\u00a0 \u00a0 \u00a0A seguir, uma ora\u00e7\u00e3o de <em>Livro de Ora\u00e7\u00f5es de Santo Afonso<\/em>(1888), pelo Rev. Padre St. Omer:<\/p><p style=\"padding-left: 40px;\"><em>\u00a0 \u00a0 \u00a0\u00d3 dulc\u00edssima Senhora e nossa M\u00e3e, voc\u00ea j\u00e1 deixou a terra e chegou ao seu reino, onde, como rainha, est\u00e1 entronizada acima de todos os coros de anjos, como canta a Igreja: \"Ela \u00e9 exaltada acima dos coros de anjos no reino celestial\".  Sabemos muito bem que n\u00f3s, pecadores, n\u00e3o somos dignos de possu\u00ed-la neste vale de trevas; mas tamb\u00e9m sabemos que voc\u00ea, em sua grandeza, nunca se esqueceu de n\u00f3s, criaturas miser\u00e1veis, e que, embora exaltada a t\u00e3o grande gl\u00f3ria, nunca perdeu a compaix\u00e3o por n\u00f3s, pobres filhos de Ad\u00e3o; n\u00e3o, at\u00e9 mesmo que ela aumentou em voc\u00ea.  Do alto trono, portanto, ao qual voc\u00ea foi exaltada, volte, \u00f3 Maria, seus olhos compassivos para n\u00f3s e tenha piedade de n\u00f3s.  Lembre-se, tamb\u00e9m, de que, ao deixar este mundo, voc\u00ea prometeu n\u00e3o nos esquecer.  Olhai para n\u00f3s e socorrei-nos.  Veja em meio a que tempestades e perigos estaremos constantemente at\u00e9 o fim de nossas vidas.  Pelos m\u00e9ritos de sua morte feliz, obtenha-nos a santa perseveran\u00e7a na amizade divina, para que possamos finalmente deixar esta vida na gra\u00e7a de Deus; e assim, um dia, n\u00f3s tamb\u00e9m beijaremos seus p\u00e9s no para\u00edso e nos uniremos aos esp\u00edritos aben\u00e7oados para louv\u00e1-lo e cantar suas gl\u00f3rias, como voc\u00ea merece.  Am\u00e9m.<\/em><\/p><p style=\"text-align: center;\">RAINHA ASSUMIDA NO C\u00c9U,<br \/>OREM POR N\u00d3S!<\/p><\/div>\n\t\t\t\t<\/div>\n\t\t\t\t\t\t\t<div class=\"elementor-accordion-item\">\n\t\t\t\t\t<div id=\"elementor-tab-title-2605\" class=\"elementor-tab-title\" data-tab=\"5\" role=\"button\" aria-controls=\"elementor-tab-content-2605\" aria-expanded=\"false\">\n\t\t\t\t\t\t\t\t\t\t\t\t\t<span class=\"elementor-accordion-icon elementor-accordion-icon-left\" aria-hidden=\"true\">\n\t\t\t\t\t\t\t\t\t\t\t\t\t\t\t<span class=\"elementor-accordion-icon-closed\"><i class=\"fas fa-plus\"><\/i><\/span>\n\t\t\t\t\t\t\t\t<span class=\"elementor-accordion-icon-opened\"><i class=\"fas fa-minus\"><\/i><\/span>\n\t\t\t\t\t\t\t\t\t\t\t\t\t\t<\/span>\n\t\t\t\t\t\t\t\t\t\t\t\t<a class=\"elementor-accordion-title\" tabindex=\"0\">28 DE MAIO - RAINHA CONCEBIDA SEM PECADO ORIGINAL<\/a>\n\t\t\t\t\t<\/div>\n\t\t\t\t\t<div id=\"elementor-tab-content-2605\" class=\"elementor-tab-content elementor-clearfix\" data-tab=\"5\" role=\"region\" aria-labelledby=\"elementor-tab-title-2605\"><p style=\"text-align: center;\"><em>Regina sine labe originali concepta - Rainha concebida sem pecado original<\/em><\/p><p style=\"text-align: center;\">\"Como era conveniente que cada uma das Tr\u00eas Pessoas Divinas preservasse Maria do Pecado Original\" (Santo Afonso de Lig\u00f3rio,<em> As Gl\u00f3rias de Maria<\/em>)<\/p><p>\u00a0 \u00a0 \u00a0Esse belo t\u00edtulo referente a um privil\u00e9gio singular concedido \u00e0 Sant\u00edssima Virgem Maria tem sido usado h\u00e1 s\u00e9culos, embora n\u00e3o tenha sido acrescentado \u00e0 Ladainha de Loreto at\u00e9 muito mais tarde.  De acordo com Dom Gueranger em <em>O Ano Lit\u00fargico<\/em>Em sua homilia, Nosso Senhor revelou a Seus Ap\u00f3stolos a verdade de que a \"plenitude da gra\u00e7a estava em Maria desde o primeiro instante de sua exist\u00eancia.  Ela \u00e9 a futura M\u00e3e de Deus, e sempre foi santa, sempre foi pura, sempre foi Imaculada\".  E isso foi \"acreditado por cada gera\u00e7\u00e3o do povo crist\u00e3o com uma explicita\u00e7\u00e3o cada vez maior...\"  Muito antes da proclama\u00e7\u00e3o do dogma da Imaculada Concei\u00e7\u00e3o em 1854 pelo Papa Pio IX, a Igreja celebrava a Concep\u00e7\u00e3o de Maria em 8 de dezembro.  Al\u00e9m disso, antes de o dogma ser promulgado, a Sant\u00edssima Virgem apareceu a Santa Catarina Labour\u00e9, em 1830, e ordenou a cria\u00e7\u00e3o da \"Medalha Milagrosa\", contendo a inscri\u00e7\u00e3o \"\u00d3 Maria concebida sem pecado, rogai por n\u00f3s que recorremos a v\u00f3s\".  Em 1839, o Papa Greg\u00f3rio permitiu que algumas dioceses acrescentassem \u00e0 Ladainha de Loreto o t\u00edtulo <em>\"Regina sine labe originali concepta,\"<\/em> que foi ent\u00e3o estendido \u00e0 Igreja universal ap\u00f3s a Bula Papal de 1854 <em>Ineffabilis Deus<\/em>.\u00a0<\/p><p>\u00a0 \u00a0 \u00a0 A Imaculada Concei\u00e7\u00e3o, desde 1854 um artigo infal\u00edvel da f\u00e9, foi anteriormente objeto de muitos estudos e debates, imposs\u00edveis de serem descritos aqui.\u00a0 <em>O Ano Lit\u00fargico<\/em> entra em alguns detalhes sobre o desenvolvimento hist\u00f3rico do dogma, e Santo Afonso publicou um discurso sobre as provas teol\u00f3gicas da Imaculada Concei\u00e7\u00e3o, uma parte do qual pode ser <a href=\"https:\/\/societyofthemostholyredeemer.org\/pt\/st-alphonsus-discourse-on-the-feast-of-the-immaculate-conception\/\">leia aqui<\/a>.  A Festa da Imaculada Concei\u00e7\u00e3o, no calend\u00e1rio anterior a 1955, \u00e9 uma Dupla de Primeira Classe com Vig\u00edlia e uma Oitava Comum.  \u00c9 um Dia Santo de Obriga\u00e7\u00e3o na Igreja universal.  Aqui est\u00e1 o calend\u00e1rio apropriado <em>Coletar<\/em>:<\/p><p style=\"padding-left: 40px;\"><em>\u00a0 \u00a0 \u00a0\u00d3 Deus, que pela Imaculada Concei\u00e7\u00e3o da Virgem preparastes uma digna morada para o vosso divino Filho, concedei, n\u00f3s vos suplicamos, que, assim como pelos m\u00e9ritos previstos da morte deste vosso Filho a preservastes de toda mancha de pecado, tamb\u00e9m n\u00f3s possamos, por sua intercess\u00e3o, ser purificados de nossos pecados e unidos a v\u00f3s.  Pelo mesmo Jesus Cristo, que vive e reina, sem fim.  Am\u00e9m.<\/em><\/p><p>\u00a0 \u00a0 \u00a0A seguir, uma ora\u00e7\u00e3o atribu\u00edda ao Pe. Juniper Serra em homenagem \u00e0 Imaculada Concei\u00e7\u00e3o:<\/p><p style=\"padding-left: 40px;\"><em>\u00a0 \u00a0 \u00a0\u00d3 pur\u00edssima Rainha do c\u00e9u e da terra, obra perfeit\u00edssima da Sant\u00edssima Trindade, uma vez que desde toda a eternidade o Pai a escolheu para Sua filha, o Filho a escolheu para ser Sua M\u00e3e e o Esp\u00edrito Santo a escolheu como Sua esposa, n\u00e3o poderia haver a menor imperfei\u00e7\u00e3o, nem mesmo a menor sombra de pecado original em sua alma.  Como o primeiro fruto da reden\u00e7\u00e3o, sua alma era livre, bela e pura desde o momento inicial de sua concep\u00e7\u00e3o.  Receba, \u00f3 M\u00e3e, em virtude desse mist\u00e9rio singular, minha breve, mas orante, oferta ou, em outras palavras, a humilde express\u00e3o de sua humilde serva.  Eu gostaria de lhe oferecer todo o ouro das \u00cdndias e todas as riquezas do mundo inteiro.  Mas que tesouro maior poderia haver do que uma alma redimida pelo Sangue Precioso de seu Sant\u00edssimo Filho?  Escute esta ora\u00e7\u00e3o, proferida por algu\u00e9m de pouca virtude, pois junto com ela eu acrescento os afetos mais fervorosos que os mais talentosos entre seus servos lhe ofereceram.  Em troca, tudo o que quero \u00e9 que hoje, todos os dias de minha vida e no momento de minha morte, eu possa ter a gra\u00e7a de escolh\u00ea-la como m\u00e3e, advogada e padroeira.  Pe\u00e7o que me tome sob o manto de sua prote\u00e7\u00e3o e, depois de me olhar com seus olhos misericordiosos, me livre das mis\u00e9rias humanas, para que minha alma seja feliz com voc\u00ea no c\u00e9u.  Am\u00e9m.<\/em><\/p><p style=\"text-align: center;\">RAINHA CONCEBIDA SEM O PECADO ORIGINAL,<br \/>OREM POR N\u00d3S!<\/p><\/div>\n\t\t\t\t<\/div>\n\t\t\t\t\t\t\t<div class=\"elementor-accordion-item\">\n\t\t\t\t\t<div id=\"elementor-tab-title-2606\" class=\"elementor-tab-title\" data-tab=\"6\" role=\"button\" aria-controls=\"elementor-tab-content-2606\" aria-expanded=\"false\">\n\t\t\t\t\t\t\t\t\t\t\t\t\t<span class=\"elementor-accordion-icon elementor-accordion-icon-left\" aria-hidden=\"true\">\n\t\t\t\t\t\t\t\t\t\t\t\t\t\t\t<span class=\"elementor-accordion-icon-closed\"><i class=\"fas fa-plus\"><\/i><\/span>\n\t\t\t\t\t\t\t\t<span class=\"elementor-accordion-icon-opened\"><i class=\"fas fa-minus\"><\/i><\/span>\n\t\t\t\t\t\t\t\t\t\t\t\t\t\t<\/span>\n\t\t\t\t\t\t\t\t\t\t\t\t<a class=\"elementor-accordion-title\" tabindex=\"0\">27 DE MAIO - M\u00c3E DO PERP\u00c9TUO SOCORRO<\/a>\n\t\t\t\t\t<\/div>\n\t\t\t\t\t<div id=\"elementor-tab-content-2606\" class=\"elementor-tab-content elementor-clearfix\" data-tab=\"6\" role=\"region\" aria-labelledby=\"elementor-tab-title-2606\"><p style=\"text-align: center;\"><em>Mater de Perpetuo Succursu - M\u00e3e do Perp\u00e9tuo Socorro<\/em><\/p><p style=\"text-align: center;\">\"Ela parece dizer a todos os que sofrem: 'Confie em mim; eu sofri e sei como me solidarizar com voc\u00ea.  Eu sou a M\u00e3e do Perp\u00e9tuo Socorro'\". <br \/>(<em>Manual da Arquiconfraria de Nossa Senhora do Perp\u00e9tuo Socorro e Santo Afonso<\/em>)<\/p><p>\u00a0 \u00a0 \u00a0Apresentamos, hoje, algumas palavras sobre outra imagem milagrosa: a do \u00edcone de Santa Maria e do menino Jesus, que tem um t\u00edtulo dado pela pr\u00f3pria Nossa Senhora: <em>A Bem-Aventurada Virgem Maria do Perp\u00e9tuo Socorro<\/em>.  A interessante hist\u00f3ria do \u00edcone remonta aos anos 1400, quando foi trazido de Creta para Roma e, depois de passar por v\u00e1rias m\u00e3os, a Sant\u00edssima Virgem ordenou que a imagem fosse exibida para venera\u00e7\u00e3o p\u00fablica e at\u00e9 mesmo escolheu a igreja onde deveria ser guardada.  A igreja foi dedicada a S\u00e3o Mateus e era servida pelos padres agostinianos.  Durante as revolu\u00e7\u00f5es de 1798, a igreja foi destru\u00edda, mas a imagem havia sido removida e escondida pelos agostinianos.  Foi somente quando outra igreja foi constru\u00edda no mesmo local, dessa vez sob os cuidados dos Padres Redentoristas, que o Papa Pio IX confiou o \u00edcone sagrado aos seus cuidados em dezembro de 1865.  Em 26 de abril de 1866, os Redentoristas colocaram solenemente a imagem milagrosa sobre o altar-mor da Igreja de Santo Afonso, para venera\u00e7\u00e3o p\u00fablica a partir daquele dia.  Em junho de 1867, a imagem foi coroada publicamente, em reconhecimento ao fato de ser uma imagem milagrosa.<\/p><p>\u00a0 \u00a0 \u00a0Em 1876, o Papa Pio IX estabeleceu uma Festa Dupla de Segunda Classe para comemorar Nossa Senhora do Perp\u00e9tuo Socorro e os milagres realizados por meio do \u00edcone.  Sua festa \u00e9 tradicionalmente celebrada em 27 de junho, e os Redentoristas tiveram o privil\u00e9gio de acrescentar o t\u00edtulo de <em>Mater de Perpetuo Succursu\/M\u00e3e do Perp\u00e9tuo Socorro<\/em> para a Ladainha de Loreto.<\/p><p>\u00a0 \u00a0 \u00a0Adequado <em>Coletar<\/em> para a Festa de Nossa Senhora do Perp\u00e9tuo Socorro:<\/p><p style=\"padding-left: 40px;\">\u00a0 \u00a0 <em>\u00a0Deus onipotente e misericordioso, que nos destes uma imagem de Vossa M\u00e3e Sant\u00edssima para venerar sob o t\u00edtulo especial de Perp\u00e9tuo Socorro, concedei-nos misericordiosamente ser t\u00e3o fortalecidos, em meio a todas as vicissitudes da vida errante, pela prote\u00e7\u00e3o da mesma imaculada e sempre virgem Maria, que mere\u00e7amos alcan\u00e7ar as recompensas de Vossa eterna reden\u00e7\u00e3o, que vive e reina, sem fim.  Am\u00e9m.<\/em><\/p><p>\u00a0 \u00a0 \u00a0A seguir, uma ora\u00e7\u00e3o do <em>Manual da Confraria de Nossa Senhora do Perp\u00e9tuo Socorro e Santo Afonso<\/em> (1926):<\/p><p style=\"padding-left: 40px;\">\u00a0 \u00a0 \u00a0<em>\u00d3 Santa Virgem Maria, que, para nos inspirar uma confian\u00e7a sem limites, quisestes tomar o nome de M\u00e3e do Perp\u00e9tuo Socorro, eu vos suplico que venhais em meu aux\u00edlio sempre e em toda parte: nas minhas tenta\u00e7\u00f5es, depois das minhas quedas, nas minhas dificuldades, em todas as mis\u00e9rias da vida e, sobretudo, na hora da minha morte. Dai-me, M\u00e3e amorosa, o desejo, e mais ainda, o h\u00e1bito de recorrer sempre a V\u00f3s, pois estou certo de que, se Vos invocar com fidelidade, sereis fiel em vir em meu aux\u00edlio.  Obtenha-me, portanto, esta gra\u00e7a das gra\u00e7as, a gra\u00e7a de rezar a V\u00f3s sem cessar e com confian\u00e7a de crian\u00e7a, para que, em virtude dessa ora\u00e7\u00e3o fiel, eu possa garantir Vosso Perp\u00e9tuo Socorro e a perseveran\u00e7a final.  Aben\u00e7oe-me, \u00f3 M\u00e3e amorosa e sempre prestativa, e rogue por mim agora e na hora de minha morte.  Am\u00e9m.<\/em><\/p><p style=\"text-align: center;\">M\u00c3E DE AJUDA PERP\u00c9TUA,<br \/>OREM POR N\u00d3S!<\/p><\/div>\n\t\t\t\t<\/div>\n\t\t\t\t\t\t\t<div class=\"elementor-accordion-item\">\n\t\t\t\t\t<div id=\"elementor-tab-title-2607\" class=\"elementor-tab-title\" data-tab=\"7\" role=\"button\" aria-controls=\"elementor-tab-content-2607\" aria-expanded=\"false\">\n\t\t\t\t\t\t\t\t\t\t\t\t\t<span class=\"elementor-accordion-icon elementor-accordion-icon-left\" aria-hidden=\"true\">\n\t\t\t\t\t\t\t\t\t\t\t\t\t\t\t<span class=\"elementor-accordion-icon-closed\"><i class=\"fas fa-plus\"><\/i><\/span>\n\t\t\t\t\t\t\t\t<span class=\"elementor-accordion-icon-opened\"><i class=\"fas fa-minus\"><\/i><\/span>\n\t\t\t\t\t\t\t\t\t\t\t\t\t\t<\/span>\n\t\t\t\t\t\t\t\t\t\t\t\t<a class=\"elementor-accordion-title\" tabindex=\"0\">26 DE MAIO - M\u00c3E DO BOM CONSELHO<\/a>\n\t\t\t\t\t<\/div>\n\t\t\t\t\t<div id=\"elementor-tab-content-2607\" class=\"elementor-tab-content elementor-clearfix\" data-tab=\"7\" role=\"region\" aria-labelledby=\"elementor-tab-title-2607\"><p style=\"text-align: center;\"><em>Mater Boni Consilii - M\u00e3e do Bom Conselho<\/em><\/p><p style=\"text-align: center;\">\"Ela recebe a Verdade de seu santo Filho - a Palavra - e depois transmite esse conselho...\"<\/p><p>\u00a0 \u00a0 \u00a0A Festa de Nossa Senhora do Bom Conselho \u00e9 celebrada em 26 de abril, comemorando a chegada milagrosa de um afresco a uma igreja agostiniana em Gennazzano, It\u00e1lia, na Festa de S\u00e3o Marcos, em 25 de abril de 1467.  O afresco, que retrata a Virgem Maria com o Menino Jesus, foi colocado suspenso em frente a uma parede, mas n\u00e3o preso a ela.  A igreja tornou-se imediatamente um local de peregrina\u00e7\u00e3o, e muitos milagres s\u00e3o atribu\u00eddos \u00e0queles que rezam a Nossa Senhora sob esse t\u00edtulo diante da imagem aben\u00e7oada e at\u00e9 mesmo \u00e0 dist\u00e2ncia.<\/p><p>\u00a0 \u00a0 \u00a0Adequado <em>Coletar<\/em> para a Festa de Nossa Senhora do Bom Conselho:<\/p><p style=\"padding-left: 40px;\">\u00a0 \u00a0 \u00a0<em>\u00d3 Deus, que deste a M\u00e3e de Teu amado Filho para ser tamb\u00e9m nossa m\u00e3e, e tornaste famosa esta sua bela imagem, fazendo-a aparecer milagrosamente em nosso meio: concede-nos, n\u00f3s te pedimos, nunca nos afastarmos de seus conselhos e, por esse meio, ordenando nossas vidas segundo o Teu pr\u00f3prio cora\u00e7\u00e3o, um dia alcan\u00e7armos felizmente nossa p\u00e1tria celestial<\/em>.<\/p><p>\u00a0 \u00a0 \u00a0Muitos papas e santos eram devotos de Nossa Senhora do Bom Conselho e, em 1903, o Papa Le\u00e3o XIII acrescentou o t\u00edtulo <em>Mater Boni Consilii<\/em> para a Ladainha de Loreto.  Santo Afonso de Lig\u00f3rio tinha um amor especial pela Sant\u00edssima Virgem nessa imagem milagrosa, conforme descrito por Mons. George Dillon em seu livro <em>Nossa Senhora do Bom Conselho<\/em>:<\/p><p>\u00a0\u00a0\u00a0\u00a0 \"Entre os religiosos que foram animados por uma devo\u00e7\u00e3o especial \u00e0 Virgem M\u00e3e do Bom Conselho, Santo Afonso de Lig\u00f3rio ocupa o lugar principal.  Seu amor por ela era t\u00e3o terno quanto duradouro.  Nenhum retrato de outro santo \u00e9 t\u00e3o conhecido quanto o de Santo Afonso, e \u00e9 bom lembrar que ele \u00e9 frequentemente representado com uma c\u00f3pia da imagem milagrosa de Nossa Senhora do Bom Conselho perto dele.  Quando ele estava prestes a morrer, as filhas de S\u00e3o Francisco de Sales, de quem ele havia sido diretor por muito tempo, pediram-lhe que lhes desse alguma lembran\u00e7a dele.  Ent\u00e3o o Santo, pegando seu querido quadro, sua posse mais querida e valiosa, enviou-o a elas com a pat\u00e9tica mensagem: \"Deixo-lhes meu cora\u00e7\u00e3o\".  A mesma devo\u00e7\u00e3o comovente a Nossa Senhora do Bom Conselho \u00e9 demonstrada pelos Padres da Ordem Redentorista fundada por Santo Afonso.\"<\/p><p>O texto a seguir \u00e9 uma ora\u00e7\u00e3o escrita por S\u00e3o Francisco de Sales:<\/p><p style=\"padding-left: 40px;\">\u00a0 \u00a0 \u00a0<em>Maria, Virgem Imaculada e minha M\u00e3e, que sois a M\u00e3e do Bom Conselho e M\u00e3e onipotente, tomai-me sob vossa orienta\u00e7\u00e3o, porque, ignorante e cego como sou, mal consigo discernir o que \u00e9 verdadeiramente bom do que \u00e9 mau, por causa das sedu\u00e7\u00f5es do dem\u00f4nio, das minhas pr\u00f3prias paix\u00f5es e das falsas m\u00e1ximas do mundo, que me arrastam dos caminhos da gra\u00e7a para as sendas da perdi\u00e7\u00e3o.  A menos que o senhor me oriente com a luz de sua sabedoria celestial, certamente n\u00e3o conseguirei escapar da desgra\u00e7a eterna.  V\u00f3s, que tivestes o privil\u00e9gio de ser na terra o conselheiro dos Ap\u00f3stolos no estabelecimento da Igreja, ajudai-me tamb\u00e9m com vossos s\u00e1bios conselhos at\u00e9 o fim, para que eu possa cumprir fielmente todos os deveres que devo a meu Deus e a meu pr\u00f3ximo.  Prometo firmemente seguir sempre seus conselhos e, em minhas d\u00favidas, recorrer a voc\u00ea com confian\u00e7a.  Prometo tamb\u00e9m nutrir por v\u00f3s uma terna devo\u00e7\u00e3o, como M\u00e3e do Bom Conselho, para que, guiado por vossa assist\u00eancia, espero que, ap\u00f3s a gra\u00e7a de uma boa vida e de uma morte feliz, me seja permitido participar da incompar\u00e1vel gl\u00f3ria com que Deus vos coroou, louvando-vos, bendizendo-vos e dando-vos gra\u00e7as por toda a eternidade.  Am\u00e9m.<\/em><\/p><p>E essa ora\u00e7\u00e3o \u00e9 do Papa Pio XII:<\/p><p style=\"padding-left: 40px;\">\u00a0 \u00a0 <em>\u00a0\u00d3 Virgem Santa, a cujos p\u00e9s somos conduzidos por nossa ansiosa incerteza em nossa busca e conquista do que \u00e9 verdadeiro e bom, invocando-a com o doce t\u00edtulo de M\u00e3e do Bom Conselho, n\u00f3s lhe suplicamos que venha em nosso aux\u00edlio quando, ao longo do caminho desta vida, as trevas do erro e do mal conspirarem para nossa ru\u00edna, desviando nossas mentes e nossos cora\u00e7\u00f5es.<\/em><br \/><em>\u00a0 \u00a0 \u00a0\u00d3 Sede da Sabedoria e Estrela do Mar, iluminai os duvidosos e os errantes, para que n\u00e3o sejam seduzidos pelas falsas apar\u00eancias do bem; tornai-os firmes diante das influ\u00eancias hostis e corruptoras da paix\u00e3o e do pecado.<\/em><br \/><em>\u00a0 \u00a0 \u00a0\u00d3 M\u00e3e do Bom Conselho, obtende-nos de vosso Divino Filho um grande amor \u00e0 virtude e, na hora da incerteza e da prova\u00e7\u00e3o, a for\u00e7a para abra\u00e7ar o caminho que conduz \u00e0 nossa salva\u00e7\u00e3o.  Se a vossa m\u00e3o nos sustentar, caminharemos ilesos pela senda que nos foi indicada pela vida e pelas palavras de Jesus, nosso Redentor; e tendo seguido livre e seguramente, mesmo em meio \u00e0s lutas deste mundo, o Sol da Verdade e da Justi\u00e7a sob a vossa estrela materna, chegaremos ao gozo da paz plena e eterna convosco no ref\u00fagio da salva\u00e7\u00e3o.  Am\u00e9m.<\/em><\/p><p style=\"text-align: center;\">M\u00c3E DE BONS CONSELHOS,<br \/>OREM POR N\u00d3S!<\/p><\/div>\n\t\t\t\t<\/div>\n\t\t\t\t\t\t\t\t<\/div>\n\t\t\t\t\t\t<\/div>\n\t\t\t\t<\/div>\n\t\t\t\t\t<\/div>\n\t\t\t\t<\/div>\n\t\t\t\t<\/div>","protected":false},"excerpt":{"rendered":"<p>\u00a0 \u00a0 \u00a0Conclu\u00edmos nossa s\u00e9rie de ora\u00e7\u00f5es e medita\u00e7\u00f5es em homenagem \u00e0 Sant\u00edssima Virgem Maria sob seus v\u00e1rios t\u00edtulos durante esta \u00faltima semana do m\u00eas de maio. 26 a 31 de maio 31 de maio - RAINHA DOS AP\u00d3STOLOS Regina Apostolorum ... <a class=\"continue_reading\" href=\"https:\/\/societyofthemostholyredeemer.org\/pt\/2025\/05\/26\/devotion-to-the-blessed-virgin-mary-completion\/\">Continuar lendo <span class=\"meta-nav\"><i class=\"fa fa-caret-right\" aria-hidden=\"true\"><\/i><\/span><\/a><\/p>","protected":false},"author":3,"featured_media":9029,"comment_status":"open","ping_status":"open","sticky":false,"template":"","format":"standard","meta":{"_acf_changed":false,"footnotes":""},"categories":[25],"tags":[],"class_list":["post-9028","post","type-post","status-publish","format-standard","has-post-thumbnail","hentry","category-liturgical-calendar"],"acf":[],"_links":{"self":[{"href":"https:\/\/societyofthemostholyredeemer.org\/pt\/wp-json\/wp\/v2\/posts\/9028","targetHints":{"allow":["GET"]}}],"collection":[{"href":"https:\/\/societyofthemostholyredeemer.org\/pt\/wp-json\/wp\/v2\/posts"}],"about":[{"href":"https:\/\/societyofthemostholyredeemer.org\/pt\/wp-json\/wp\/v2\/types\/post"}],"author":[{"embeddable":true,"href":"https:\/\/societyofthemostholyredeemer.org\/pt\/wp-json\/wp\/v2\/users\/3"}],"replies":[{"embeddable":true,"href":"https:\/\/societyofthemostholyredeemer.org\/pt\/wp-json\/wp\/v2\/comments?post=9028"}],"version-history":[{"count":35,"href":"https:\/\/societyofthemostholyredeemer.org\/pt\/wp-json\/wp\/v2\/posts\/9028\/revisions"}],"predecessor-version":[{"id":9143,"href":"https:\/\/societyofthemostholyredeemer.org\/pt\/wp-json\/wp\/v2\/posts\/9028\/revisions\/9143"}],"wp:featuredmedia":[{"embeddable":true,"href":"https:\/\/societyofthemostholyredeemer.org\/pt\/wp-json\/wp\/v2\/media\/9029"}],"wp:attachment":[{"href":"https:\/\/societyofthemostholyredeemer.org\/pt\/wp-json\/wp\/v2\/media?parent=9028"}],"wp:term":[{"taxonomy":"category","embeddable":true,"href":"https:\/\/societyofthemostholyredeemer.org\/pt\/wp-json\/wp\/v2\/categories?post=9028"},{"taxonomy":"post_tag","embeddable":true,"href":"https:\/\/societyofthemostholyredeemer.org\/pt\/wp-json\/wp\/v2\/tags?post=9028"}],"curies":[{"name":"wp","href":"https:\/\/api.w.org\/{rel}","templated":true}]}}